{"id":5464,"date":"2025-10-06T13:29:59","date_gmt":"2025-10-06T17:29:59","guid":{"rendered":"https:\/\/jornalregionalms.com.br\/?p=5464"},"modified":"2025-10-06T13:29:59","modified_gmt":"2025-10-06T17:29:59","slug":"petrobras-faz-importacao-inedita-de-gas-de-vaca-muerta-na-argentina","status":"publish","type":"post","link":"https:\/\/jornalregionalms.com.br\/?p=5464","title":{"rendered":"Petrobras faz importa\u00e7\u00e3o in\u00e9dita de g\u00e1s de Vaca Muerta, na Argentina"},"content":{"rendered":"<\/p>\n<p><a class=\"\" href=\"https:\/\/agenciabrasil.ebc.com.br\/economia\/noticia\/2025-10\/petrobras-faz-importacao-inedita-de-gas-de-vaca-muerta-na-argentina\"><br \/>\n                    <img decoding=\"async\" src=\"https:\/\/cdn.jsdelivr.net\/gh\/sergiosdlima\/assets-ebc@1.0.0\/abr\/assets\/images\/logo-agenciabrasil.svg\" alt=\"Logo Ag\u00eancia Brasil\"><br \/>\n\t\t\t\t<\/a><\/p>\n<p><strong>Pela primeira vez, a Petrobras\u00a0importou g\u00e1s natural do reservat\u00f3rio explorado pela companhia em Vaca Muerta, na Bacia de Neuqu\u00e9n, no norte da Patag\u00f4nia, na Argentina.<\/strong> O combust\u00edvel foi transportado via gasodutos da Argentina at\u00e9 a Bol\u00edvia, de onde a estatal j\u00e1 importa g\u00e1s, e de l\u00e1, trazido para o Brasil.<img decoding=\"async\" src=\"https:\/\/agenciabrasil.ebc.com.br\/ebc.png?id=1661523&#038;o=rss\"><img decoding=\"async\" src=\"https:\/\/agenciabrasil.ebc.com.br\/ebc.gif?id=1661523&#038;o=rss\"><\/p>\n<p>A opera\u00e7\u00e3o foi conclu\u00edda na \u00faltima sexta-feira (3) e divulgada pela estatal nesta segunda-feira (6). O volume, considerado pela <a href=\"https:\/\/agenciabrasil.ebc.com.br\/tags\/petrobras\" target=\"_blank\">Petrobras<\/a>\u00a0como um teste comercial e operacional,\u00a0alcan\u00e7ou 100 mil metros c\u00fabicos. Essa quantidade equivale a menos de 5% da produ\u00e7\u00e3o do volume disponibilizado ao mercado nacional pela estatal..<\/p>\n<p>A importa\u00e7\u00e3o faz parte de um acordo da subsidi\u00e1ria da Petrobras na Argentina &#8211; Petrobras Operaciones S.A (Posa) e a Gas Bridge Comercializadora, comercializadora de g\u00e1s natural da Pluspetrol, multinacional de origem argentina.<\/p>\n<\/p>\n<h3>Not\u00edcias relacionadas:<\/h3>\n<ul>\n<li><a href=\"https:\/\/agenciabrasil.ebc.com.br\/cultura\/noticia\/2025-10\/petrobras-vai-apoiar-setor-audiovisual-com-r-100-milhoes-ate-2027\">Petrobras vai apoiar setor audiovisual com R$ 100 milh\u00f5es at\u00e9 2027.<\/a><\/li>\n<li><a href=\"https:\/\/agenciabrasil.ebc.com.br\/economia\/noticia\/2025-10\/mercado-financeiro-reduz-previsao-de-inflacao-para-48\">Mercado financeiro reduz previs\u00e3o de infla\u00e7\u00e3o para 4,8%.<\/a><\/li>\n<li><a href=\"https:\/\/agenciabrasil.ebc.com.br\/economia\/noticia\/2025-10\/banco-central-passa-bloquear-chaves-pix-usadas-em-golpes-e-fraudes\">Banco Central passa a bloquear chaves Pix usadas em golpes e fraudes.<\/a><\/li>\n<\/ul>\n<p>A Petrobras Operaciones det\u00e9m 33,6% de participa\u00e7\u00e3o n\u00e3o-operada no campo de Rio Neuqu\u00e9n, localizado nas prov\u00edncias de Rio Neuqu\u00e9n e Rio Negro.<\/p>\n<p><a href=\"https:\/\/www.whatsapp.com\/channel\/0029VaoRTgrInlqYLSk59B2M\" target=\"_blank\">>> Siga o canal da <strong>Ag\u00eancia Brasil <\/strong>no WhatsApp<\/a><\/p>\n<h2>Marco relevante<\/h2>\n<p><strong>A estatal informou que, por contrato, pode importar at\u00e9 2 milh\u00f5es de metros c\u00fabicos de g\u00e1s natural, na modalidade interrupt\u00edvel.<\/strong> \u201cNovas opera\u00e7\u00f5es de importa\u00e7\u00e3o ocorrer\u00e3o conforme as empresas identifiquem oportunidades comerciais\u201d, acrescenta a empresa brasileira.<\/p>\n<p>Em comunicado \u00e0 imprensa, a diretora de Transi\u00e7\u00e3o Energ\u00e9tica e Sustentabilidade da Petrobras, Ang\u00e9lica Laureano, classificou a opera\u00e7\u00e3o como \u201cmarco relevante\u201d, por causa da integra\u00e7\u00e3o das infraestruturas da Petrobras na Argentina com a do Brasil.<\/p>\n<blockquote>\n<p>\u201cEssa solu\u00e7\u00e3o log\u00edstica e comercial abre uma nova possibilidade para importa\u00e7\u00e3o de g\u00e1s natural pelo Brasil, refletindo o compromisso da Petrobras com o aumento da oferta e com o desenvolvimento sustent\u00e1vel do mercado de g\u00e1s natural\u201d.<\/p>\n<\/blockquote>\n<h2>Aumento de oferta<\/h2>\n<p><strong>A opera\u00e7\u00e3o teste \u00e9 mais uma frente para aumentar a oferta de g\u00e1s natural no Brasil e endere\u00e7ar uma queixa do setor industrial, que reclama do pre\u00e7o alto.<\/strong><\/p>\n<p><strong>Segundo um estudo divulgado em abril pela Confedera\u00e7\u00e3o Nacional da Ind\u00fastria (CNI), o combust\u00edvel que chega \u00e0 ind\u00fastria \u00e9 <a href=\"https:\/\/agenciabrasil.ebc.com.br\/economia\/noticia\/2025-04\/gas-natural-para-industria-e-um-dos-mais-caros-do-mundo-diz-cni\" target=\"_blank\">dez vezes o pre\u00e7o do americano<\/a> e o dobro do europeu.<\/strong><\/p>\n<p>A presidente da companhia, Magda Chambriard, j\u00e1 manifestou o esfor\u00e7o da estatal para <a href=\"https:\/\/agenciabrasil.ebc.com.br\/economia\/noticia\/2025-07\/petrobras-vai-escoar-mais-gas-do-pre-sal-para-baixar-preco-industria\" target=\"_blank\">escoar mais g\u00e1s do pr\u00e9-sal brasileiro<\/a> e baixar o custo \u00e0 ind\u00fastria consumidora.<\/p>\n<h2>Hub no pr\u00e9-sal<\/h2>\n<p><strong>Na sexta-feira, a estatal deu in\u00edcio \u00e0 contrata\u00e7\u00e3o da empresa que construir\u00e1 a plataforma P-91, que ser\u00e1 a 12\u00aa destinada ao campo de B\u00fazios, no pr\u00e9-sal da Bacia de Santos.<\/strong><\/p>\n<p>O <a href=\"https:\/\/agenciabrasil.ebc.com.br\/economia\/noticia\/2025-07\/petrobras-anuncia-investimentos-de-r-33-bilhoes-no-rio-de-janeiro\" target=\"_blank\">investimento espera consolidar B\u00fazios como maior campo produtor da Petrobras<\/a> (por enquanto \u00e9 o campo de Tupi, tamb\u00e9m na Bacia de Santos) e ampliar a relev\u00e2ncia para o suprimento de g\u00e1s natural no pa\u00eds.<\/p>\n<p>A P-91, al\u00e9m de produzir g\u00e1s, atuar\u00e1 como um hub (ponto de concentra\u00e7\u00e3o), isto \u00e9, ter\u00e1 capacidade para receber e escoar g\u00e1s produzido em outras plataformas do campo que n\u00e3o foram originalmente desenhadas para exporta\u00e7\u00e3o do combust\u00edvel.<br \/>\nO g\u00e1s escoado ser\u00e1 direcionado ao Complexo de Energias Boaventura (antigo Comperj), em Itabora\u00ed, regi\u00e3o metropolitana do Rio de Janeiro, por meio do gasoduto Rota 3.<\/p>\n","protected":false},"excerpt":{"rendered":"<p>Pela primeira vez, a Petrobras\u00a0importou g\u00e1s natural do reservat\u00f3rio explorado pela companhia em Vaca Muerta, na Bacia de Neuqu\u00e9n, no norte da Patag\u00f4nia, na Argentina. O combust\u00edvel foi transportado via gasodutos da Argentina at\u00e9 a Bol\u00edvia, de onde a estatal j\u00e1 importa g\u00e1s, e de l\u00e1, trazido para o Brasil. A opera\u00e7\u00e3o foi conclu\u00edda na [&hellip;]<\/p>\n","protected":false},"author":25,"featured_media":5465,"comment_status":"open","ping_status":"open","sticky":false,"template":"","format":"standard","meta":{"site-sidebar-layout":"default","site-content-layout":"","ast-site-content-layout":"","site-content-style":"default","site-sidebar-style":"default","ast-global-header-display":"","ast-banner-title-visibility":"","ast-main-header-display":"","ast-hfb-above-header-display":"","ast-hfb-below-header-display":"","ast-hfb-mobile-header-display":"","site-post-title":"","ast-breadcrumbs-content":"","ast-featured-img":"","footer-sml-layout":"","theme-transparent-header-meta":"","adv-header-id-meta":"","stick-header-meta":"","header-above-stick-meta":"","header-main-stick-meta":"","header-below-stick-meta":"","astra-migrate-meta-layouts":"default","ast-page-background-enabled":"default","ast-page-background-meta":{"desktop":{"background-color":"var(--ast-global-color-4)","background-image":"","background-repeat":"repeat","background-position":"center center","background-size":"auto","background-attachment":"scroll","background-type":"","background-media":"","overlay-type":"","overlay-color":"","overlay-opacity":"","overlay-gradient":""},"tablet":{"background-color":"","background-image":"","background-repeat":"repeat","background-position":"center center","background-size":"auto","background-attachment":"scroll","background-type":"","background-media":"","overlay-type":"","overlay-color":"","overlay-opacity":"","overlay-gradient":""},"mobile":{"background-color":"","background-image":"","background-repeat":"repeat","background-position":"center center","background-size":"auto","background-attachment":"scroll","background-type":"","background-media":"","overlay-type":"","overlay-color":"","overlay-opacity":"","overlay-gradient":""}},"ast-content-background-meta":{"desktop":{"background-color":"var(--ast-global-color-5)","background-image":"","background-repeat":"repeat","background-position":"center center","background-size":"auto","background-attachment":"scroll","background-type":"","background-media":"","overlay-type":"","overlay-color":"","overlay-opacity":"","overlay-gradient":""},"tablet":{"background-color":"var(--ast-global-color-5)","background-image":"","background-repeat":"repeat","background-position":"center center","background-size":"auto","background-attachment":"scroll","background-type":"","background-media":"","overlay-type":"","overlay-color":"","overlay-opacity":"","overlay-gradient":""},"mobile":{"background-color":"var(--ast-global-color-5)","background-image":"","background-repeat":"repeat","background-position":"center center","background-size":"auto","background-attachment":"scroll","background-type":"","background-media":"","overlay-type":"","overlay-color":"","overlay-opacity":"","overlay-gradient":""}},"footnotes":""},"categories":[126],"tags":[],"class_list":["post-5464","post","type-post","status-publish","format-standard","has-post-thumbnail","hentry","category-policial"],"_links":{"self":[{"href":"https:\/\/jornalregionalms.com.br\/index.php?rest_route=\/wp\/v2\/posts\/5464","targetHints":{"allow":["GET"]}}],"collection":[{"href":"https:\/\/jornalregionalms.com.br\/index.php?rest_route=\/wp\/v2\/posts"}],"about":[{"href":"https:\/\/jornalregionalms.com.br\/index.php?rest_route=\/wp\/v2\/types\/post"}],"author":[{"embeddable":true,"href":"https:\/\/jornalregionalms.com.br\/index.php?rest_route=\/wp\/v2\/users\/25"}],"replies":[{"embeddable":true,"href":"https:\/\/jornalregionalms.com.br\/index.php?rest_route=%2Fwp%2Fv2%2Fcomments&post=5464"}],"version-history":[{"count":0,"href":"https:\/\/jornalregionalms.com.br\/index.php?rest_route=\/wp\/v2\/posts\/5464\/revisions"}],"wp:featuredmedia":[{"embeddable":true,"href":"https:\/\/jornalregionalms.com.br\/index.php?rest_route=\/wp\/v2\/media\/5465"}],"wp:attachment":[{"href":"https:\/\/jornalregionalms.com.br\/index.php?rest_route=%2Fwp%2Fv2%2Fmedia&parent=5464"}],"wp:term":[{"taxonomy":"category","embeddable":true,"href":"https:\/\/jornalregionalms.com.br\/index.php?rest_route=%2Fwp%2Fv2%2Fcategories&post=5464"},{"taxonomy":"post_tag","embeddable":true,"href":"https:\/\/jornalregionalms.com.br\/index.php?rest_route=%2Fwp%2Fv2%2Ftags&post=5464"}],"curies":[{"name":"wp","href":"https:\/\/api.w.org\/{rel}","templated":true}]}}