{"id":5462,"date":"2025-10-06T13:29:58","date_gmt":"2025-10-06T17:29:58","guid":{"rendered":"https:\/\/jornalregionalms.com.br\/?p=5462"},"modified":"2025-10-06T13:29:58","modified_gmt":"2025-10-06T17:29:58","slug":"brasilia-recebe-festival-internacional-curicaca-a-partir-desta-terca","status":"publish","type":"post","link":"https:\/\/jornalregionalms.com.br\/?p=5462","title":{"rendered":"Bras\u00edlia recebe festival internacional Curicaca a partir desta ter\u00e7a"},"content":{"rendered":"<p>A partir desta ter\u00e7a-feira (7), a capital federal ser\u00e1 palco do Festival Curicaca, festival internacional sobre tecnologia e sustentabilidade na ind\u00fastria. O evento conta com diversas atra\u00e7\u00f5es, como o escritor Itamar Vieira J\u00fanior, a banda Olodum, e nomes de refer\u00eancia em diferentes \u00e1reas de atua\u00e7\u00e3o, como a especialista em finan\u00e7as Nat\u00e1lia Arcuri, respons\u00e1vel pelo canal Me Poupe.<img decoding=\"async\" src=\"https:\/\/agenciabrasil.ebc.com.br\/ebc.png?id=1661489&#038;o=rss\"><img decoding=\"async\" src=\"https:\/\/agenciabrasil.ebc.com.br\/ebc.gif?id=1661489&#038;o=rss\"><\/p>\n<p>O festival \u00e9 idealizado pela Ag\u00eancia Brasileira de Desenvolvimento Industrial, que \u00e9 vinculada ao Minist\u00e9rio do Desenvolvimento, Ind\u00fastria, Com\u00e9rcio e Servi\u00e7os, em conjunto com diversos parceiros do setor produtivo brasileiro. O evento tem patroc\u00ednio da Petrobras e do Minist\u00e9rio da Cultura.<\/p>\n<p>Ricardo Capelli, presidente da Ag\u00eancia Brasileira de Desenvolvimento Industrial, explica como surgiu a ideia do evento:<\/p>\n<p><em>&#8220;A ideia surgiu porque a gente vive um momento de retomada da ind\u00fastria brasileira com a Nova Ind\u00fastria Brasil, e a gente sentiu a necessidade de fazer um festival pra celebrar esse novo momento da ind\u00fastria brasileira. E tamb\u00e9m pra aproximar a ind\u00fastria das universidades, dos institutos federais, da educa\u00e7\u00e3o, do debate sobre o futuro do Brasil&#8221;.<\/em><\/p>\n<p>A expectativa de p\u00fablico para esta primeira edi\u00e7\u00e3o do festival supera as 100 mil pessoas, segundo Capelli:<\/p>\n<p><em>&#8220;A nossa expectativa \u00e9 de receber mais de 100 mil pessoas, de idades variadas, e a gente tem shows tamb\u00e9m pra idades variadas. Tem desde Jorge Arag\u00e3o at\u00e9 o MC Ariel. Ent\u00e3o \u00e9 pra toda a fam\u00edlia, pra todo mundo vir participar. \u00c9 gratuito&#8221;.<\/em><\/p>\n<p>O nome do festival homenageia uma ave t\u00edpica do Cerrado, conhecida por anunciar mudan\u00e7as no tempo quando canta, segundo a cren\u00e7a popular.<\/p>\n<p>A ideia \u00e9 simbolizar uma nova era da ind\u00fastria nacional: mais verde, digital, conectada e sustent\u00e1vel.<\/p>\n<p>O evento vai contar tamb\u00e9m com uma imers\u00e3o gastron\u00f4mica na culin\u00e1ria do Cerrado, batizada de Tour Gastron\u00f4mico Festival Curicaca. Cinquenta estabelecimentos da capital federal v\u00e3o oferecer pratos que utilizam ingredientes e sabores desse bioma, entre os dias 3 e 23 de outubro.<\/p>\n<p>O Festival Curicaca acontece at\u00e9 o dia 11 de outubro, no est\u00e1dio Arena BRB e em outros pontos de Bras\u00edlia.<\/p>\n<p>Os ingressos s\u00e3o gratuitos e est\u00e3o dispon\u00edveis no aplicativo Festival Curicaca ou pelo site<a href=\"http:\/\/abdi.com.br\/curicaca\"> abdi.com.br\/curicaca<\/a>.<br \/>\n.<\/p>\n<p>  <span class=\"hms hms-format-m-ss\">2:22<\/span><\/p>\n","protected":false},"excerpt":{"rendered":"<p>A partir desta ter\u00e7a-feira (7), a capital federal ser\u00e1 palco do Festival Curicaca, festival internacional sobre tecnologia e sustentabilidade na ind\u00fastria. O evento conta com diversas atra\u00e7\u00f5es, como o escritor Itamar Vieira J\u00fanior, a banda Olodum, e nomes de refer\u00eancia em diferentes \u00e1reas de atua\u00e7\u00e3o, como a especialista em finan\u00e7as Nat\u00e1lia Arcuri, respons\u00e1vel pelo canal [&hellip;]<\/p>\n","protected":false},"author":24,"featured_media":5463,"comment_status":"open","ping_status":"open","sticky":false,"template":"","format":"standard","meta":{"site-sidebar-layout":"default","site-content-layout":"","ast-site-content-layout":"","site-content-style":"default","site-sidebar-style":"default","ast-global-header-display":"","ast-banner-title-visibility":"","ast-main-header-display":"","ast-hfb-above-header-display":"","ast-hfb-below-header-display":"","ast-hfb-mobile-header-display":"","site-post-title":"","ast-breadcrumbs-content":"","ast-featured-img":"","footer-sml-layout":"","theme-transparent-header-meta":"","adv-header-id-meta":"","stick-header-meta":"","header-above-stick-meta":"","header-main-stick-meta":"","header-below-stick-meta":"","astra-migrate-meta-layouts":"default","ast-page-background-enabled":"default","ast-page-background-meta":{"desktop":{"background-color":"var(--ast-global-color-4)","background-image":"","background-repeat":"repeat","background-position":"center center","background-size":"auto","background-attachment":"scroll","background-type":"","background-media":"","overlay-type":"","overlay-color":"","overlay-opacity":"","overlay-gradient":""},"tablet":{"background-color":"","background-image":"","background-repeat":"repeat","background-position":"center center","background-size":"auto","background-attachment":"scroll","background-type":"","background-media":"","overlay-type":"","overlay-color":"","overlay-opacity":"","overlay-gradient":""},"mobile":{"background-color":"","background-image":"","background-repeat":"repeat","background-position":"center center","background-size":"auto","background-attachment":"scroll","background-type":"","background-media":"","overlay-type":"","overlay-color":"","overlay-opacity":"","overlay-gradient":""}},"ast-content-background-meta":{"desktop":{"background-color":"var(--ast-global-color-5)","background-image":"","background-repeat":"repeat","background-position":"center center","background-size":"auto","background-attachment":"scroll","background-type":"","background-media":"","overlay-type":"","overlay-color":"","overlay-opacity":"","overlay-gradient":""},"tablet":{"background-color":"var(--ast-global-color-5)","background-image":"","background-repeat":"repeat","background-position":"center center","background-size":"auto","background-attachment":"scroll","background-type":"","background-media":"","overlay-type":"","overlay-color":"","overlay-opacity":"","overlay-gradient":""},"mobile":{"background-color":"var(--ast-global-color-5)","background-image":"","background-repeat":"repeat","background-position":"center center","background-size":"auto","background-attachment":"scroll","background-type":"","background-media":"","overlay-type":"","overlay-color":"","overlay-opacity":"","overlay-gradient":""}},"footnotes":""},"categories":[1],"tags":[],"class_list":["post-5462","post","type-post","status-publish","format-standard","has-post-thumbnail","hentry","category-sem-categoria"],"_links":{"self":[{"href":"https:\/\/jornalregionalms.com.br\/index.php?rest_route=\/wp\/v2\/posts\/5462","targetHints":{"allow":["GET"]}}],"collection":[{"href":"https:\/\/jornalregionalms.com.br\/index.php?rest_route=\/wp\/v2\/posts"}],"about":[{"href":"https:\/\/jornalregionalms.com.br\/index.php?rest_route=\/wp\/v2\/types\/post"}],"author":[{"embeddable":true,"href":"https:\/\/jornalregionalms.com.br\/index.php?rest_route=\/wp\/v2\/users\/24"}],"replies":[{"embeddable":true,"href":"https:\/\/jornalregionalms.com.br\/index.php?rest_route=%2Fwp%2Fv2%2Fcomments&post=5462"}],"version-history":[{"count":0,"href":"https:\/\/jornalregionalms.com.br\/index.php?rest_route=\/wp\/v2\/posts\/5462\/revisions"}],"wp:featuredmedia":[{"embeddable":true,"href":"https:\/\/jornalregionalms.com.br\/index.php?rest_route=\/wp\/v2\/media\/5463"}],"wp:attachment":[{"href":"https:\/\/jornalregionalms.com.br\/index.php?rest_route=%2Fwp%2Fv2%2Fmedia&parent=5462"}],"wp:term":[{"taxonomy":"category","embeddable":true,"href":"https:\/\/jornalregionalms.com.br\/index.php?rest_route=%2Fwp%2Fv2%2Fcategories&post=5462"},{"taxonomy":"post_tag","embeddable":true,"href":"https:\/\/jornalregionalms.com.br\/index.php?rest_route=%2Fwp%2Fv2%2Ftags&post=5462"}],"curies":[{"name":"wp","href":"https:\/\/api.w.org\/{rel}","templated":true}]}}