{"id":5426,"date":"2025-10-05T00:31:37","date_gmt":"2025-10-05T04:31:37","guid":{"rendered":"https:\/\/jornalregionalms.com.br\/?p=5426"},"modified":"2025-10-05T00:31:37","modified_gmt":"2025-10-05T04:31:37","slug":"ebc-celebra-mes-das-criancas-com-programacao-especial","status":"publish","type":"post","link":"https:\/\/jornalregionalms.com.br\/?p=5426","title":{"rendered":"EBC celebra M\u00eas das Crian\u00e7as com programa\u00e7\u00e3o especial"},"content":{"rendered":"<\/p>\n<p><a class=\"\" href=\"https:\/\/agenciabrasil.ebc.com.br\/geral\/noticia\/2025-10\/ebc-celebra-mes-das-criancas-com-programacao-especial\"><br \/>\n                    <img decoding=\"async\" src=\"https:\/\/cdn.jsdelivr.net\/gh\/sergiosdlima\/assets-ebc@1.0.0\/abr\/assets\/images\/logo-agenciabrasil.svg\" alt=\"Logo Ag\u00eancia Brasil\"><br \/>\n\t\t\t\t<\/a><\/p>\n<p>A\u00a0<strong>Empresa Brasil de Comunica\u00e7\u00e3o (EBC)<\/strong>\u00a0prepara uma s\u00e9rie de conte\u00fados especiais e estreias para celebrar o M\u00eas das Crian\u00e7as, comemorado em outubro. A iniciativa envolve os ve\u00edculos da empresa, <strong>com atra\u00e7\u00f5es que valorizam a cultura, a educa\u00e7\u00e3o, a m\u00fasica e o entretenimento voltados ao p\u00fablico infantil e \u00e0s fam\u00edlias<\/strong>.<img decoding=\"async\" src=\"https:\/\/agenciabrasil.ebc.com.br\/ebc.png?id=1661280&#038;o=rss\"><img decoding=\"async\" src=\"https:\/\/agenciabrasil.ebc.com.br\/ebc.gif?id=1661280&#038;o=rss\"><\/p>\n<p>\u201cAs pessoas v\u00e3o poder encontrar uma programa\u00e7\u00e3o selecionada com todo o carinho. Cuidamos de cada detalhe para que as crian\u00e7as e suas fam\u00edlias tenham momentos de divers\u00e3o, aprendizado e afeto em nossa programa\u00e7\u00e3o. Esse \u00e9 um presente da<strong> EBC<\/strong> para o M\u00eas das Crian\u00e7as\u201d, afirma o diretor-presidente da\u00a0EBC, Andre Basbaum.<\/p>\n<h2>TV Brasil Animada<\/h2>\n<\/p>\n<h3>Not\u00edcias relacionadas:<\/h3>\n<ul>\n<li><a href=\"https:\/\/agenciabrasil.ebc.com.br\/geral\/noticia\/2025-10\/ebc-apresenta-estrutura-de-cobertura-e-transmissao-da-cop30\">EBC apresenta estrutura de cobertura e transmiss\u00e3o da COP30.<\/a><\/li>\n<li><a href=\"https:\/\/agenciabrasil.ebc.com.br\/geral\/noticia\/2025-09\/conheca-podcasts-feitos-por-veiculos-da-ebc\">Conhe\u00e7a podcasts feitos por ve\u00edculos da EBC.<\/a><\/li>\n<li><a href=\"https:\/\/agenciabrasil.ebc.com.br\/geral\/noticia\/2025-09\/ebc-tem-tres-jornalistas-indicadas-ao-premio-os-100-admirados\">Tr\u00eas jornalistas da EBC est\u00e3o entre os 100 +Admirados do pa\u00eds.<\/a><\/li>\n<\/ul>\n<p>Na\u00a0<strong>TV Brasil<\/strong>, a tradicional faixa\u00a0<em>TV Brasil Animada<\/em>\u00a0ganha novidades. A programa\u00e7\u00e3o especial inclui tanto a estreia de desenhos quanto a retomada de algumas obras na grade, ampliando a oferta de conte\u00fados nacionais voltados ao p\u00fablico infantil.<\/p>\n<p>Entre os destaques est\u00e3o as anima\u00e7\u00f5es\u00a0<em>Lupita no Planeta de Gente Grande<\/em>,\u00a0<em>Sonhos e Sapatilhas<\/em>,\u00a0<em>Palaloos<\/em>,\u00a0<em>Mundo Bita<\/em>,\u00a0<em>Di\u00e1rio de Mika<\/em>\u00a0e\u00a0<em>Conta Comigo<\/em>, produ\u00e7\u00f5es que combinam divers\u00e3o e aprendizado em diferentes linguagens e estilos, refor\u00e7ando a miss\u00e3o da emissora de incentivar a criatividade desde cedo.\u00a0<\/p>\n<p>Com cinco horas e meia di\u00e1rias, de segunda a s\u00e1bado, e 33 horas semanais no ar, a sess\u00e3o\u00a0<em>TV Brasil Animada<\/em>\u00a0tamb\u00e9m oferece para a crian\u00e7ada atra\u00e7\u00f5es como as renomadas anima\u00e7\u00f5es\u00a0<em>Peixonauta<\/em>,\u00a0<em>Meu Amig\u00e3oZ\u00e3o<\/em>,\u00a0<em>O Show da Luna!<\/em>,\u00a0<em>Galinha Pintadinha Mini<\/em>\u00a0e\u00a0<em>Historietas Assombradas para Crian\u00e7as Malcriadas<\/em>. A faixa infantil oferece recursos de acessibilidade como audiodescri\u00e7\u00e3o, legenda oculta, interpreta\u00e7\u00e3o em Libras e dublagem. Destaca-se pela aus\u00eancia de publicidade que incentive o consumismo.<\/p>\n<p>Na\u00a0<a href=\"https:\/\/play.ebc.com.br\/tabs\/home\"><strong>TV Brasil Play<\/strong><\/a>, plataforma de streaming do canal p\u00fablico, tamb\u00e9m h\u00e1 uma sess\u00e3o dedicada \u00e0s crian\u00e7as, com conte\u00fado sob demanda acess\u00edvel a qualquer hora e em diferentes dispositivos. A sele\u00e7\u00e3o re\u00fane desenhos animados, s\u00e9ries e programas educativos que valorizam a produ\u00e7\u00e3o nacional e oferecem entretenimento de qualidade, permitindo que fam\u00edlias escolham quando e como acompanhar a programa\u00e7\u00e3o infantil.<\/p>\n<h2>Caminhos da Reportagem<\/h2>\n<p>Tamb\u00e9m na\u00a0<strong>TV Brasil<\/strong>, o premiado programa\u00a0<em>Caminhos da Reportagem<\/em>\u00a0vai exibir, na segunda-feira (6), \u00e0s 23 horas, uma edi\u00e7\u00e3o que discutir\u00e1 aspectos da educa\u00e7\u00e3o para pessoas com algum tipo de defici\u00eancia.<\/p>\n<p>A equipe ouviu pais de crian\u00e7as com defici\u00eancia, para que eles contassem quais os desafios para permitir n\u00e3o s\u00f3 que essas pessoas tenham acesso \u00e0 educa\u00e7\u00e3o, mas tamb\u00e9m que consigam permanecer nas escolas.<\/p>\n<p>Na segunda-feira (27), no mesmo hor\u00e1rio, o tema da vez ser\u00e1 o universo de Maur\u00edcio de Sousa e da Turma da M\u00f4nica.<\/p>\n<p>\u00a0<\/p>\n<div class=\"dnd-widget-wrapper context-cheio_8colunas type-image\">\n<div class=\"dnd-atom-rendered\"><!-- scald=426636:cheio_8colunas --><br \/>\n            <img decoding=\"async\" src=\"https:\/\/agenciabrasil.ebc.com.br\/sites\/default\/files\/thumbnails\/image\/loading_v2.gif\" data-echo=\"https:\/\/imagens.ebc.com.br\/qoWwB2G5B-yJ373AUlBJlEwVwL8=\/754x0\/smart\/https:\/\/agenciabrasil.ebc.com.br\/sites\/default\/files\/thumbnails\/image\/2025\/06\/05\/toms0614.jpg?itok=_qL8fgDk\" alt=\"Rio de Janeiro (RJ), 04\/06\/2025 \u2013 Alunos do Centro Integrado de Educa\u00e7\u00e3o P\u00fablica (CIEP) 001 brincam durante hor\u00e1rio de intervalo, na escola, no Catete, na zona sul da capital fluminense. Foto: Tomaz Silva\/Ag\u00eancia Brasil\" title=\"Tomaz Silva\/Ag\u00eancia Brasil\"><br \/>\n        <noscript><img decoding=\"async\" src=\"https:\/\/imagens.ebc.com.br\/qoWwB2G5B-yJ373AUlBJlEwVwL8=\/754x0\/smart\/https:\/\/agenciabrasil.ebc.com.br\/sites\/default\/files\/thumbnails\/image\/2025\/06\/05\/toms0614.jpg?itok=_qL8fgDk\" alt=\"Rio de Janeiro (RJ), 04\/06\/2025 \u2013 Alunos do Centro Integrado de Educa\u00e7\u00e3o P\u00fablica (CIEP) 001 brincam durante hor\u00e1rio de intervalo, na escola, no Catete, na zona sul da capital fluminense. Foto: Tomaz Silva\/Ag\u00eancia Brasil\" title=\"Tomaz Silva\/Ag\u00eancia Brasil\"><\/noscript><br \/>\n    <!-- END scald=426636 --><\/div>\n<div class=\"dnd-caption-wrapper\">\n<h6 class=\"meta\"><!--copyright=426636-->Crian\u00e7as brincam em Centro Integrado de Educa\u00e7\u00e3o P\u00fablica (Ciep) no Rio de Janeiro &#8211;\u00a0<strong>Tomaz Silva\/Ag\u00eancia Brasil<\/strong><!--END copyright=426636--><\/h6>\n<\/div>\n<\/div>\n<h2>Sem Censura<\/h2>\n<p>O\u00a0<em>Sem Censura<\/em>, tradicional programa vespertino da\u00a0<strong>TV Brasil<\/strong>, exibe um programa especial em homenagem ao Dia das Crian\u00e7as, com foco na literatura infantojuvenil e seus impactos na forma\u00e7\u00e3o de leitores e cidad\u00e3os. O especial ser\u00e1 exibido na sexta-feira (10), das 16h \u00e0s 18h, com transmiss\u00e3o tamb\u00e9m pelo <a href=\"https:\/\/www.youtube.com\/@tvbrasil\" target=\"_blank\">YouTube<\/a> e pelo app\u00a0<a href=\"https:\/\/play.ebc.com.br\/tabs\/home\">TV Brasil Play<\/a>.<\/p>\n<p>Entre os convidados est\u00e1 a jornalista e escritora Ana Maria Machado, uma das autoras mais importantes da literatura brasileira, vencedora do Pr\u00eamio Jabuti com <em>Bisa Bia, Bisa Bel<\/em>\u00a0e autora de cl\u00e1ssicos como <em>Menina Bonita do La\u00e7o de Fita<\/em>. Primeira escritora de literatura infantil eleita para a Academia Brasileira de Letras (ABL), Ana Maria vai compartilhar suas experi\u00eancias e reflex\u00f5es sobre a import\u00e2ncia de apresentar livros de qualidade \u00e0s crian\u00e7as desde cedo.<\/p>\n<p>O programa tamb\u00e9m recebe a poetisa e escritora Roseana Murray, reconhecida por sua produ\u00e7\u00e3o liter\u00e1ria voltada para crian\u00e7as e jovens, marcada pela delicadeza po\u00e9tica e pela valoriza\u00e7\u00e3o das rela\u00e7\u00f5es humanas.<\/p>\n<p>As g\u00eameas Helena e Eduarda Ferreira, criadoras do projeto Pretinhas Leitoras, participam para contar sua trajet\u00f3ria. Moradoras do Morro da Provid\u00eancia, no Rio de Janeiro (RJ), elas criaram a iniciativa para promover a literatura negra e o di\u00e1logo entre jovens, conquistaram pr\u00eamios e hoje mant\u00eam forte presen\u00e7a nas redes sociais, incentivando a leitura e debatendo temas como o racismo nas escolas.<\/p>\n<p>Fechando a bancada, o escritor J\u00falio Em\u00edlio Braz, com mais de 100 livros publicados, fala sobre sua carreira dedicada \u00e0 literatura infantojuvenil. Reconhecido por abordar quest\u00f5es sociais em suas obras, J\u00falio discute como a literatura pode ser uma ferramenta de transforma\u00e7\u00e3o.<\/p>\n<p>\u00a0<\/p>\n<div class=\"dnd-widget-wrapper context-cheio_8colunas type-image\">\n<div class=\"dnd-atom-rendered\"><!-- scald=428357:cheio_8colunas --><br \/>\n            <img decoding=\"async\" src=\"https:\/\/agenciabrasil.ebc.com.br\/sites\/default\/files\/thumbnails\/image\/loading_v2.gif\" data-echo=\"https:\/\/imagens.ebc.com.br\/Z0IgpQ5MrKlrF8Q9djHPitGyYxQ=\/754x0\/smart\/https:\/\/agenciabrasil.ebc.com.br\/sites\/default\/files\/thumbnails\/image\/2025\/06\/18\/_d6a5613.jpg?itok=s-b3qKZF\" alt=\"Bragan\u00e7a (PA), 13\/06\/2025 \u2013 Crian\u00e7as da Vila dos Pescadores de Ajuruteua participam da Alfamangue, atividade de alfabetiza\u00e7\u00e3o baseada na tem\u00e1tica do manguezal do Projeto Mangues da Amaz\u00f4nia, na \u00e1rea da Reserva Extrativista Marinha de Caet\u00e9-Tapera\u00e7u. Foto: Fernando Fraz\u00e3o\/Ag\u00eancia Brasil\" title=\"Fernando Fraz\u00e3o\/Ag\u00eancia Brasil\"><br \/>\n        <noscript><img decoding=\"async\" src=\"https:\/\/imagens.ebc.com.br\/Z0IgpQ5MrKlrF8Q9djHPitGyYxQ=\/754x0\/smart\/https:\/\/agenciabrasil.ebc.com.br\/sites\/default\/files\/thumbnails\/image\/2025\/06\/18\/_d6a5613.jpg?itok=s-b3qKZF\" alt=\"Bragan\u00e7a (PA), 13\/06\/2025 \u2013 Crian\u00e7as da Vila dos Pescadores de Ajuruteua participam da Alfamangue, atividade de alfabetiza\u00e7\u00e3o baseada na tem\u00e1tica do manguezal do Projeto Mangues da Amaz\u00f4nia, na \u00e1rea da Reserva Extrativista Marinha de Caet\u00e9-Tapera\u00e7u. Foto: Fernando Fraz\u00e3o\/Ag\u00eancia Brasil\" title=\"Fernando Fraz\u00e3o\/Ag\u00eancia Brasil\"><\/noscript><br \/>\n    <!-- END scald=428357 --><\/div>\n<div class=\"dnd-caption-wrapper\">\n<h6 class=\"meta\">Crian\u00e7as da Vila dos Pescadores de Ajuruteua em atividade de alfabetiza\u00e7\u00e3o baseada na tem\u00e1tica do manguezal\u00a0<strong>Fernando Fraz\u00e3o\/Ag\u00eancia Brasil<\/strong><!--END copyright=428357--><\/h6>\n<\/div>\n<\/div>\n<h2>R\u00e1dios<\/h2>\n<p>Na\u00a0<strong>R\u00e1dio MEC<\/strong>, o M\u00eas das Crian\u00e7as ser\u00e1 celebrado com programas tem\u00e1ticos que aproximam o p\u00fablico infantil da cultura e da m\u00fasica cl\u00e1ssica. A emissora preparou sele\u00e7\u00f5es musicais leves e divertidas, al\u00e9m de conte\u00fados educativos que apresentam compositores, instrumentos e curiosidades em linguagem acess\u00edvel para a garotada.<\/p>\n<p>Um dos destaques \u00e9 a nova temporada da\u00a0<em>R\u00e1dio Animada<\/em>, atra\u00e7\u00e3o da\u00a0<strong>R\u00e1dio MEC AM<\/strong>\u00a0que apresenta programas em todos os domingos de outubro, das 8h \u00e0s 10h, com\u00a0reprises\u00a0no mesmo hor\u00e1rio dos s\u00e1bados.\u00a0Os quadros tamb\u00e9m s\u00e3o veiculados ao longo da semana, das 8h15 \u00e0s 8h30. S\u00e3o conta\u00e7\u00f5es de hist\u00f3rias, grava\u00e7\u00f5es exclusivas de shows e espet\u00e1culos, agenda cultural e reportagens feitas cuidadosamente para os pequenos.<\/p>\n<p><strong>Confira a programa\u00e7\u00e3o da R\u00e1dio Animada para outubro:<\/strong><\/p>\n<ul>\n<li><strong>05\/10<\/strong> \u2013 <em>Pedro e o Lobo<\/em>, de Sergei Prokofiev, em grava\u00e7\u00e3o in\u00e9dita realizada pela Orquestra Sinf\u00f4nica Brasileira, dentro da s\u00e9rie\u00a0Concertos para a Juventude;<\/li>\n<li><strong>12\/10<\/strong> \u2013 Show do grupo Cria. Registro in\u00e9dito. Gravado na Sala Cec\u00edlia Meireles (RJ);<\/li>\n<li><strong>19\/10<\/strong> \u2013 Especial de est\u00fadio &#8211; Bethi Albano e o Quintal M\u00e1gico;<\/li>\n<li><strong>26\/10<\/strong> \u2013 Especial com o Coral infantojuvenil da Universidade Federal do Rio de Janeiro (UFRJ);<\/li>\n<\/ul>\n<p>\u00a0<strong>A R\u00e1dio MEC conta ainda com outras atra\u00e7\u00f5es dedicadas ao M\u00eas das Crian\u00e7as:<\/strong><\/p>\n<ul>\n<li><strong>10\/10, sexta-feira, \u00e0s 17h<\/strong> \u2013\u00a0<em>Sala de Concerto\u00a0<\/em>(<strong>MEC FM<\/strong>) com\u00a0<em>Cirand\u00ea \u2013\u00a0M\u00fasica de C\u00e2mara para a Inf\u00e2ncia<\/em>;<\/li>\n<li><strong>11\/10, s\u00e1bado, \u00e0s 19h<\/strong> \u2013<em>\u00a0M\u00fasica e M\u00fasicos do Brasil<\/em>\u00a0(<strong>MEC FM<\/strong>) \u2013 Especial Dia das Crian\u00e7as;<\/li>\n<li><strong>12\/10, domingo, \u00e0s 12h30<\/strong> \u2013\u00a0<em>Caderno de M\u00fasica<\/em>\u00a0(<strong>MEC FM<\/strong>) \u2013 Especial com obras cl\u00e1ssicas destinadas ao universo infantil;<\/li>\n<li><strong>12\/10, domingo, \u00e0s 16h30<\/strong> \u2013\u00a0<em>Especial Dia das Crian\u00e7as<\/em>\u00a0(<strong>MEC FM<\/strong>) \u2013 A hist\u00f3ria de <em>Babar, o elefantinho<\/em>, de Francis Poulenc, com Ingrid Barancoski e Tiago Batistone;<\/li>\n<li><strong>17\/10, sexta-feira, \u00e0s 17h<\/strong> \u2013\u00a0<em>Sala de Concerto<\/em>\u00a0(<strong>MEC FM<\/strong>) com Coral Infantojuvenil da UFRJ.<\/li>\n<\/ul>\n<p>Na\u00a0<strong>R\u00e1dio Nacional<\/strong>, a comemora\u00e7\u00e3o do M\u00eas das Crian\u00e7as traz uma programa\u00e7\u00e3o voltada para a forma\u00e7\u00e3o cidad\u00e3. A emissora prepara conte\u00fados jornal\u00edsticos e entrevistas especiais sobre temas que impactam diretamente a inf\u00e2ncia, como direitos das crian\u00e7as, educa\u00e7\u00e3o, sa\u00fade, esportes e cultura.<\/p>\n<p><strong>Atra\u00e7\u00f5es especiais da R\u00e1dio Nacional:<\/strong><\/p>\n<ul>\n<li><strong>10\/10, sexta-feira, \u00e0s 13h30<\/strong> \u2013\u00a0<em>Nacional Jovem<\/em>\u00a0(<strong>R\u00e1dio Nacional da Amaz\u00f4nia<\/strong>) \u2013 Especial Dia das Crian\u00e7as;<\/li>\n<li><strong>10\/10, sexta-feira, \u00e0s 15h<\/strong> \u2013\u00a0<em>Tarde Nacional<\/em>\u00a0(<strong>R\u00e1dio Nacional AM de Bras\u00edlia<\/strong>) \u2013 Especial Dia das Crian\u00e7as;<\/li>\n<\/ul>\n<p><strong>Faixa de Especiais, de segunda a sexta-feira, \u00e0s 13h (Nacional da Amaz\u00f4nia):<\/strong><\/p>\n<ul>\n<li><strong>06 a\/ 17\/10<\/strong> \u2013 R\u00e1dio-s\u00e9rie <em>Circus Mambembe<\/em>;<\/li>\n<li><strong>20 a 28\/10<\/strong> \u2013 R\u00e1dio-s\u00e9rie <em>Em Busca do Touro Perdido<\/em>;<\/li>\n<\/ul>\n<h2>\u00a0Ag\u00eancia Brasil e Radioag\u00eancia Nacional<\/h2>\n<p>A\u00a0<strong>Ag\u00eancia Brasil<\/strong>\u00a0e a\u00a0<strong>Radioag\u00eancia Nacional<\/strong>\u00a0participam das celebra\u00e7\u00f5es do M\u00eas das Crian\u00e7as com produ\u00e7\u00f5es jornal\u00edsticas. Entre os destaques, estar\u00e1 uma reportagem com dicas para os pais promoverem uma inf\u00e2ncia mais saud\u00e1vel, abordando temas como alimenta\u00e7\u00e3o, brincadeiras e bem-estar.<\/p>\n<p>Outro material d\u00e1 voz \u00e0s pr\u00f3prias crian\u00e7as, trazendo suas percep\u00e7\u00f5es sobre as mudan\u00e7as clim\u00e1ticas no contexto da Confer\u00eancia Nacional Infantojuvenil pelo Meio Ambiente, realizada de 6 a 11 de outubro, em prepara\u00e7\u00e3o para a Confer\u00eancia das Na\u00e7\u00f5es Unidas sobre as Mudan\u00e7as Clim\u00e1ticas (COP30).<\/p>\n<p>\u00a0<\/p>\n<div class=\"dnd-widget-wrapper context-cheio_8colunas type-image\">\n<div class=\"dnd-atom-rendered\"><!-- scald=438712:cheio_8colunas --><br \/>\n            <img decoding=\"async\" src=\"https:\/\/agenciabrasil.ebc.com.br\/sites\/default\/files\/thumbnails\/image\/loading_v2.gif\" data-echo=\"https:\/\/imagens.ebc.com.br\/BSC6UHAAgl6sYXugN0rDntB4CAA=\/754x0\/smart\/https:\/\/agenciabrasil.ebc.com.br\/sites\/default\/files\/thumbnails\/image\/2025\/09\/27\/1000003022.jpg?itok=MKOeOrCV\" alt=\"Rio de Janeiro (RJ), 27\/09\/2025 \u2013 Dia de Cosme e Dami\u00e3o, santos cat\u00f3licos tamb\u00e9m adorados nas religi\u00f5es de matriz africana, \u00e9 celebrado com tradicional distribui\u00e7\u00e3o de doces para crian\u00e7as nas ruas do bairro do Andara\u00ed, Zona Norte da cidade. Foto: Fernando Fraz\u00e3o\/Ag\u00eancia Brasil\" title=\"Fernando Fraz\u00e3o\/Ag\u00eancia Brasil\"><br \/>\n        <noscript><img decoding=\"async\" src=\"https:\/\/imagens.ebc.com.br\/BSC6UHAAgl6sYXugN0rDntB4CAA=\/754x0\/smart\/https:\/\/agenciabrasil.ebc.com.br\/sites\/default\/files\/thumbnails\/image\/2025\/09\/27\/1000003022.jpg?itok=MKOeOrCV\" alt=\"Rio de Janeiro (RJ), 27\/09\/2025 \u2013 Dia de Cosme e Dami\u00e3o, santos cat\u00f3licos tamb\u00e9m adorados nas religi\u00f5es de matriz africana, \u00e9 celebrado com tradicional distribui\u00e7\u00e3o de doces para crian\u00e7as nas ruas do bairro do Andara\u00ed, Zona Norte da cidade. Foto: Fernando Fraz\u00e3o\/Ag\u00eancia Brasil\" title=\"Fernando Fraz\u00e3o\/Ag\u00eancia Brasil\"><\/noscript><br \/>\n    <!-- END scald=438712 --><\/div>\n<div class=\"dnd-caption-wrapper\">\n<h6 class=\"meta\">Crian\u00e7as mostram doces de Cosme e Dami\u00e3o no\u00a0bairro do Andara\u00ed, Zona Norte da cidade.\u00a0<strong>Fernando Fraz\u00e3o\/Ag\u00eancia Brasil<\/strong><!--END copyright=438712--><\/h6>\n<\/div>\n<\/div>\n<h2>R\u00e1dio MEC na internet e nas redes sociais<\/h2>\n<p>Site:\u00a0<a href=\"https:\/\/radios.ebc.com.br\/\">https:\/\/radios.ebc.com.br<\/a><br \/>\nInstagram:\u00a0<a href=\"https:\/\/www.instagram.com\/radiomec\">https:\/\/www.instagram.com\/radiomec<\/a><br \/>\nSpotify:\u00a0<a href=\"https:\/\/open.spotify.com\/user\/radiomec\">https:\/\/open.spotify.com\/user\/radiomec<\/a><br \/>\nYouTube:\u00a0<a href=\"https:\/\/www.youtube.com\/radiomec\">https:\/\/www.youtube.com\/radiomec<\/a><br \/>\nFacebook:\u00a0<a href=\"https:\/\/www.facebook.com\/radiomec\">https:\/\/www.facebook.com\/radiomec<\/a><br \/>\nX:\u00a0<a href=\"https:\/\/x.com\/radiomec\">https:\/\/x.com\/radiomec<\/a><br \/>\nWhatsApp: (21) 99710-0537<\/p>\n<h2>Como sintonizar a R\u00e1dio MEC<\/h2>\n<p>Rio de Janeiro: FM 99,3 MHz e AM 800 kHz<br \/>\nBelo Horizonte: FM 87,1 MHz<br \/>\nBras\u00edlia: FM 87,1 MHz e AM 800 kHz<br \/>\nParab\u00f3lica &#8211; Star One C2 &#8211; 3748,00 MHz &#8211; Servi\u00e7o 3<br \/>\nCelular &#8211; App R\u00e1dios EBC para Android e iOS<\/p>\n<h2>R\u00e1dio Nacional na internet e nas redes sociais<\/h2>\n<p>Site: <a href=\"https:\/\/radios.ebc.com.br\/\">https:\/\/radios.ebc.com.br<\/a><br \/>\nInstagram: <a href=\"https:\/\/www.instagram.com\/radionacionalbr\">https:\/\/www.instagram.com\/radionacionalbr<\/a><br \/>\nSpotify: <a href=\"https:\/\/open.spotify.com\/user\/vpj3k8ogjwf1nkv4nap3tlruv\">https:\/\/open.spotify.com\/user\/vpj3k8ogjwf1nkv4nap3tlruv<\/a><br \/>\nYouTube: <a href=\"http:\/\/youtube.com\/radionacionalbr\">http:\/\/youtube.com\/radionacionalbr<\/a><br \/>\nFacebook:<a href=\"https:\/\/www.facebook.com\/radionacionalbr\"> https:\/\/www.facebook.com\/radionacionalbr<\/a><br \/>\nThreads: <a href=\"https:\/\/www.threads.com\/@radionacionalbr\">https:\/\/www.threads.com\/@radionacionalbr<\/a><br \/>\nStreaming: <a href=\"https:\/\/aovivo.ebc.com.br\/embed-audio.html?emissora=radio-nacional-do-rio-de-janeiro\">https:\/\/aovivo.ebc.com.br\/embed-audio.html?emissora=radio-nacional-do-rio-de-janeiro<\/a><\/p>\n<h2>WhatsApp Nacional<\/h2>\n<p>R\u00e1dio Nacional FM: (61) 99989-1201<br \/>\nR\u00e1dio Nacional AM: (61) 99674-1536<br \/>\nR\u00e1dio Nacional da Amaz\u00f4nia: (61) 99674-1568<br \/>\nR\u00e1dio Nacional do Rio de Janeiro: (21) 97119-9966<\/p>\n<h2>Saiba como sintonizar a R\u00e1dio Nacional<\/h2>\n<p>Bras\u00edlia: FM 96,1 MHz e AM 980 Khz<br \/>\nRio de Janeiro: FM 87,1 MHz e AM 1130 kHz<br \/>\nS\u00e3o Paulo: FM 87,1 MHz<br \/>\nRecife: FM 87,1 MHz<br \/>\nS\u00e3o Lu\u00eds: FM 93,7 MHz<br \/>\nAmaz\u00f4nia: 11.780KHz e 6.180KHz OC<br \/>\nAlto Solim\u00f5es: FM 96,1 MHz<\/p>\n<h2>Sintonize na TV Brasil<\/h2>\n<p>Acompanhe a programa\u00e7\u00e3o da\u00a0TV Brasil\u00a0pelo canal aberto, TV por assinatura e parab\u00f3lica. Sintonize:\u00a0<a href=\"https:\/\/tvbrasil.ebc.com.br\/comosintonizar\">https:\/\/tvbrasil.ebc.com.br\/comosintonizar<\/a>\u00a0 \u00a0<\/p>\n<h2>TV Brasil na internet e nas redes sociais\u00a0\u00a0<\/h2>\n<p>Site \u2013\u00a0<a href=\"https:\/\/tvbrasil.ebc.com.br\/\">https:\/\/tvbrasil.ebc.com.br<\/a><br \/>\nInstagram \u2013\u00a0<a href=\"https:\/\/www.instagram.com\/tvbrasil\">https:\/\/www.instagram.com\/tvbrasil<\/a><br \/>\nYouTube \u2013\u00a0<a href=\"https:\/\/www.youtube.com\/tvbrasil\">https:\/\/www.youtube.com\/tvbrasil<\/a><br \/>\nX \u2013\u00a0<a href=\"https:\/\/x.com\/TVBrasil\">https:\/\/x.com\/TVBrasil<\/a><br \/>\nFacebook \u2013\u00a0<a href=\"https:\/\/www.facebook.com\/tvbrasil\">https:\/\/www.facebook.com\/tvbrasil<\/a><br \/>\nTikTok \u2013\u00a0<a href=\"https:\/\/www.tiktok.com\/@tvbrasil\">https:\/\/www.tiktok.com\/@tvbrasil<\/a><br \/>\nTV Brasil Play &#8211;\u00a0<a href=\"http:\/\/tvbrasilplay.com.br\/\">http:\/\/tvbrasilplay.com.br<\/a><\/p>\n","protected":false},"excerpt":{"rendered":"<p>A\u00a0Empresa Brasil de Comunica\u00e7\u00e3o (EBC)\u00a0prepara uma s\u00e9rie de conte\u00fados especiais e estreias para celebrar o M\u00eas das Crian\u00e7as, comemorado em outubro. A iniciativa envolve os ve\u00edculos da empresa, com atra\u00e7\u00f5es que valorizam a cultura, a educa\u00e7\u00e3o, a m\u00fasica e o entretenimento voltados ao p\u00fablico infantil e \u00e0s fam\u00edlias. \u201cAs pessoas v\u00e3o poder encontrar uma programa\u00e7\u00e3o [&hellip;]<\/p>\n","protected":false},"author":62,"featured_media":5427,"comment_status":"open","ping_status":"open","sticky":false,"template":"","format":"standard","meta":{"site-sidebar-layout":"default","site-content-layout":"","ast-site-content-layout":"","site-content-style":"default","site-sidebar-style":"default","ast-global-header-display":"","ast-banner-title-visibility":"","ast-main-header-display":"","ast-hfb-above-header-display":"","ast-hfb-below-header-display":"","ast-hfb-mobile-header-display":"","site-post-title":"","ast-breadcrumbs-content":"","ast-featured-img":"","footer-sml-layout":"","theme-transparent-header-meta":"","adv-header-id-meta":"","stick-header-meta":"","header-above-stick-meta":"","header-main-stick-meta":"","header-below-stick-meta":"","astra-migrate-meta-layouts":"default","ast-page-background-enabled":"default","ast-page-background-meta":{"desktop":{"background-color":"var(--ast-global-color-4)","background-image":"","background-repeat":"repeat","background-position":"center center","background-size":"auto","background-attachment":"scroll","background-type":"","background-media":"","overlay-type":"","overlay-color":"","overlay-opacity":"","overlay-gradient":""},"tablet":{"background-color":"","background-image":"","background-repeat":"repeat","background-position":"center center","background-size":"auto","background-attachment":"scroll","background-type":"","background-media":"","overlay-type":"","overlay-color":"","overlay-opacity":"","overlay-gradient":""},"mobile":{"background-color":"","background-image":"","background-repeat":"repeat","background-position":"center center","background-size":"auto","background-attachment":"scroll","background-type":"","background-media":"","overlay-type":"","overlay-color":"","overlay-opacity":"","overlay-gradient":""}},"ast-content-background-meta":{"desktop":{"background-color":"var(--ast-global-color-5)","background-image":"","background-repeat":"repeat","background-position":"center center","background-size":"auto","background-attachment":"scroll","background-type":"","background-media":"","overlay-type":"","overlay-color":"","overlay-opacity":"","overlay-gradient":""},"tablet":{"background-color":"var(--ast-global-color-5)","background-image":"","background-repeat":"repeat","background-position":"center center","background-size":"auto","background-attachment":"scroll","background-type":"","background-media":"","overlay-type":"","overlay-color":"","overlay-opacity":"","overlay-gradient":""},"mobile":{"background-color":"var(--ast-global-color-5)","background-image":"","background-repeat":"repeat","background-position":"center center","background-size":"auto","background-attachment":"scroll","background-type":"","background-media":"","overlay-type":"","overlay-color":"","overlay-opacity":"","overlay-gradient":""}},"footnotes":""},"categories":[1],"tags":[],"class_list":["post-5426","post","type-post","status-publish","format-standard","has-post-thumbnail","hentry","category-sem-categoria"],"_links":{"self":[{"href":"https:\/\/jornalregionalms.com.br\/index.php?rest_route=\/wp\/v2\/posts\/5426","targetHints":{"allow":["GET"]}}],"collection":[{"href":"https:\/\/jornalregionalms.com.br\/index.php?rest_route=\/wp\/v2\/posts"}],"about":[{"href":"https:\/\/jornalregionalms.com.br\/index.php?rest_route=\/wp\/v2\/types\/post"}],"author":[{"embeddable":true,"href":"https:\/\/jornalregionalms.com.br\/index.php?rest_route=\/wp\/v2\/users\/62"}],"replies":[{"embeddable":true,"href":"https:\/\/jornalregionalms.com.br\/index.php?rest_route=%2Fwp%2Fv2%2Fcomments&post=5426"}],"version-history":[{"count":0,"href":"https:\/\/jornalregionalms.com.br\/index.php?rest_route=\/wp\/v2\/posts\/5426\/revisions"}],"wp:featuredmedia":[{"embeddable":true,"href":"https:\/\/jornalregionalms.com.br\/index.php?rest_route=\/wp\/v2\/media\/5427"}],"wp:attachment":[{"href":"https:\/\/jornalregionalms.com.br\/index.php?rest_route=%2Fwp%2Fv2%2Fmedia&parent=5426"}],"wp:term":[{"taxonomy":"category","embeddable":true,"href":"https:\/\/jornalregionalms.com.br\/index.php?rest_route=%2Fwp%2Fv2%2Fcategories&post=5426"},{"taxonomy":"post_tag","embeddable":true,"href":"https:\/\/jornalregionalms.com.br\/index.php?rest_route=%2Fwp%2Fv2%2Ftags&post=5426"}],"curies":[{"name":"wp","href":"https:\/\/api.w.org\/{rel}","templated":true}]}}