{"id":5196,"date":"2025-09-30T22:27:27","date_gmt":"2025-10-01T02:27:27","guid":{"rendered":"https:\/\/jornalregionalms.com.br\/?p=5196"},"modified":"2025-09-30T22:27:27","modified_gmt":"2025-10-01T02:27:27","slug":"policia-detem-2-pessoas-e-fecha-fabrica-de-bebidas-em-americana-em-sp","status":"publish","type":"post","link":"https:\/\/jornalregionalms.com.br\/?p=5196","title":{"rendered":"Pol\u00edcia det\u00e9m 2 pessoas e fecha f\u00e1brica de bebidas em Americana, em SP"},"content":{"rendered":"<\/p>\n<p><a class=\"\" href=\"https:\/\/agenciabrasil.ebc.com.br\/saude\/noticia\/2025-09\/policia-detem-2-pessoas-e-fecha-fabrica-de-bebidas-em-americana-em-sp\"><br \/>\n                    <img decoding=\"async\" src=\"https:\/\/cdn.jsdelivr.net\/gh\/sergiosdlima\/assets-ebc@1.0.0\/abr\/assets\/images\/logo-agenciabrasil.svg\" alt=\"Logo Ag\u00eancia Brasil\"><br \/>\n\t\t\t\t<\/a><\/p>\n<p><strong>A Pol\u00edcia Civil de S\u00e3o Paulo deteve nesta ter\u00e7a-feira (30) em Americana duas pessoas envolvidas com falsifica\u00e7\u00e3o de bebidas alco\u00f3licas. Uma f\u00e1brica clandestina foi fechada e teve apreendidos cerca 17,7 mil itens utilizados na adultera\u00e7\u00e3o das bebidas.\u00a0<\/strong><img decoding=\"async\" src=\"https:\/\/agenciabrasil.ebc.com.br\/ebc.png?id=1660880&#038;o=rss\"><img decoding=\"async\" src=\"https:\/\/agenciabrasil.ebc.com.br\/ebc.gif?id=1660880&#038;o=rss\"><\/p>\n<p>No local, uma ch\u00e1cara na zona rural da cidade, os policiais encontraram recipientes para armazenamento e transporte de l\u00edquidos e garrafas vazias. <strong>Na f\u00e1brica clandestina eram produzidos u\u00edsque, gim e vodca. N\u00e3o foi encontrado metanol.<\/strong><\/p>\n<blockquote>\n<h3>Not\u00edcias relacionadas:<\/h3>\n<ul>\n<li><a href=\"https:\/\/agenciabrasil.ebc.com.br\/saude\/noticia\/2025-09\/sao-paulo-confirma-cinco-mortes-em-casos-de-intoxicacao-por-metanol\">S\u00e3o Paulo confirma cinco mortes em casos de intoxica\u00e7\u00e3o por metanol.<\/a><\/li>\n<li><a href=\"https:\/\/agenciabrasil.ebc.com.br\/saude\/noticia\/2025-09\/cfm-cobra-reforco-da-fiscalizacao-apos-intoxicacoes-por-metanol\">CFM cobra refor\u00e7o da fiscaliza\u00e7\u00e3o ap\u00f3s intoxica\u00e7\u00f5es por metanol.<\/a><\/li>\n<li><a href=\"https:\/\/agenciabrasil.ebc.com.br\/saude\/noticia\/2025-09\/tarcisio-instala-gabinete-de-crise-nega-ligacao-pcc-com-metanol\">Tarc\u00edsio instala gabinete de crise e nega liga\u00e7\u00e3o do PCC com metanol.<\/a><\/li>\n<\/ul>\n<p>\u201cA gente estava investigando esse local h\u00e1 mais de um m\u00eas. Hoje, durante o cumprimento dos mandados, encontramos essa f\u00e1brica clandestina em um dos endere\u00e7os. Ela era muito bem estruturada e servia n\u00e3o s\u00f3 o com\u00e9rcio local, mas a capital de S\u00e3o Paulo tamb\u00e9m\u201d, disse o delegado Wagner Carrasco.\n<\/p><\/blockquote>\n<p>As duas pessoas detidas v\u00e3o responder por crimes contra a propriedade material, contra sa\u00fade p\u00fablica e contra rela\u00e7\u00e3o de consumo.<\/p>\n<p><strong>Na capital paulista, a pol\u00edcia civil apreendeu mais de 800 garrafas de bebidas alco\u00f3licas, com suspeita de serem adulteradas, durante fiscaliza\u00e7\u00f5es realizadas ontem (29) e nesta ter\u00e7a-feira (30).<\/strong> Os produtos foram encaminhados para an\u00e1lise no Instituto de Criminal\u00edstica (IC) da Pol\u00edcia T\u00e9cnico-Cient\u00edfica.<\/p>\n<p>Em Mogi das Cruzes (SP), a Pol\u00edcia Civil apreendeu 80 garrafas de bebidas alco\u00f3licas com ind\u00edcios de adultera\u00e7\u00e3o e falsifica\u00e7\u00e3o em uma adega. Os propriet\u00e1rios do local s\u00e3o investigados.<\/p>\n<p>O governo do estado de S\u00e3o Paulo informou\u00a0nesta ter\u00e7a-feira (30)\u00a0que<a href=\"https:\/\/agenciabrasil.ebc.com.br\/saude\/noticia\/2025-09\/sao-paulo-confirma-cinco-mortes-em-casos-de-intoxicacao-por-metanol\" target=\"_blank\"> cinco pessoas morreram ap\u00f3s sete casos de\u00a0intoxica\u00e7\u00e3o por metanol\u00a0<\/a>no estado.\u00a0<\/p>\n<p>De acordo com a Secretaria Estadual de Sa\u00fade, al\u00e9m das sete intoxica\u00e7\u00f5es confirmadas, 15 casos suspeitos est\u00e3o em investiga\u00e7\u00e3o\u00a0\u00a0<\/p>\n<h2>Emerg\u00eancia m\u00e9dica<\/h2>\n<p><strong>A intoxica\u00e7\u00e3o por metanol \u00e9 uma emerg\u00eancia m\u00e9dica de extrema gravidade<\/strong>. A subst\u00e2ncia, quando ingerida, \u00e9 metabolizada no organismo em produtos t\u00f3xicos (como formalde\u00eddo e \u00e1cido f\u00f3rmico), que podem levar \u00e0 morte.<\/p>\n<p>Os principais sintomas da intoxica\u00e7\u00e3o s\u00e3o: vis\u00e3o turva ou perda de vis\u00e3o (podendo chegar \u00e0 cegueira) e mal-estar generalizado (n\u00e1useas, v\u00f4mitos, dores abdominais, sudorese).<\/p>\n<p>Em caso de identifica\u00e7\u00e3o dos sintomas, buscar imediatamente os servi\u00e7os de emerg\u00eancia m\u00e9dica e contatar pelo menos uma das institui\u00e7\u00f5es a seguir:<\/p>\n<ul>\n<li>Disque-Intoxica\u00e7\u00e3o da Anvisa: 0800 722 6001;<\/li>\n<li><a href=\"https:\/\/www.gov.br\/saude\/pt-br\/assuntos\/saude-de-a-a-z\/a\/animais-peconhentos\/ciatox%C2%A0\" target=\"_blank\">CIATox da sua cidade<\/a> para orienta\u00e7\u00e3o especializada (veja lista aqui);\u00a0<\/li>\n<li>Centro de Controle de Intoxica\u00e7\u00f5es de S\u00e3o Paulo (CCI): (11) 5012-5311 ou 0800-771-3733 \u2013 de qualquer lugar do pa\u00eds;<\/li>\n<\/ul>\n<p>\u00c9 importante identificar e orientar poss\u00edveis contatos que tenham consumido a mesma bebida, recomendando que procurem imediatamente um servi\u00e7o de sa\u00fade para avalia\u00e7\u00e3o e tratamento adequado. A demora no atendimento e na identifica\u00e7\u00e3o da intoxica\u00e7\u00e3o aumenta a probabilidade do desfecho mais grave, com o \u00f3bito do paciente.<\/p>\n","protected":false},"excerpt":{"rendered":"<p>A Pol\u00edcia Civil de S\u00e3o Paulo deteve nesta ter\u00e7a-feira (30) em Americana duas pessoas envolvidas com falsifica\u00e7\u00e3o de bebidas alco\u00f3licas. Uma f\u00e1brica clandestina foi fechada e teve apreendidos cerca 17,7 mil itens utilizados na adultera\u00e7\u00e3o das bebidas.\u00a0 No local, uma ch\u00e1cara na zona rural da cidade, os policiais encontraram recipientes para armazenamento e transporte de [&hellip;]<\/p>\n","protected":false},"author":50,"featured_media":5197,"comment_status":"open","ping_status":"open","sticky":false,"template":"","format":"standard","meta":{"site-sidebar-layout":"default","site-content-layout":"","ast-site-content-layout":"","site-content-style":"default","site-sidebar-style":"default","ast-global-header-display":"","ast-banner-title-visibility":"","ast-main-header-display":"","ast-hfb-above-header-display":"","ast-hfb-below-header-display":"","ast-hfb-mobile-header-display":"","site-post-title":"","ast-breadcrumbs-content":"","ast-featured-img":"","footer-sml-layout":"","theme-transparent-header-meta":"","adv-header-id-meta":"","stick-header-meta":"","header-above-stick-meta":"","header-main-stick-meta":"","header-below-stick-meta":"","astra-migrate-meta-layouts":"default","ast-page-background-enabled":"default","ast-page-background-meta":{"desktop":{"background-color":"var(--ast-global-color-4)","background-image":"","background-repeat":"repeat","background-position":"center center","background-size":"auto","background-attachment":"scroll","background-type":"","background-media":"","overlay-type":"","overlay-color":"","overlay-opacity":"","overlay-gradient":""},"tablet":{"background-color":"","background-image":"","background-repeat":"repeat","background-position":"center center","background-size":"auto","background-attachment":"scroll","background-type":"","background-media":"","overlay-type":"","overlay-color":"","overlay-opacity":"","overlay-gradient":""},"mobile":{"background-color":"","background-image":"","background-repeat":"repeat","background-position":"center center","background-size":"auto","background-attachment":"scroll","background-type":"","background-media":"","overlay-type":"","overlay-color":"","overlay-opacity":"","overlay-gradient":""}},"ast-content-background-meta":{"desktop":{"background-color":"var(--ast-global-color-5)","background-image":"","background-repeat":"repeat","background-position":"center center","background-size":"auto","background-attachment":"scroll","background-type":"","background-media":"","overlay-type":"","overlay-color":"","overlay-opacity":"","overlay-gradient":""},"tablet":{"background-color":"var(--ast-global-color-5)","background-image":"","background-repeat":"repeat","background-position":"center center","background-size":"auto","background-attachment":"scroll","background-type":"","background-media":"","overlay-type":"","overlay-color":"","overlay-opacity":"","overlay-gradient":""},"mobile":{"background-color":"var(--ast-global-color-5)","background-image":"","background-repeat":"repeat","background-position":"center center","background-size":"auto","background-attachment":"scroll","background-type":"","background-media":"","overlay-type":"","overlay-color":"","overlay-opacity":"","overlay-gradient":""}},"footnotes":""},"categories":[1],"tags":[],"class_list":["post-5196","post","type-post","status-publish","format-standard","has-post-thumbnail","hentry","category-sem-categoria"],"_links":{"self":[{"href":"https:\/\/jornalregionalms.com.br\/index.php?rest_route=\/wp\/v2\/posts\/5196","targetHints":{"allow":["GET"]}}],"collection":[{"href":"https:\/\/jornalregionalms.com.br\/index.php?rest_route=\/wp\/v2\/posts"}],"about":[{"href":"https:\/\/jornalregionalms.com.br\/index.php?rest_route=\/wp\/v2\/types\/post"}],"author":[{"embeddable":true,"href":"https:\/\/jornalregionalms.com.br\/index.php?rest_route=\/wp\/v2\/users\/50"}],"replies":[{"embeddable":true,"href":"https:\/\/jornalregionalms.com.br\/index.php?rest_route=%2Fwp%2Fv2%2Fcomments&post=5196"}],"version-history":[{"count":0,"href":"https:\/\/jornalregionalms.com.br\/index.php?rest_route=\/wp\/v2\/posts\/5196\/revisions"}],"wp:featuredmedia":[{"embeddable":true,"href":"https:\/\/jornalregionalms.com.br\/index.php?rest_route=\/wp\/v2\/media\/5197"}],"wp:attachment":[{"href":"https:\/\/jornalregionalms.com.br\/index.php?rest_route=%2Fwp%2Fv2%2Fmedia&parent=5196"}],"wp:term":[{"taxonomy":"category","embeddable":true,"href":"https:\/\/jornalregionalms.com.br\/index.php?rest_route=%2Fwp%2Fv2%2Fcategories&post=5196"},{"taxonomy":"post_tag","embeddable":true,"href":"https:\/\/jornalregionalms.com.br\/index.php?rest_route=%2Fwp%2Fv2%2Ftags&post=5196"}],"curies":[{"name":"wp","href":"https:\/\/api.w.org\/{rel}","templated":true}]}}