{"id":5192,"date":"2025-09-30T22:27:23","date_gmt":"2025-10-01T02:27:23","guid":{"rendered":"https:\/\/jornalregionalms.com.br\/?p=5192"},"modified":"2025-09-30T22:27:23","modified_gmt":"2025-10-01T02:27:23","slug":"camara-aprova-urgencia-para-oito-projetos-sobre-seguranca-publica","status":"publish","type":"post","link":"https:\/\/jornalregionalms.com.br\/?p=5192","title":{"rendered":"C\u00e2mara aprova urg\u00eancia para oito projetos sobre seguran\u00e7a p\u00fablica"},"content":{"rendered":"<\/p>\n<p><a class=\"\" href=\"https:\/\/agenciabrasil.ebc.com.br\/politica\/noticia\/2025-09\/camara-aprova-urgencia-para-oito-projetos-de-seguranca\"><br \/>\n                    <img decoding=\"async\" src=\"https:\/\/cdn.jsdelivr.net\/gh\/sergiosdlima\/assets-ebc@1.0.0\/abr\/assets\/images\/logo-agenciabrasil.svg\" alt=\"Logo Ag\u00eancia Brasil\"><br \/>\n\t\t\t\t<\/a><\/p>\n<p>A C\u00e2mara dos Deputados aprovou nesta ter\u00e7a-feira\u00a0(30) o<strong> regime de urg\u00eancia para oito propostas sobre seguran\u00e7a p\u00fablica<\/strong>. Com a aprova\u00e7\u00e3o da urg\u00eancia, <strong>os projetos podem ser votados diretamente no plen\u00e1rio, sem ter que passar pelas comiss\u00f5es da Casa<\/strong>.<img decoding=\"async\" src=\"https:\/\/agenciabrasil.ebc.com.br\/ebc.png?id=1660868&#038;o=rss\"><img decoding=\"async\" src=\"https:\/\/agenciabrasil.ebc.com.br\/ebc.gif?id=1660868&#038;o=rss\"><\/p>\n<p>Mais cedo, o presidente da C\u00e2mara, Hugo Motta (Republicanos-PB),<a href=\"https:\/\/x.com\/HugoMottaPB\/status\/1972993711656010046\" target=\"_blank\"> se manifestou em uma rede social <\/a>afirmando que daria prioridade para o tema da seguran\u00e7a p\u00fablica.<\/p>\n<\/p>\n<h3>Not\u00edcias relacionadas:<\/h3>\n<ul>\n<li><a href=\"https:\/\/agenciabrasil.ebc.com.br\/politica\/noticia\/2025-09\/camara-aprova-transferir-capital-do-brasil-para-belem-durante-cop30\">C\u00e2mara aprova transferir capital do Brasil para Bel\u00e9m durante COP30.<\/a><\/li>\n<li><a href=\"https:\/\/agenciabrasil.ebc.com.br\/saude\/noticia\/2025-09\/camara-aprova-mp-que-cria-programa-agora-tem-especialistas\">C\u00e2mara aprova MP que cria programa Agora Tem Especialistas.<\/a><\/li>\n<li><a href=\"https:\/\/agenciabrasil.ebc.com.br\/politica\/noticia\/2025-09\/camara-demora-e-comissao-do-senado-aprova-isencao-do-ir-ate-5-mil\">C\u00e2mara demora e Comiss\u00e3o do Senado aprova isen\u00e7\u00e3o do IR at\u00e9 R$ 5 mil.<\/a><\/li>\n<\/ul>\n<p>\u201cHoje vou levar ao plen\u00e1rio oito requerimentos de urg\u00eancia que tratam exclusivamente da seguran\u00e7a p\u00fablica &#8211; todos s\u00e3o consenso entre os 27 secret\u00e1rios de Seguran\u00e7a do pa\u00eds. Seguran\u00e7a \u00e9 uma das maiores preocupa\u00e7\u00f5es dos brasileiros e uma prioridade do Parlamento &#8211; e prioridade se faz ouvindo, dialogando e agindo\u201d, escreveu.<\/p>\n<p>A expectativa \u00e9 que as <strong>propostas sejam votadas nas pr\u00f3ximas sess\u00f5es do plen\u00e1rio<\/strong>. A\u00a0urg\u00eancia\u00a0foi aprovada\u00a0para os seguintes projetos de lei (PLs):<\/p>\n<ul>\n<li>PL 4176\/25, do deputado Coronel Ulysses (Uni\u00e3o-AC), que eleva as penas nos casos de homic\u00eddio e les\u00e3o corporal contra agentes do Estado;<\/li>\n<li>PL 4331\/25, do deputado Yury do Pared\u00e3o (MDB-CE), que aumenta a destina\u00e7\u00e3o da arrecada\u00e7\u00e3o com jogos de apostas de quota fixa (bets) para o financiamento da seguran\u00e7a p\u00fablica;<\/li>\n<li>PL 4503\/25, da deputada Delegada Ione (Avante-MG), que cria o crime de obstru\u00e7\u00e3o de Justi\u00e7a no C\u00f3digo Penal;<\/li>\n<li>PL 4332\/25, do deputado Yury do Pared\u00e3o, que repassa aos estados os bens e recursos confiscados do tr\u00e1fico de drogas a partir de atua\u00e7\u00e3o de seus \u00f3rg\u00e3os policiais;<\/li>\n<li>PL 4500\/25, do deputado Alberto Fraga (PL-DF), que aumenta a repress\u00e3o aos crimes praticados por organiza\u00e7\u00f5es criminosas;<\/li>\n<li>PL 4333\/25 do deputado Yury do Pared\u00e3o, que estende a at\u00e9 60 dias a pris\u00e3o cautelar de flagrante em crimes com pena superior a quatro\u00a0anos;<\/li>\n<li>PL 4498\/25, do deputado Delegado Fabio Costa (PP-AL), que estabelece mecanismos de atua\u00e7\u00e3o colaborativa entre os \u00f3rg\u00e3os de fiscaliza\u00e7\u00e3o e controle e os \u00f3rg\u00e3os de persecu\u00e7\u00e3o penal;<\/li>\n<li>PL 4499\/25, do deputado Coronel Assis (Uni\u00e3o-MT), que tipifica o crime de dom\u00ednio de cidades, quando h\u00e1 ordem de bloqueio de ruas ou pr\u00e9dios de seguran\u00e7a p\u00fablica com uso de armas.<\/li>\n<\/ul>\n","protected":false},"excerpt":{"rendered":"<p>A C\u00e2mara dos Deputados aprovou nesta ter\u00e7a-feira\u00a0(30) o regime de urg\u00eancia para oito propostas sobre seguran\u00e7a p\u00fablica. Com a aprova\u00e7\u00e3o da urg\u00eancia, os projetos podem ser votados diretamente no plen\u00e1rio, sem ter que passar pelas comiss\u00f5es da Casa. Mais cedo, o presidente da C\u00e2mara, Hugo Motta (Republicanos-PB), se manifestou em uma rede social afirmando que [&hellip;]<\/p>\n","protected":false},"author":111,"featured_media":5193,"comment_status":"open","ping_status":"open","sticky":false,"template":"","format":"standard","meta":{"site-sidebar-layout":"default","site-content-layout":"","ast-site-content-layout":"","site-content-style":"default","site-sidebar-style":"default","ast-global-header-display":"","ast-banner-title-visibility":"","ast-main-header-display":"","ast-hfb-above-header-display":"","ast-hfb-below-header-display":"","ast-hfb-mobile-header-display":"","site-post-title":"","ast-breadcrumbs-content":"","ast-featured-img":"","footer-sml-layout":"","theme-transparent-header-meta":"","adv-header-id-meta":"","stick-header-meta":"","header-above-stick-meta":"","header-main-stick-meta":"","header-below-stick-meta":"","astra-migrate-meta-layouts":"default","ast-page-background-enabled":"default","ast-page-background-meta":{"desktop":{"background-color":"var(--ast-global-color-4)","background-image":"","background-repeat":"repeat","background-position":"center center","background-size":"auto","background-attachment":"scroll","background-type":"","background-media":"","overlay-type":"","overlay-color":"","overlay-opacity":"","overlay-gradient":""},"tablet":{"background-color":"","background-image":"","background-repeat":"repeat","background-position":"center center","background-size":"auto","background-attachment":"scroll","background-type":"","background-media":"","overlay-type":"","overlay-color":"","overlay-opacity":"","overlay-gradient":""},"mobile":{"background-color":"","background-image":"","background-repeat":"repeat","background-position":"center center","background-size":"auto","background-attachment":"scroll","background-type":"","background-media":"","overlay-type":"","overlay-color":"","overlay-opacity":"","overlay-gradient":""}},"ast-content-background-meta":{"desktop":{"background-color":"var(--ast-global-color-5)","background-image":"","background-repeat":"repeat","background-position":"center center","background-size":"auto","background-attachment":"scroll","background-type":"","background-media":"","overlay-type":"","overlay-color":"","overlay-opacity":"","overlay-gradient":""},"tablet":{"background-color":"var(--ast-global-color-5)","background-image":"","background-repeat":"repeat","background-position":"center center","background-size":"auto","background-attachment":"scroll","background-type":"","background-media":"","overlay-type":"","overlay-color":"","overlay-opacity":"","overlay-gradient":""},"mobile":{"background-color":"var(--ast-global-color-5)","background-image":"","background-repeat":"repeat","background-position":"center center","background-size":"auto","background-attachment":"scroll","background-type":"","background-media":"","overlay-type":"","overlay-color":"","overlay-opacity":"","overlay-gradient":""}},"footnotes":""},"categories":[1],"tags":[],"class_list":["post-5192","post","type-post","status-publish","format-standard","has-post-thumbnail","hentry","category-sem-categoria"],"_links":{"self":[{"href":"https:\/\/jornalregionalms.com.br\/index.php?rest_route=\/wp\/v2\/posts\/5192","targetHints":{"allow":["GET"]}}],"collection":[{"href":"https:\/\/jornalregionalms.com.br\/index.php?rest_route=\/wp\/v2\/posts"}],"about":[{"href":"https:\/\/jornalregionalms.com.br\/index.php?rest_route=\/wp\/v2\/types\/post"}],"author":[{"embeddable":true,"href":"https:\/\/jornalregionalms.com.br\/index.php?rest_route=\/wp\/v2\/users\/111"}],"replies":[{"embeddable":true,"href":"https:\/\/jornalregionalms.com.br\/index.php?rest_route=%2Fwp%2Fv2%2Fcomments&post=5192"}],"version-history":[{"count":0,"href":"https:\/\/jornalregionalms.com.br\/index.php?rest_route=\/wp\/v2\/posts\/5192\/revisions"}],"wp:featuredmedia":[{"embeddable":true,"href":"https:\/\/jornalregionalms.com.br\/index.php?rest_route=\/wp\/v2\/media\/5193"}],"wp:attachment":[{"href":"https:\/\/jornalregionalms.com.br\/index.php?rest_route=%2Fwp%2Fv2%2Fmedia&parent=5192"}],"wp:term":[{"taxonomy":"category","embeddable":true,"href":"https:\/\/jornalregionalms.com.br\/index.php?rest_route=%2Fwp%2Fv2%2Fcategories&post=5192"},{"taxonomy":"post_tag","embeddable":true,"href":"https:\/\/jornalregionalms.com.br\/index.php?rest_route=%2Fwp%2Fv2%2Ftags&post=5192"}],"curies":[{"name":"wp","href":"https:\/\/api.w.org\/{rel}","templated":true}]}}