{"id":5188,"date":"2025-09-30T22:27:20","date_gmt":"2025-10-01T02:27:20","guid":{"rendered":"https:\/\/jornalregionalms.com.br\/?p=5188"},"modified":"2025-09-30T22:27:20","modified_gmt":"2025-10-01T02:27:20","slug":"lula-discute-pautas-do-governo-em-encontro-com-motta-e-alcolumbre","status":"publish","type":"post","link":"https:\/\/jornalregionalms.com.br\/?p=5188","title":{"rendered":"Lula discute pautas do governo em encontro com Motta e Alcolumbre"},"content":{"rendered":"<\/p>\n<p><a class=\"\" href=\"https:\/\/agenciabrasil.ebc.com.br\/politica\/noticia\/2025-09\/lula-discute-pautas-do-governo-em-encontro-com-motta-e-alcolumbre\"><br \/>\n                    <img decoding=\"async\" src=\"https:\/\/cdn.jsdelivr.net\/gh\/sergiosdlima\/assets-ebc@1.0.0\/abr\/assets\/images\/logo-agenciabrasil.svg\" alt=\"Logo Ag\u00eancia Brasil\"><br \/>\n\t\t\t\t<\/a><\/p>\n<p>A <strong>ministra da Secretaria de Rela\u00e7\u00f5es Institucionais, Gleisi Hoffmann, afirmou que o presidente Luiz In\u00e1cio Lula da Silva almo\u00e7ou com os presidentes da C\u00e2mara, Hugo Motta (Republicanos-PB), e do Senado, Davi Alcolumbre (Uni\u00e3o Brasil-AP), nesta ter\u00e7a-feira (30), em Bras\u00edlia, para debater as pautas priorit\u00e1rias do governo no Congresso Nacional <\/strong>at\u00e9 o fim deste ano.<img decoding=\"async\" src=\"https:\/\/agenciabrasil.ebc.com.br\/ebc.png?id=1660884&#038;o=rss\"><img decoding=\"async\" src=\"https:\/\/agenciabrasil.ebc.com.br\/ebc.gif?id=1660884&#038;o=rss\"><\/p>\n<p>Al\u00e9m de Gleisi, o ministro da Fazenda, Fernando Haddad, tamb\u00e9m esteve no encontro.<\/p>\n<blockquote>\n<h3>Not\u00edcias relacionadas:<\/h3>\n<ul>\n<li><a href=\"https:\/\/agenciabrasil.ebc.com.br\/politica\/noticia\/2025-09\/com-vetos-lula-sanciona-limite-para-inelegibilidade-por-ficha-limpa\">Com vetos, Lula sanciona limite para inelegibilidade por Ficha Limpa.<\/a><\/li>\n<\/ul>\n<p>&#8220;Era para discutir um pouco a pauta que n\u00f3s temos a\u00ed nesse final do ano. S\u00e3o projetos importantes, eu n\u00e3o diria para o governo, diria para a popula\u00e7\u00e3o brasileira. Um deles \u00e9 o Imposto de Renda que vai amanh\u00e3 para o plen\u00e1rio da C\u00e2mara, que isenta quem ganha at\u00e9 R$ 5 mil reais&#8221;, destacou a ministra em conversa com jornalistas ap\u00f3s evento no Pal\u00e1cio do Planalto.\n<\/p><\/blockquote>\n<p>O projeto relatado pelo deputado Arthur Lira (PP-AL), ex-presidente da C\u00e2mara, prev\u00ea a<strong> isen\u00e7\u00e3o do IR para quem ganha at\u00e9 R$ 5 mil e a redu\u00e7\u00e3o parcial do imposto para quem recebe entre R$ 5 mil e R$ 7.350<\/strong>. Para compensar essa perda arrecadat\u00f3ria, o governo federal prop\u00f4s uma al\u00edquota extra progressiva de at\u00e9 10% para quem ganha acima de R$ 600 mil por ano, ou R$ 50 mil por m\u00eas.<\/p>\n<p>A al\u00edquota extra m\u00e1xima de 10% ser\u00e1 cobrada de quem ganha a partir de R$ 1,2 milh\u00e3o por ano, ou R$ 100 mil por m\u00eas. A proposta traz ainda a tributa\u00e7\u00e3o de 10% sobre dividendos enviados ao exterior, que foi mantida por Arthur Lira em seu relat\u00f3rio.<\/p>\n<p>&#8220;Uma outra mat\u00e9ria muito importante para n\u00f3s \u00e9 a Medida Provis\u00f3ria 1303, que \u00e9 uma Medida Provis\u00f3ria que faz tributa\u00e7\u00e3o de setores com alta renda no Brasil, aumenta um pouco a tributa\u00e7\u00e3o de bets, das fintechs [bancos digitais], dos bancos, de [aplica\u00e7\u00f5es em] letras de cr\u00e9dito [imobili\u00e1rio e do agroneg\u00f3cio] e que tamb\u00e9m gera um recurso importante para o or\u00e7amento do ano que vem&#8221;, acrescentou.<\/p>\n<p>Gleisi refor\u00e7ou que a MP 1303, que deve ser votada na comiss\u00e3o especial na manh\u00e3 de quinta-feira (2), segundo confirmou Motta no almo\u00e7o, tamb\u00e9m traz medidas de despesa, entre elas uma mudan\u00e7a na Lei de Diretrizes e Bases da Educa\u00e7\u00e3o (LDB) para que o programa P\u00e9-de-Meia seja contabilizado como despesa do Fundo de Manuten\u00e7\u00e3o e Desenvolvimento da Educa\u00e7\u00e3o B\u00e1sica e de Valoriza\u00e7\u00e3o dos Profissionais da Educa\u00e7\u00e3o (Fundeb). O outro ponto \u00e9 um maior controle no cadastramento de pescadores artesanais que recebem o seguro-defeso, um aux\u00edlio previdenci\u00e1rio em per\u00edodos em que a pesca \u00e9 proibida.<\/p>\n<p>Sobre o tema da anistia ou o projeto de lei da chamada dosimetria, que reduz penas para os condenados pela trama golpista, Gleisi disse que o assunto est\u00e1 fora da pauta.<\/p>\n<p>&#8220;Me parece que a anistia n\u00e3o ser\u00e1 pauta essa semana, n\u00e3o sei quando vai ser pauta. Como n\u00e3o \u00e9 um tema que nos interessa, n\u00f3s tamb\u00e9m n\u00e3o perguntamos a respeito&#8221;, comentou.<\/p>\n","protected":false},"excerpt":{"rendered":"<p>A ministra da Secretaria de Rela\u00e7\u00f5es Institucionais, Gleisi Hoffmann, afirmou que o presidente Luiz In\u00e1cio Lula da Silva almo\u00e7ou com os presidentes da C\u00e2mara, Hugo Motta (Republicanos-PB), e do Senado, Davi Alcolumbre (Uni\u00e3o Brasil-AP), nesta ter\u00e7a-feira (30), em Bras\u00edlia, para debater as pautas priorit\u00e1rias do governo no Congresso Nacional at\u00e9 o fim deste ano. Al\u00e9m [&hellip;]<\/p>\n","protected":false},"author":3,"featured_media":5189,"comment_status":"open","ping_status":"open","sticky":false,"template":"","format":"standard","meta":{"site-sidebar-layout":"default","site-content-layout":"","ast-site-content-layout":"","site-content-style":"default","site-sidebar-style":"default","ast-global-header-display":"","ast-banner-title-visibility":"","ast-main-header-display":"","ast-hfb-above-header-display":"","ast-hfb-below-header-display":"","ast-hfb-mobile-header-display":"","site-post-title":"","ast-breadcrumbs-content":"","ast-featured-img":"","footer-sml-layout":"","theme-transparent-header-meta":"","adv-header-id-meta":"","stick-header-meta":"","header-above-stick-meta":"","header-main-stick-meta":"","header-below-stick-meta":"","astra-migrate-meta-layouts":"default","ast-page-background-enabled":"default","ast-page-background-meta":{"desktop":{"background-color":"var(--ast-global-color-4)","background-image":"","background-repeat":"repeat","background-position":"center center","background-size":"auto","background-attachment":"scroll","background-type":"","background-media":"","overlay-type":"","overlay-color":"","overlay-opacity":"","overlay-gradient":""},"tablet":{"background-color":"","background-image":"","background-repeat":"repeat","background-position":"center center","background-size":"auto","background-attachment":"scroll","background-type":"","background-media":"","overlay-type":"","overlay-color":"","overlay-opacity":"","overlay-gradient":""},"mobile":{"background-color":"","background-image":"","background-repeat":"repeat","background-position":"center center","background-size":"auto","background-attachment":"scroll","background-type":"","background-media":"","overlay-type":"","overlay-color":"","overlay-opacity":"","overlay-gradient":""}},"ast-content-background-meta":{"desktop":{"background-color":"var(--ast-global-color-5)","background-image":"","background-repeat":"repeat","background-position":"center center","background-size":"auto","background-attachment":"scroll","background-type":"","background-media":"","overlay-type":"","overlay-color":"","overlay-opacity":"","overlay-gradient":""},"tablet":{"background-color":"var(--ast-global-color-5)","background-image":"","background-repeat":"repeat","background-position":"center center","background-size":"auto","background-attachment":"scroll","background-type":"","background-media":"","overlay-type":"","overlay-color":"","overlay-opacity":"","overlay-gradient":""},"mobile":{"background-color":"var(--ast-global-color-5)","background-image":"","background-repeat":"repeat","background-position":"center center","background-size":"auto","background-attachment":"scroll","background-type":"","background-media":"","overlay-type":"","overlay-color":"","overlay-opacity":"","overlay-gradient":""}},"footnotes":""},"categories":[1],"tags":[],"class_list":["post-5188","post","type-post","status-publish","format-standard","has-post-thumbnail","hentry","category-sem-categoria"],"_links":{"self":[{"href":"https:\/\/jornalregionalms.com.br\/index.php?rest_route=\/wp\/v2\/posts\/5188","targetHints":{"allow":["GET"]}}],"collection":[{"href":"https:\/\/jornalregionalms.com.br\/index.php?rest_route=\/wp\/v2\/posts"}],"about":[{"href":"https:\/\/jornalregionalms.com.br\/index.php?rest_route=\/wp\/v2\/types\/post"}],"author":[{"embeddable":true,"href":"https:\/\/jornalregionalms.com.br\/index.php?rest_route=\/wp\/v2\/users\/3"}],"replies":[{"embeddable":true,"href":"https:\/\/jornalregionalms.com.br\/index.php?rest_route=%2Fwp%2Fv2%2Fcomments&post=5188"}],"version-history":[{"count":0,"href":"https:\/\/jornalregionalms.com.br\/index.php?rest_route=\/wp\/v2\/posts\/5188\/revisions"}],"wp:featuredmedia":[{"embeddable":true,"href":"https:\/\/jornalregionalms.com.br\/index.php?rest_route=\/wp\/v2\/media\/5189"}],"wp:attachment":[{"href":"https:\/\/jornalregionalms.com.br\/index.php?rest_route=%2Fwp%2Fv2%2Fmedia&parent=5188"}],"wp:term":[{"taxonomy":"category","embeddable":true,"href":"https:\/\/jornalregionalms.com.br\/index.php?rest_route=%2Fwp%2Fv2%2Fcategories&post=5188"},{"taxonomy":"post_tag","embeddable":true,"href":"https:\/\/jornalregionalms.com.br\/index.php?rest_route=%2Fwp%2Fv2%2Ftags&post=5188"}],"curies":[{"name":"wp","href":"https:\/\/api.w.org\/{rel}","templated":true}]}}