{"id":5184,"date":"2025-09-30T22:27:18","date_gmt":"2025-10-01T02:27:18","guid":{"rendered":"https:\/\/jornalregionalms.com.br\/?p=5184"},"modified":"2025-09-30T22:27:18","modified_gmt":"2025-10-01T02:27:18","slug":"stf-tem-maioria-para-manter-numero-de-deputados-nas-eleicoes-de-2026","status":"publish","type":"post","link":"https:\/\/jornalregionalms.com.br\/?p=5184","title":{"rendered":"STF tem maioria para manter n\u00famero de deputados nas elei\u00e7\u00f5es de 2026"},"content":{"rendered":"<p><strong>O Supremo Tribunal Federal (STF) formou nesta ter\u00e7a-feira (30) maioria de votos para referendar a liminar do ministro Luiz Fux que manteve o mesmo n\u00famero de deputados das elei\u00e7\u00f5es de 2022\u00a0nas elei\u00e7\u00f5es de 2026.<\/strong><img decoding=\"async\" src=\"https:\/\/agenciabrasil.ebc.com.br\/ebc.png?id=1660867&#038;o=rss\"><img decoding=\"async\" src=\"https:\/\/agenciabrasil.ebc.com.br\/ebc.gif?id=1660867&#038;o=rss\"><\/p>\n<p>Ontem (29), Fux atendeu ao pedido do presidente do Congresso Nacional, Davi Alcolumbre (Uni\u00e3o-AP), para que as altera\u00e7\u00f5es no n\u00famero de deputados federais \u2013 de 513 para 531 \u2013 ou qualquer normatiza\u00e7\u00e3o que pudesse advir do Tribunal Superior Eleitoral (TSE) sejam aplic\u00e1veis somente a partir das elei\u00e7\u00f5es de 2030.<\/p>\n<p>Ap\u00f3s a decis\u00e3o, Fux enviou ao plen\u00e1rio virtual da Corte sua decis\u00e3o para ser referendada pelos demais ministros.<\/p>\n<p><strong>At\u00e9 o momento, os ministros Alexandre de Moraes, Cristiano Zanin, Nunes Marques, C\u00e1rmen L\u00facia, Gilmar Mendes, Fl\u00e1vio Dino\u00a0e Dias Toffoli votaram para manter a decis\u00e3o de Fux.<\/strong><\/p>\n<p>A vota\u00e7\u00e3o virtual do caso ser\u00e1 encerrada nesta quarta-feira (1\u00b0).\u00a0<\/p>\n","protected":false},"excerpt":{"rendered":"<p>O Supremo Tribunal Federal (STF) formou nesta ter\u00e7a-feira (30) maioria de votos para referendar a liminar do ministro Luiz Fux que manteve o mesmo n\u00famero de deputados das elei\u00e7\u00f5es de 2022\u00a0nas elei\u00e7\u00f5es de 2026. Ontem (29), Fux atendeu ao pedido do presidente do Congresso Nacional, Davi Alcolumbre (Uni\u00e3o-AP), para que as altera\u00e7\u00f5es no n\u00famero de [&hellip;]<\/p>\n","protected":false},"author":15,"featured_media":5185,"comment_status":"open","ping_status":"open","sticky":false,"template":"","format":"standard","meta":{"site-sidebar-layout":"default","site-content-layout":"","ast-site-content-layout":"","site-content-style":"default","site-sidebar-style":"default","ast-global-header-display":"","ast-banner-title-visibility":"","ast-main-header-display":"","ast-hfb-above-header-display":"","ast-hfb-below-header-display":"","ast-hfb-mobile-header-display":"","site-post-title":"","ast-breadcrumbs-content":"","ast-featured-img":"","footer-sml-layout":"","theme-transparent-header-meta":"","adv-header-id-meta":"","stick-header-meta":"","header-above-stick-meta":"","header-main-stick-meta":"","header-below-stick-meta":"","astra-migrate-meta-layouts":"default","ast-page-background-enabled":"default","ast-page-background-meta":{"desktop":{"background-color":"var(--ast-global-color-4)","background-image":"","background-repeat":"repeat","background-position":"center center","background-size":"auto","background-attachment":"scroll","background-type":"","background-media":"","overlay-type":"","overlay-color":"","overlay-opacity":"","overlay-gradient":""},"tablet":{"background-color":"","background-image":"","background-repeat":"repeat","background-position":"center center","background-size":"auto","background-attachment":"scroll","background-type":"","background-media":"","overlay-type":"","overlay-color":"","overlay-opacity":"","overlay-gradient":""},"mobile":{"background-color":"","background-image":"","background-repeat":"repeat","background-position":"center center","background-size":"auto","background-attachment":"scroll","background-type":"","background-media":"","overlay-type":"","overlay-color":"","overlay-opacity":"","overlay-gradient":""}},"ast-content-background-meta":{"desktop":{"background-color":"var(--ast-global-color-5)","background-image":"","background-repeat":"repeat","background-position":"center center","background-size":"auto","background-attachment":"scroll","background-type":"","background-media":"","overlay-type":"","overlay-color":"","overlay-opacity":"","overlay-gradient":""},"tablet":{"background-color":"var(--ast-global-color-5)","background-image":"","background-repeat":"repeat","background-position":"center center","background-size":"auto","background-attachment":"scroll","background-type":"","background-media":"","overlay-type":"","overlay-color":"","overlay-opacity":"","overlay-gradient":""},"mobile":{"background-color":"var(--ast-global-color-5)","background-image":"","background-repeat":"repeat","background-position":"center center","background-size":"auto","background-attachment":"scroll","background-type":"","background-media":"","overlay-type":"","overlay-color":"","overlay-opacity":"","overlay-gradient":""}},"footnotes":""},"categories":[1],"tags":[],"class_list":["post-5184","post","type-post","status-publish","format-standard","has-post-thumbnail","hentry","category-sem-categoria"],"_links":{"self":[{"href":"https:\/\/jornalregionalms.com.br\/index.php?rest_route=\/wp\/v2\/posts\/5184","targetHints":{"allow":["GET"]}}],"collection":[{"href":"https:\/\/jornalregionalms.com.br\/index.php?rest_route=\/wp\/v2\/posts"}],"about":[{"href":"https:\/\/jornalregionalms.com.br\/index.php?rest_route=\/wp\/v2\/types\/post"}],"author":[{"embeddable":true,"href":"https:\/\/jornalregionalms.com.br\/index.php?rest_route=\/wp\/v2\/users\/15"}],"replies":[{"embeddable":true,"href":"https:\/\/jornalregionalms.com.br\/index.php?rest_route=%2Fwp%2Fv2%2Fcomments&post=5184"}],"version-history":[{"count":0,"href":"https:\/\/jornalregionalms.com.br\/index.php?rest_route=\/wp\/v2\/posts\/5184\/revisions"}],"wp:featuredmedia":[{"embeddable":true,"href":"https:\/\/jornalregionalms.com.br\/index.php?rest_route=\/wp\/v2\/media\/5185"}],"wp:attachment":[{"href":"https:\/\/jornalregionalms.com.br\/index.php?rest_route=%2Fwp%2Fv2%2Fmedia&parent=5184"}],"wp:term":[{"taxonomy":"category","embeddable":true,"href":"https:\/\/jornalregionalms.com.br\/index.php?rest_route=%2Fwp%2Fv2%2Fcategories&post=5184"},{"taxonomy":"post_tag","embeddable":true,"href":"https:\/\/jornalregionalms.com.br\/index.php?rest_route=%2Fwp%2Fv2%2Ftags&post=5184"}],"curies":[{"name":"wp","href":"https:\/\/api.w.org\/{rel}","templated":true}]}}