{"id":5180,"date":"2025-09-30T22:27:12","date_gmt":"2025-10-01T02:27:12","guid":{"rendered":"https:\/\/jornalregionalms.com.br\/?p=5180"},"modified":"2025-09-30T22:27:12","modified_gmt":"2025-10-01T02:27:12","slug":"batata-ovos-e-verduras-reduzem-pressao-inflacionaria-em-agosto-em-sp","status":"publish","type":"post","link":"https:\/\/jornalregionalms.com.br\/?p=5180","title":{"rendered":"Batata, ovos e verduras reduzem press\u00e3o inflacion\u00e1ria em agosto em SP"},"content":{"rendered":"<\/p>\n<p><a class=\"\" href=\"https:\/\/agenciabrasil.ebc.com.br\/economia\/noticia\/2025-09\/batata-ovos-e-verduras-reduzem-pressao-inflacionaria-em-agosto-em-sp\"><br \/>\n                    <img decoding=\"async\" src=\"https:\/\/cdn.jsdelivr.net\/gh\/sergiosdlima\/assets-ebc@1.0.0\/abr\/assets\/images\/logo-agenciabrasil.svg\" alt=\"Logo Ag\u00eancia Brasil\"><br \/>\n\t\t\t\t<\/a><\/p>\n<p><strong>A queda dos pre\u00e7os dos tub\u00e9rculos, ovos e verduras reduziu a press\u00e3o sobre a infla\u00e7\u00e3o de agosto no estado de S\u00e3o Paulo, segundo a pesquisa da Associa\u00e7\u00e3o Paulista de Supermercados (Apas), feita juntamente com a Funda\u00e7\u00e3o Instituto de Pesquisas Econ\u00f4micas (Fipe).<\/strong><img decoding=\"async\" src=\"https:\/\/agenciabrasil.ebc.com.br\/ebc.png?id=1660836&#038;o=rss\"><img decoding=\"async\" src=\"https:\/\/agenciabrasil.ebc.com.br\/ebc.gif?id=1660836&#038;o=rss\"><\/p>\n<p>Os tr\u00eas g\u00eaneros aliment\u00edcios foram os respons\u00e1veis pela defla\u00e7\u00e3o de 1,43% no m\u00eas passado, acumulando uma queda de 4,42% nos \u00faltimos 12 meses.<\/p>\n<blockquote>\n<h3>Not\u00edcias relacionadas:<\/h3>\n<ul>\n<li><a href=\"https:\/\/agenciabrasil.ebc.com.br\/economia\/noticia\/2025-09\/ipea-acompanha-bc-e-reduz-projecao-de-inflacao-para-48-em-2025\">Ipea acompanha BC e reduz proje\u00e7\u00e3o de infla\u00e7\u00e3o para 4,8% em 2025.<\/a><\/li>\n<li><a href=\"https:\/\/agenciabrasil.ebc.com.br\/economia\/noticia\/2025-09\/mudancas-no-vale-alimentacao-devem-ser-anunciadas-em-outubro\">Mudan\u00e7as no vale-alimenta\u00e7\u00e3o devem ser anunciadas em outubro.<\/a><\/li>\n<li><a href=\"https:\/\/agenciabrasil.ebc.com.br\/economia\/noticia\/2025-09\/Setor-de-alimenta%C3%A7%C3%A3o-tem-43%25-das-empresas-com-lucro-em-agosto-\">Setor de alimenta\u00e7\u00e3o tem 43% das empresas com lucro em agosto.<\/a><\/li>\n<\/ul>\n<p>\u201cCom a boa safra e mais variedade nas g\u00f4ndolas, conseguimos perceber que os produtos in natura deram um al\u00edvio importante no bolso do consumidor\u201d, avaliou Ac\u00e1cio Maciel, diretor regional da Apas\u00a0em Campinas.\n<\/p><\/blockquote>\n<p><strong>No caso dos tub\u00e9rculos, a retra\u00e7\u00e3o foi de 6,98% em agosto, o que resultou em uma queda de 13,83% no acumulado de 2025 e de 37,53% em 12 meses.<\/strong> A\u00a0batata retrocedeu 5,49% no m\u00eas.<\/p>\n<p><strong>A justificativa para os pre\u00e7os \u00e9 o cen\u00e1rio de abund\u00e2ncia na oferta dos produtos, com pre\u00e7os menores em raz\u00e3o das colheitas e condi\u00e7\u00f5es clim\u00e1ticas apropriadas.<\/strong><\/p>\n<p><a href=\"https:\/\/www.whatsapp.com\/channel\/0029VaoRTgrInlqYLSk59B2M\" target=\"_blank\">>> Siga o canal da <strong>Ag\u00eancia Brasil <\/strong>no WhatsApp<\/a><\/p>\n<p><strong>A cebola registrou uma queda de 11,11%, um dos destaques do m\u00eas.\u00a0J\u00e1 os ovos ca\u00edram 3,6% em agosto, quinto m\u00eas consecutivo de queda<\/strong>. Mas ainda acumulam alta de 11,83% no ano e de 17,01% em 12 meses. A explica\u00e7\u00e3o \u00e9 que os custos altos de ra\u00e7\u00e3o e energia seguem pressionando o setor.<\/p>\n<p>Por fim, as verduras tiveram queda de 5,82% em agosto, permanecendo praticamente est\u00e1veis no acumulado do ano (0,18%) e em 12 meses (1,42%).<\/p>\n","protected":false},"excerpt":{"rendered":"<p>A queda dos pre\u00e7os dos tub\u00e9rculos, ovos e verduras reduziu a press\u00e3o sobre a infla\u00e7\u00e3o de agosto no estado de S\u00e3o Paulo, segundo a pesquisa da Associa\u00e7\u00e3o Paulista de Supermercados (Apas), feita juntamente com a Funda\u00e7\u00e3o Instituto de Pesquisas Econ\u00f4micas (Fipe). Os tr\u00eas g\u00eaneros aliment\u00edcios foram os respons\u00e1veis pela defla\u00e7\u00e3o de 1,43% no m\u00eas passado, [&hellip;]<\/p>\n","protected":false},"author":15,"featured_media":5181,"comment_status":"open","ping_status":"open","sticky":false,"template":"","format":"standard","meta":{"site-sidebar-layout":"default","site-content-layout":"","ast-site-content-layout":"","site-content-style":"default","site-sidebar-style":"default","ast-global-header-display":"","ast-banner-title-visibility":"","ast-main-header-display":"","ast-hfb-above-header-display":"","ast-hfb-below-header-display":"","ast-hfb-mobile-header-display":"","site-post-title":"","ast-breadcrumbs-content":"","ast-featured-img":"","footer-sml-layout":"","theme-transparent-header-meta":"","adv-header-id-meta":"","stick-header-meta":"","header-above-stick-meta":"","header-main-stick-meta":"","header-below-stick-meta":"","astra-migrate-meta-layouts":"default","ast-page-background-enabled":"default","ast-page-background-meta":{"desktop":{"background-color":"var(--ast-global-color-4)","background-image":"","background-repeat":"repeat","background-position":"center center","background-size":"auto","background-attachment":"scroll","background-type":"","background-media":"","overlay-type":"","overlay-color":"","overlay-opacity":"","overlay-gradient":""},"tablet":{"background-color":"","background-image":"","background-repeat":"repeat","background-position":"center center","background-size":"auto","background-attachment":"scroll","background-type":"","background-media":"","overlay-type":"","overlay-color":"","overlay-opacity":"","overlay-gradient":""},"mobile":{"background-color":"","background-image":"","background-repeat":"repeat","background-position":"center center","background-size":"auto","background-attachment":"scroll","background-type":"","background-media":"","overlay-type":"","overlay-color":"","overlay-opacity":"","overlay-gradient":""}},"ast-content-background-meta":{"desktop":{"background-color":"var(--ast-global-color-5)","background-image":"","background-repeat":"repeat","background-position":"center center","background-size":"auto","background-attachment":"scroll","background-type":"","background-media":"","overlay-type":"","overlay-color":"","overlay-opacity":"","overlay-gradient":""},"tablet":{"background-color":"var(--ast-global-color-5)","background-image":"","background-repeat":"repeat","background-position":"center center","background-size":"auto","background-attachment":"scroll","background-type":"","background-media":"","overlay-type":"","overlay-color":"","overlay-opacity":"","overlay-gradient":""},"mobile":{"background-color":"var(--ast-global-color-5)","background-image":"","background-repeat":"repeat","background-position":"center center","background-size":"auto","background-attachment":"scroll","background-type":"","background-media":"","overlay-type":"","overlay-color":"","overlay-opacity":"","overlay-gradient":""}},"footnotes":""},"categories":[126],"tags":[],"class_list":["post-5180","post","type-post","status-publish","format-standard","has-post-thumbnail","hentry","category-policial"],"_links":{"self":[{"href":"https:\/\/jornalregionalms.com.br\/index.php?rest_route=\/wp\/v2\/posts\/5180","targetHints":{"allow":["GET"]}}],"collection":[{"href":"https:\/\/jornalregionalms.com.br\/index.php?rest_route=\/wp\/v2\/posts"}],"about":[{"href":"https:\/\/jornalregionalms.com.br\/index.php?rest_route=\/wp\/v2\/types\/post"}],"author":[{"embeddable":true,"href":"https:\/\/jornalregionalms.com.br\/index.php?rest_route=\/wp\/v2\/users\/15"}],"replies":[{"embeddable":true,"href":"https:\/\/jornalregionalms.com.br\/index.php?rest_route=%2Fwp%2Fv2%2Fcomments&post=5180"}],"version-history":[{"count":0,"href":"https:\/\/jornalregionalms.com.br\/index.php?rest_route=\/wp\/v2\/posts\/5180\/revisions"}],"wp:featuredmedia":[{"embeddable":true,"href":"https:\/\/jornalregionalms.com.br\/index.php?rest_route=\/wp\/v2\/media\/5181"}],"wp:attachment":[{"href":"https:\/\/jornalregionalms.com.br\/index.php?rest_route=%2Fwp%2Fv2%2Fmedia&parent=5180"}],"wp:term":[{"taxonomy":"category","embeddable":true,"href":"https:\/\/jornalregionalms.com.br\/index.php?rest_route=%2Fwp%2Fv2%2Fcategories&post=5180"},{"taxonomy":"post_tag","embeddable":true,"href":"https:\/\/jornalregionalms.com.br\/index.php?rest_route=%2Fwp%2Fv2%2Ftags&post=5180"}],"curies":[{"name":"wp","href":"https:\/\/api.w.org\/{rel}","templated":true}]}}