{"id":5176,"date":"2025-09-30T22:27:12","date_gmt":"2025-10-01T02:27:12","guid":{"rendered":"https:\/\/jornalregionalms.com.br\/?p=5176"},"modified":"2025-09-30T22:27:12","modified_gmt":"2025-10-01T02:27:12","slug":"catalogo-inedito-do-museu-nacional-reune-fotografias-historicas","status":"publish","type":"post","link":"https:\/\/jornalregionalms.com.br\/?p=5176","title":{"rendered":"Cat\u00e1logo in\u00e9dito do Museu Nacional re\u00fane fotografias hist\u00f3ricas"},"content":{"rendered":"<p>O Museu Nacional lan\u00e7ou, nesta ter\u00e7a-feira (30), um cat\u00e1logo in\u00e9dito de fotografias hist\u00f3ricas. O material re\u00fane imagens produzidas a partir de c\u00f3pias em papel de negativos em vidro perdidos no inc\u00eandio que afetou o museu em 2018. Foram destru\u00eddos 85% do seu acervo, que contava com 20 milh\u00f5es de itens antes da trag\u00e9dia.\u00a0<img decoding=\"async\" src=\"https:\/\/agenciabrasil.ebc.com.br\/ebc.png?id=1660869&#038;o=rss\"><img decoding=\"async\" src=\"https:\/\/agenciabrasil.ebc.com.br\/ebc.gif?id=1660869&#038;o=rss\"><\/p>\n<p>O cat\u00e1logo \u201cVest\u00edgios Visuais: As Pranchas Fotogr\u00e1ficas do Museu Nacional\u201d re\u00fane 213 pranchas fotogr\u00e1ficas hist\u00f3ricas, que documentam aspectos significativos da atua\u00e7\u00e3o cient\u00edfica e curatorial da institui\u00e7\u00e3o ao longo da primeira metade do s\u00e9culo XX. O material tamb\u00e9m ser\u00e1 disponibilizado em formato digital.\u00a0<\/p>\n<p>O projeto foi organizado por Jorge Dias da Silva Junior, chefe da Se\u00e7\u00e3o de Mem\u00f3ria e Arquivo, e Ana Luiza Castro do Amaral, chefe do Laborat\u00f3rio Central de Conserva\u00e7\u00e3o e Restaura\u00e7\u00e3o, com diagrama\u00e7\u00e3o e projeto gr\u00e1fico de Anna Warzynski.\u00a0<\/p>\n<p>Os registros visuais abrangem diversas \u00e1reas do conhecimento: antropologia, arqueologia, bot\u00e2nica, zoologia, etnografia e geologia; registros de expedi\u00e7\u00f5es da Comiss\u00e3o Rondon; miss\u00f5es etnogr\u00e1ficas lideradas pelo pai da radiodifus\u00e3o brasileira, Roquette Pinto; estudos de anatomia comparada; instrumentos ind\u00edgenas e mapas hist\u00f3ricos.<\/p>\n<p>  <span class=\"hms hms-format-m-ss\">1:43<\/span><\/p>\n","protected":false},"excerpt":{"rendered":"<p>O Museu Nacional lan\u00e7ou, nesta ter\u00e7a-feira (30), um cat\u00e1logo in\u00e9dito de fotografias hist\u00f3ricas. O material re\u00fane imagens produzidas a partir de c\u00f3pias em papel de negativos em vidro perdidos no inc\u00eandio que afetou o museu em 2018. Foram destru\u00eddos 85% do seu acervo, que contava com 20 milh\u00f5es de itens antes da trag\u00e9dia.\u00a0 O cat\u00e1logo [&hellip;]<\/p>\n","protected":false},"author":46,"featured_media":5177,"comment_status":"open","ping_status":"open","sticky":false,"template":"","format":"standard","meta":{"site-sidebar-layout":"default","site-content-layout":"","ast-site-content-layout":"","site-content-style":"default","site-sidebar-style":"default","ast-global-header-display":"","ast-banner-title-visibility":"","ast-main-header-display":"","ast-hfb-above-header-display":"","ast-hfb-below-header-display":"","ast-hfb-mobile-header-display":"","site-post-title":"","ast-breadcrumbs-content":"","ast-featured-img":"","footer-sml-layout":"","theme-transparent-header-meta":"","adv-header-id-meta":"","stick-header-meta":"","header-above-stick-meta":"","header-main-stick-meta":"","header-below-stick-meta":"","astra-migrate-meta-layouts":"default","ast-page-background-enabled":"default","ast-page-background-meta":{"desktop":{"background-color":"var(--ast-global-color-4)","background-image":"","background-repeat":"repeat","background-position":"center center","background-size":"auto","background-attachment":"scroll","background-type":"","background-media":"","overlay-type":"","overlay-color":"","overlay-opacity":"","overlay-gradient":""},"tablet":{"background-color":"","background-image":"","background-repeat":"repeat","background-position":"center center","background-size":"auto","background-attachment":"scroll","background-type":"","background-media":"","overlay-type":"","overlay-color":"","overlay-opacity":"","overlay-gradient":""},"mobile":{"background-color":"","background-image":"","background-repeat":"repeat","background-position":"center center","background-size":"auto","background-attachment":"scroll","background-type":"","background-media":"","overlay-type":"","overlay-color":"","overlay-opacity":"","overlay-gradient":""}},"ast-content-background-meta":{"desktop":{"background-color":"var(--ast-global-color-5)","background-image":"","background-repeat":"repeat","background-position":"center center","background-size":"auto","background-attachment":"scroll","background-type":"","background-media":"","overlay-type":"","overlay-color":"","overlay-opacity":"","overlay-gradient":""},"tablet":{"background-color":"var(--ast-global-color-5)","background-image":"","background-repeat":"repeat","background-position":"center center","background-size":"auto","background-attachment":"scroll","background-type":"","background-media":"","overlay-type":"","overlay-color":"","overlay-opacity":"","overlay-gradient":""},"mobile":{"background-color":"var(--ast-global-color-5)","background-image":"","background-repeat":"repeat","background-position":"center center","background-size":"auto","background-attachment":"scroll","background-type":"","background-media":"","overlay-type":"","overlay-color":"","overlay-opacity":"","overlay-gradient":""}},"footnotes":""},"categories":[1],"tags":[],"class_list":["post-5176","post","type-post","status-publish","format-standard","has-post-thumbnail","hentry","category-sem-categoria"],"_links":{"self":[{"href":"https:\/\/jornalregionalms.com.br\/index.php?rest_route=\/wp\/v2\/posts\/5176","targetHints":{"allow":["GET"]}}],"collection":[{"href":"https:\/\/jornalregionalms.com.br\/index.php?rest_route=\/wp\/v2\/posts"}],"about":[{"href":"https:\/\/jornalregionalms.com.br\/index.php?rest_route=\/wp\/v2\/types\/post"}],"author":[{"embeddable":true,"href":"https:\/\/jornalregionalms.com.br\/index.php?rest_route=\/wp\/v2\/users\/46"}],"replies":[{"embeddable":true,"href":"https:\/\/jornalregionalms.com.br\/index.php?rest_route=%2Fwp%2Fv2%2Fcomments&post=5176"}],"version-history":[{"count":0,"href":"https:\/\/jornalregionalms.com.br\/index.php?rest_route=\/wp\/v2\/posts\/5176\/revisions"}],"wp:featuredmedia":[{"embeddable":true,"href":"https:\/\/jornalregionalms.com.br\/index.php?rest_route=\/wp\/v2\/media\/5177"}],"wp:attachment":[{"href":"https:\/\/jornalregionalms.com.br\/index.php?rest_route=%2Fwp%2Fv2%2Fmedia&parent=5176"}],"wp:term":[{"taxonomy":"category","embeddable":true,"href":"https:\/\/jornalregionalms.com.br\/index.php?rest_route=%2Fwp%2Fv2%2Fcategories&post=5176"},{"taxonomy":"post_tag","embeddable":true,"href":"https:\/\/jornalregionalms.com.br\/index.php?rest_route=%2Fwp%2Fv2%2Ftags&post=5176"}],"curies":[{"name":"wp","href":"https:\/\/api.w.org\/{rel}","templated":true}]}}