{"id":5172,"date":"2025-09-30T19:36:52","date_gmt":"2025-09-30T23:36:52","guid":{"rendered":"https:\/\/jornalregionalms.com.br\/?p=5172"},"modified":"2025-09-30T19:36:52","modified_gmt":"2025-09-30T23:36:52","slug":"mundial-de-atletismo-brasil-garante-mais-14-podios-em-nova-deli","status":"publish","type":"post","link":"https:\/\/jornalregionalms.com.br\/?p=5172","title":{"rendered":"Mundial de atletismo: Brasil garante mais 14 p\u00f3dios em Nova D\u00e9li"},"content":{"rendered":"<\/p>\n<p><a class=\"\" href=\"https:\/\/agenciabrasil.ebc.com.br\/esportes\/noticia\/2025-09\/mundial-de-atletismo-brasil-garante-mais-14-podios-em-nova-deli\"><br \/>\n                    <img decoding=\"async\" src=\"https:\/\/cdn.jsdelivr.net\/gh\/sergiosdlima\/assets-ebc@1.0.0\/abr\/assets\/images\/logo-agenciabrasil.svg\" alt=\"Logo Ag\u00eancia Brasil\"><br \/>\n\t\t\t\t<\/a><\/p>\n<p>Com direito a tr\u00eas ouros, o Brasil somou, nesta ter\u00e7a-feira (30), mais 14 medalhas no Mundial de atletismo em Nova D\u00e9li (\u00cdndia). Com isso, a delega\u00e7\u00e3o brasileira permanece na lideran\u00e7a do quadro de medalhas da competi\u00e7\u00e3o, com o total de 27 p\u00f3dios (sete ouros, 14 pratas e seis bronzes).<img decoding=\"async\" src=\"https:\/\/agenciabrasil.ebc.com.br\/ebc.png?id=1660865&#038;o=rss\"><img decoding=\"async\" src=\"https:\/\/agenciabrasil.ebc.com.br\/ebc.gif?id=1660865&#038;o=rss\"><\/p>\n<blockquote class=\"twitter-tweet\">\n<p dir=\"ltr\" lang=\"pt\" xml:lang=\"pt\">A GENTE N\u00c3O AGUENTAVA MAIS FINGIR HUMILDADE! \ud83c\udde7\ud83c\uddf7<\/p>\n<p>Em um s\u00f3 dia no <a href=\"https:\/\/twitter.com\/hashtag\/MundialDeAtletismo?src=hash&#038;ref_src=twsrc%5Etfw\">#MundialDeAtletismo<\/a>, a delega\u00e7\u00e3o somou 14 medalhas \u2013 tr\u00eas de ouro, sete de prata e quatro de bronze \u2013 e manteve a lideran\u00e7a isolada do quadro geral, agora com 27 p\u00f3dios (7\ud83e\udd47, 14\ud83e\udd48 e 6\ud83e\udd49), mais que o dobro da segunda\u2026 <a href=\"https:\/\/t.co\/gr0pc6K7iO\">pic.twitter.com\/gr0pc6K7iO<\/a><\/p>\n<p>\u2014 Comit\u00ea Paral\u00edmpico Brasileiro (@BraParalimpico) <a href=\"https:\/\/twitter.com\/BraParalimpico\/status\/1973067785405088017?ref_src=twsrc%5Etfw\">September 30, 2025<\/a><\/p><\/blockquote>\n<p><script async=\"\" src=\"https:\/\/platform.twitter.com\/widgets.js\" charset=\"utf-8\"><\/script><\/p>\n<h3>Not\u00edcias relacionadas:<\/h3>\n<ul>\n<li><a href=\"https:\/\/agenciabrasil.ebc.com.br\/esportes\/noticia\/2025-09\/brasil-leva-6-medalhas-no-2o-dia-do-mundial-de-atletismo-paralimpico\">Brasil leva 6 medalhas no 2\u00ba dia do Mundial de atletismo paral\u00edmpico.<\/a><\/li>\n<li><a href=\"https:\/\/agenciabrasil.ebc.com.br\/esportes\/noticia\/2025-09\/tetra-e-penta-brasil-abre-mundial-de-atletismo-paralimpico-com-ouros\">Tetra e penta: Brasil abre Mundial de atletismo paral\u00edmpico com ouro.<\/a><\/li>\n<li><a href=\"https:\/\/agenciabrasil.ebc.com.br\/esportes\/noticia\/2025-09\/com-mais-3-medalhas-brasil-fecha-mundial-de-natacao-paralimpica\">Com mais 3 medalhas, Brasil fecha Mundial de Nata\u00e7\u00e3o Paral\u00edmpica .<\/a><\/li>\n<\/ul>\n<p>Os destaques desta ter\u00e7a foram as primeiras coloca\u00e7\u00f5es de Ricardo Mendon\u00e7a e de Yeltsin Jacques. Com o tempo de 22s77, o fluminense Ricardo Mendon\u00e7a foi o primeiro colocado nos 200 metros T37 (paralisados cerebrais). Na mesma prova, a prata ficou com o maranhense Bartolomeu Chaves.<\/p>\n<p>Outra dobradinha do Brasil nesta ter\u00e7a saiu na prova dos 1.500 metros T11 (defici\u00eancia visual), com o sul-mato-grossense Yeltsin Jacques vencendo a disputa em 4min02s02 e o paulista J\u00falio C\u00e9sar Agripino garantindo a prata.<\/p>\n<p>O terceiro ouro brasileiro na \u00cdndia veio com Claudiney Batista na prova do lan\u00e7amento de disco F56.<\/p>\n<blockquote class=\"twitter-tweet\">\n<p dir=\"ltr\" lang=\"pt\" xml:lang=\"pt\">ELE N\u00c3O PARA! \ud83c\udfc3\u200d\u2642\ufe0f\ud83d\udca8<\/p>\n<p>Come\u00e7amos a ter\u00e7a-feira em <a href=\"https:\/\/twitter.com\/hashtag\/NovaDeli?src=hash&#038;ref_src=twsrc%5Etfw\">#NovaDeli<\/a> como? Com mais uma medalha pro homem! @ricardomendonca31 \u00e9 OURO para o Brasil!\ud83e\udd47\ud83c\udde7\ud83c\uddf7<\/p>\n<p>Depois de ser campe\u00e3o no <a href=\"https:\/\/twitter.com\/hashtag\/MundialDeAtletismo?src=hash&#038;ref_src=twsrc%5Etfw\">#MundialDeAtletismo<\/a> em Paris 2023, hoje ele repete a dose e se torna BICAMPE\u00c3O MUNDIAL nos 200m T37. \ud83c\udfc6\u2026 <a href=\"https:\/\/t.co\/zGI6jYDSBV\">pic.twitter.com\/zGI6jYDSBV<\/a><\/p>\n<p>\u2014 Comit\u00ea Paral\u00edmpico Brasileiro (@BraParalimpico) <a href=\"https:\/\/twitter.com\/BraParalimpico\/status\/1973000074348159171?ref_src=twsrc%5Etfw\">September 30, 2025<\/a><\/p><\/blockquote>\n<p><script async=\"\" src=\"https:\/\/platform.twitter.com\/widgets.js\" charset=\"utf-8\"><\/script><\/p>\n<p>Outras pratas da delega\u00e7\u00e3o brasileira foram garantidas pela maranhense Rayane Soares, na prova dos 200 metros T13 (defici\u00eancia visual), e pelo fluminense Jo\u00e3o Matos Cunha, nos 100 metros T72 (petra).<\/p>\n<p>Al\u00e9m disso, o Brasil somou mais quatro bronzes: no lan\u00e7amento de dardo F44 (defici\u00eancia nos membros inferiores), com o catarinense Edenilson Floriani, no lan\u00e7amento de dardo F44 (defici\u00eancia nos membros inferiores), com a paulista Giovanna Boscolo, nos 100 metros T13 (defici\u00eancia visual), com o sul-mato-grossense Fabr\u00edcio Ferreir, e nos 100 metros T36 (paralisados cerebrais), com a paulista Ver\u00f4nica Hip\u00f3lito.<\/p>\n","protected":false},"excerpt":{"rendered":"<p>Com direito a tr\u00eas ouros, o Brasil somou, nesta ter\u00e7a-feira (30), mais 14 medalhas no Mundial de atletismo em Nova D\u00e9li (\u00cdndia). Com isso, a delega\u00e7\u00e3o brasileira permanece na lideran\u00e7a do quadro de medalhas da competi\u00e7\u00e3o, com o total de 27 p\u00f3dios (sete ouros, 14 pratas e seis bronzes). A GENTE N\u00c3O AGUENTAVA MAIS FINGIR [&hellip;]<\/p>\n","protected":false},"author":15,"featured_media":5173,"comment_status":"open","ping_status":"open","sticky":false,"template":"","format":"standard","meta":{"site-sidebar-layout":"default","site-content-layout":"","ast-site-content-layout":"","site-content-style":"default","site-sidebar-style":"default","ast-global-header-display":"","ast-banner-title-visibility":"","ast-main-header-display":"","ast-hfb-above-header-display":"","ast-hfb-below-header-display":"","ast-hfb-mobile-header-display":"","site-post-title":"","ast-breadcrumbs-content":"","ast-featured-img":"","footer-sml-layout":"","theme-transparent-header-meta":"","adv-header-id-meta":"","stick-header-meta":"","header-above-stick-meta":"","header-main-stick-meta":"","header-below-stick-meta":"","astra-migrate-meta-layouts":"default","ast-page-background-enabled":"default","ast-page-background-meta":{"desktop":{"background-color":"var(--ast-global-color-4)","background-image":"","background-repeat":"repeat","background-position":"center center","background-size":"auto","background-attachment":"scroll","background-type":"","background-media":"","overlay-type":"","overlay-color":"","overlay-opacity":"","overlay-gradient":""},"tablet":{"background-color":"","background-image":"","background-repeat":"repeat","background-position":"center center","background-size":"auto","background-attachment":"scroll","background-type":"","background-media":"","overlay-type":"","overlay-color":"","overlay-opacity":"","overlay-gradient":""},"mobile":{"background-color":"","background-image":"","background-repeat":"repeat","background-position":"center center","background-size":"auto","background-attachment":"scroll","background-type":"","background-media":"","overlay-type":"","overlay-color":"","overlay-opacity":"","overlay-gradient":""}},"ast-content-background-meta":{"desktop":{"background-color":"var(--ast-global-color-5)","background-image":"","background-repeat":"repeat","background-position":"center center","background-size":"auto","background-attachment":"scroll","background-type":"","background-media":"","overlay-type":"","overlay-color":"","overlay-opacity":"","overlay-gradient":""},"tablet":{"background-color":"var(--ast-global-color-5)","background-image":"","background-repeat":"repeat","background-position":"center center","background-size":"auto","background-attachment":"scroll","background-type":"","background-media":"","overlay-type":"","overlay-color":"","overlay-opacity":"","overlay-gradient":""},"mobile":{"background-color":"var(--ast-global-color-5)","background-image":"","background-repeat":"repeat","background-position":"center center","background-size":"auto","background-attachment":"scroll","background-type":"","background-media":"","overlay-type":"","overlay-color":"","overlay-opacity":"","overlay-gradient":""}},"footnotes":""},"categories":[1],"tags":[],"class_list":["post-5172","post","type-post","status-publish","format-standard","has-post-thumbnail","hentry","category-sem-categoria"],"_links":{"self":[{"href":"https:\/\/jornalregionalms.com.br\/index.php?rest_route=\/wp\/v2\/posts\/5172","targetHints":{"allow":["GET"]}}],"collection":[{"href":"https:\/\/jornalregionalms.com.br\/index.php?rest_route=\/wp\/v2\/posts"}],"about":[{"href":"https:\/\/jornalregionalms.com.br\/index.php?rest_route=\/wp\/v2\/types\/post"}],"author":[{"embeddable":true,"href":"https:\/\/jornalregionalms.com.br\/index.php?rest_route=\/wp\/v2\/users\/15"}],"replies":[{"embeddable":true,"href":"https:\/\/jornalregionalms.com.br\/index.php?rest_route=%2Fwp%2Fv2%2Fcomments&post=5172"}],"version-history":[{"count":0,"href":"https:\/\/jornalregionalms.com.br\/index.php?rest_route=\/wp\/v2\/posts\/5172\/revisions"}],"wp:featuredmedia":[{"embeddable":true,"href":"https:\/\/jornalregionalms.com.br\/index.php?rest_route=\/wp\/v2\/media\/5173"}],"wp:attachment":[{"href":"https:\/\/jornalregionalms.com.br\/index.php?rest_route=%2Fwp%2Fv2%2Fmedia&parent=5172"}],"wp:term":[{"taxonomy":"category","embeddable":true,"href":"https:\/\/jornalregionalms.com.br\/index.php?rest_route=%2Fwp%2Fv2%2Fcategories&post=5172"},{"taxonomy":"post_tag","embeddable":true,"href":"https:\/\/jornalregionalms.com.br\/index.php?rest_route=%2Fwp%2Fv2%2Ftags&post=5172"}],"curies":[{"name":"wp","href":"https:\/\/api.w.org\/{rel}","templated":true}]}}