{"id":4456,"date":"2025-09-17T21:30:28","date_gmt":"2025-09-18T01:30:28","guid":{"rendered":"https:\/\/jornalregionalms.com.br\/?p=4456"},"modified":"2025-09-17T21:30:28","modified_gmt":"2025-09-18T01:30:28","slug":"roubos-de-rua-e-de-veiculos-diminuem-em-agosto-no-rio-de-janeiro","status":"publish","type":"post","link":"https:\/\/jornalregionalms.com.br\/?p=4456","title":{"rendered":"Roubos de rua e de ve\u00edculos diminuem em agosto no Rio de Janeiro"},"content":{"rendered":"<\/p>\n<p><a class=\"\" href=\"https:\/\/agenciabrasil.ebc.com.br\/geral\/noticia\/2025-09\/roubos-de-rua-e-de-veiculos-diminuem-em-agosto-no-rio-de-janeiro\"><br \/>\n                    <img decoding=\"async\" src=\"https:\/\/cdn.jsdelivr.net\/gh\/sergiosdlima\/assets-ebc@1.0.0\/abr\/assets\/images\/logo-agenciabrasil.svg\" alt=\"Logo Ag\u00eancia Brasil\"><br \/>\n\t\t\t\t<\/a><\/p>\n<p><strong>O Instituto de Seguran\u00e7a P\u00fablica (ISP-RJ)\u00a0divulgou nesta quarta-feira (17) os indicadores\u00a0de agosto de 2025, que mostram queda de 13% no n\u00famero de roubos de rua, com\u00a04.461 ocorr\u00eancias\u00a0contra 5.123\u00a0no mesmo per\u00edodo de 2024<\/strong>.<img decoding=\"async\" src=\"https:\/\/agenciabrasil.ebc.com.br\/ebc.png?id=1659225&#038;o=rss\"><img decoding=\"async\" src=\"https:\/\/agenciabrasil.ebc.com.br\/ebc.gif?id=1659225&#038;o=rss\"><\/p>\n<p>Os roubos de ve\u00edculos tamb\u00e9m apresentaram queda. De acordo com o instituto, foram 1.810 casos, em agosto deste ano, frente a 2.833 no mesmo m\u00eas de 2024, o que representa uma redu\u00e7\u00e3o de 36%. Houve ainda recuo de 22% no n\u00famero de\u00a0roubos a transeuntes \u2014 o menor \u00edndice para agosto desde 2004 \u2014, de 60% em roubos em coletivo e de 43,7% em\u00a0roubos de carga.<\/p>\n<\/p>\n<h3>Not\u00edcias relacionadas:<\/h3>\n<ul>\n<li><a href=\"https:\/\/agenciabrasil.ebc.com.br\/geral\/noticia\/2025-09\/policia-prende-irmao-de-suspeito-envolvido-na-execucao-de-ex-delegado\">Pol\u00edcia prende irm\u00e3o de suspeito envolvido na execu\u00e7\u00e3o de ex-delegado.<\/a><\/li>\n<li><a href=\"https:\/\/agenciabrasil.ebc.com.br\/geral\/noticia\/2025-09\/policia-federal-prende-diretor-da-agencia-nacional-de-mineracao\">Pol\u00edcia Federal prende diretor da Ag\u00eancia Nacional de Minera\u00e7\u00e3o.<\/a><\/li>\n<li><a href=\"https:\/\/agenciabrasil.ebc.com.br\/geral\/noticia\/2025-09\/rio-tera-novo-monitoramento-de-mototaxistas-de-app-a-partir-deste-ano\">Rio ter\u00e1 novo monitoramento de mototaxistas de app a partir deste ano.<\/a><\/li>\n<\/ul>\n<p><strong>O furto de celulares aumentou\u00a040%\u00a0em rela\u00e7\u00e3o ao mesmo per\u00edodo do ano passado, sendo\u00a03.915 em 2026\u00a0contra 2.797 aparelhos\u00a0em 2024<\/strong>.<\/p>\n<p>O furto de bicicleta, de pessoas pedalando na rua e\u00a0levadas de pr\u00e9dios e resid\u00eancias registrou\u00a0aumento de 26%. Em agosto deste ano, foram 349 furtos contra 323 no mesmo per\u00edodo do ano passado.<\/p>\n<p><strong>O furto a transeuntes nas ruas teve um pequeno aumento, com 1014 em agosto deste ano\u00a0contra 992 no mesmo per\u00edodo de 2024, o que representa o aumento de 2%<\/strong>.<\/p>\n<p>Os furtos em coletivos tiveram tamb\u00e9m cresceram neste ano:\u00a0 712 furtos contra 668 em agosto\u00a0de 2024, representando aumento de 7%.<\/p>\n<blockquote>\n<p>\u201cOs crimes contra o patrim\u00f4nio impactam diretamente na sensa\u00e7\u00e3o de seguran\u00e7a da popula\u00e7\u00e3o; ent\u00e3o a redu\u00e7\u00e3o de todos esses tipos de roubo \u00e9 algo bastante relevante do ponto de vista da seguran\u00e7a p\u00fablica. Vamos continuar trabalhando e investindo cada vez mais para que essa queda alcance todos os indicadores\u201d, avalia\u00a0o governador do Rio de Janeiro, Cl\u00e1udio Castro.<\/p>\n<\/blockquote>\n<p><strong>A letalidade violenta tamb\u00e9m teve redu\u00e7\u00e3o, com 297 ocorr\u00eancias em agosto, frente a 305 no mesmo m\u00eas do ano anterior, o que corresponde a uma diminui\u00e7\u00e3o de 2,6%<\/strong>. As mortes por interven\u00e7\u00e3o de agente do Estado acompanharam a queda, passando de 69 mortes em 2024 para 44 neste ano.<\/p>\n<p>A produtividade das pol\u00edcias Civil e Militar continua em alta. No acumulado do ano, as for\u00e7as de seguran\u00e7a fizeram 16.703 apreens\u00f5es de drogas, um aumento de 1,4% em rela\u00e7\u00e3o ao mesmo per\u00edodo de 2024, com m\u00e9dia de 69 por dia, bem como a recupera\u00e7\u00e3o de ve\u00edculos, que foi de\u00a011.501 em 2025\u00a0contra 11.282 de janeiro a agosto de 2024, um crescimento de 2%.<\/p>\n<p><strong>Entre janeiro e agosto de 2025 foram retiradas das ruas 4.066 armas de fogo, com m\u00e9dia de 16 por dia, sendo 518 fuzis, o que corresponde a cerca de duas apreens\u00f5es di\u00e1rias<\/strong>. Al\u00e9m disso, no acumulado do ano\u00a0os agentes de seguran\u00e7a efetuaram 28.139 pris\u00f5es em flagrante, uma m\u00e9dia de 116 por dia.<\/p>\n<p>A diretora-presidente do ISP, Marcela Ortiz, ressaltou a import\u00e2ncia dos resultados alcan\u00e7ados.<\/p>\n<blockquote>\n<p>\u201cA redu\u00e7\u00e3o expressiva e cont\u00ednua em diversos indicadores reflete a alta produtividade das pol\u00edcias, que atuam com precis\u00e3o, estrat\u00e9gia e comprometimento, em um esfor\u00e7o coordenado\u201d.<\/p>\n<\/blockquote>\n<h2>Resumo dos indicadores:<\/h2>\n<ul>\n<li>Letalidade violenta: 297 mortes em agosto de 2025, queda de 2,6% em rela\u00e7\u00e3o a agosto de 2024, quando houve 305 v\u00edtimas.<\/li>\n<li>Roubo de rua: 4.461 registros em agosto de 2025, redu\u00e7\u00e3o de 13% em rela\u00e7\u00e3o a agosto de 2024, que teve 5.123 casos.<\/li>\n<li>Roubo de ve\u00edculo: 1.810 registros em agosto de 2025, queda de 36% frente \u00e0s 2.833 ocorr\u00eancias de agosto de 2024.<\/li>\n<li>Apreens\u00e3o de drogas: Foram registradas 16.703 apreens\u00f5es de drogas no acumulado do ano, o que representa um aumento de 1,4% em rela\u00e7\u00e3o a 2024, com m\u00e9dia di\u00e1ria de 69 apreens\u00f5es.<\/li>\n<li>Fuzis apreendidos: 518 apreens\u00f5es de janeiro a agosto de 2025, uma m\u00e9dia de 2 por dia.<\/li>\n<li>Armas apreendidas: 4.066 de janeiro a agosto de 2025. Durante o per\u00edodo, foram retiradas uma m\u00e9dia de 16 armas por dia das ruas.<\/li>\n<li>Recupera\u00e7\u00e3o de ve\u00edculos: 11.501 de janeiro a agosto de 2025, aumento de 2% frente aos 11.282 do mesmo per\u00edodo de 2024.<\/li>\n<li>Pris\u00e3o em flagrante: 28.139 pris\u00f5es em flagrante ao longo dos oito primeiros meses do ano, uma m\u00e9dia de 119 por dia.<\/li>\n<li>Roubo a transeunte: 2.000 registros em agosto de 2025, queda de 22,6% em compara\u00e7\u00e3o \u00e0s 2.584 ocorr\u00eancias em agosto de 2024.<\/li>\n<li>Roubo em coletivo: 293 registros em agosto de 2025, queda de 60% em rela\u00e7\u00e3o a agosto de 2024, quando houve 731 casos.<\/li>\n<li>Roubo de carga: 184 registros em agosto de 2025, queda de 43,7% em rela\u00e7\u00e3o a agosto de 2024, que teve 327 ocorr\u00eancias.<\/li>\n<li>Mortes por interven\u00e7\u00e3o de agente do Estado: 44 mortes em agosto de 2025, queda de 25 mortes em compara\u00e7\u00e3o ao mesmo m\u00eas de 2024.<\/li>\n<\/ul>\n<p><strong>Os dados divulgados pelo Instituto de Seguran\u00e7a P\u00fablica s\u00e3o referentes aos registros de ocorr\u00eancia registrados nas delegacias de Pol\u00edcia Civil do Estado do Rio de Janeiro durante o m\u00eas de agosto de 2025.<\/strong><\/p>\n","protected":false},"excerpt":{"rendered":"<p>O Instituto de Seguran\u00e7a P\u00fablica (ISP-RJ)\u00a0divulgou nesta quarta-feira (17) os indicadores\u00a0de agosto de 2025, que mostram queda de 13% no n\u00famero de roubos de rua, com\u00a04.461 ocorr\u00eancias\u00a0contra 5.123\u00a0no mesmo per\u00edodo de 2024. Os roubos de ve\u00edculos tamb\u00e9m apresentaram queda. De acordo com o instituto, foram 1.810 casos, em agosto deste ano, frente a 2.833 no [&hellip;]<\/p>\n","protected":false},"author":32,"featured_media":4457,"comment_status":"open","ping_status":"open","sticky":false,"template":"","format":"standard","meta":{"site-sidebar-layout":"default","site-content-layout":"","ast-site-content-layout":"","site-content-style":"default","site-sidebar-style":"default","ast-global-header-display":"","ast-banner-title-visibility":"","ast-main-header-display":"","ast-hfb-above-header-display":"","ast-hfb-below-header-display":"","ast-hfb-mobile-header-display":"","site-post-title":"","ast-breadcrumbs-content":"","ast-featured-img":"","footer-sml-layout":"","theme-transparent-header-meta":"","adv-header-id-meta":"","stick-header-meta":"","header-above-stick-meta":"","header-main-stick-meta":"","header-below-stick-meta":"","astra-migrate-meta-layouts":"default","ast-page-background-enabled":"default","ast-page-background-meta":{"desktop":{"background-color":"var(--ast-global-color-4)","background-image":"","background-repeat":"repeat","background-position":"center center","background-size":"auto","background-attachment":"scroll","background-type":"","background-media":"","overlay-type":"","overlay-color":"","overlay-opacity":"","overlay-gradient":""},"tablet":{"background-color":"","background-image":"","background-repeat":"repeat","background-position":"center center","background-size":"auto","background-attachment":"scroll","background-type":"","background-media":"","overlay-type":"","overlay-color":"","overlay-opacity":"","overlay-gradient":""},"mobile":{"background-color":"","background-image":"","background-repeat":"repeat","background-position":"center center","background-size":"auto","background-attachment":"scroll","background-type":"","background-media":"","overlay-type":"","overlay-color":"","overlay-opacity":"","overlay-gradient":""}},"ast-content-background-meta":{"desktop":{"background-color":"var(--ast-global-color-5)","background-image":"","background-repeat":"repeat","background-position":"center center","background-size":"auto","background-attachment":"scroll","background-type":"","background-media":"","overlay-type":"","overlay-color":"","overlay-opacity":"","overlay-gradient":""},"tablet":{"background-color":"var(--ast-global-color-5)","background-image":"","background-repeat":"repeat","background-position":"center center","background-size":"auto","background-attachment":"scroll","background-type":"","background-media":"","overlay-type":"","overlay-color":"","overlay-opacity":"","overlay-gradient":""},"mobile":{"background-color":"var(--ast-global-color-5)","background-image":"","background-repeat":"repeat","background-position":"center center","background-size":"auto","background-attachment":"scroll","background-type":"","background-media":"","overlay-type":"","overlay-color":"","overlay-opacity":"","overlay-gradient":""}},"footnotes":""},"categories":[1],"tags":[],"class_list":["post-4456","post","type-post","status-publish","format-standard","has-post-thumbnail","hentry","category-sem-categoria"],"_links":{"self":[{"href":"https:\/\/jornalregionalms.com.br\/index.php?rest_route=\/wp\/v2\/posts\/4456","targetHints":{"allow":["GET"]}}],"collection":[{"href":"https:\/\/jornalregionalms.com.br\/index.php?rest_route=\/wp\/v2\/posts"}],"about":[{"href":"https:\/\/jornalregionalms.com.br\/index.php?rest_route=\/wp\/v2\/types\/post"}],"author":[{"embeddable":true,"href":"https:\/\/jornalregionalms.com.br\/index.php?rest_route=\/wp\/v2\/users\/32"}],"replies":[{"embeddable":true,"href":"https:\/\/jornalregionalms.com.br\/index.php?rest_route=%2Fwp%2Fv2%2Fcomments&post=4456"}],"version-history":[{"count":0,"href":"https:\/\/jornalregionalms.com.br\/index.php?rest_route=\/wp\/v2\/posts\/4456\/revisions"}],"wp:featuredmedia":[{"embeddable":true,"href":"https:\/\/jornalregionalms.com.br\/index.php?rest_route=\/wp\/v2\/media\/4457"}],"wp:attachment":[{"href":"https:\/\/jornalregionalms.com.br\/index.php?rest_route=%2Fwp%2Fv2%2Fmedia&parent=4456"}],"wp:term":[{"taxonomy":"category","embeddable":true,"href":"https:\/\/jornalregionalms.com.br\/index.php?rest_route=%2Fwp%2Fv2%2Fcategories&post=4456"},{"taxonomy":"post_tag","embeddable":true,"href":"https:\/\/jornalregionalms.com.br\/index.php?rest_route=%2Fwp%2Fv2%2Ftags&post=4456"}],"curies":[{"name":"wp","href":"https:\/\/api.w.org\/{rel}","templated":true}]}}