{"id":4442,"date":"2025-09-17T21:30:12","date_gmt":"2025-09-18T01:30:12","guid":{"rendered":"https:\/\/jornalregionalms.com.br\/?p=4442"},"modified":"2025-09-17T21:30:12","modified_gmt":"2025-09-18T01:30:12","slug":"lula-envia-a-camara-projeto-para-regulacao-economica-de-big-techs","status":"publish","type":"post","link":"https:\/\/jornalregionalms.com.br\/?p=4442","title":{"rendered":"Lula envia \u00e0 C\u00e2mara projeto para regula\u00e7\u00e3o econ\u00f4mica de big techs"},"content":{"rendered":"<\/p>\n<p><a class=\"\" href=\"https:\/\/agenciabrasil.ebc.com.br\/politica\/noticia\/2025-09\/lula-envia-camara-projeto-para-regulacao-economica-de-big-techs\"><br \/>\n                    <img decoding=\"async\" src=\"https:\/\/cdn.jsdelivr.net\/gh\/sergiosdlima\/assets-ebc@1.0.0\/abr\/assets\/images\/logo-agenciabrasil.svg\" alt=\"Logo Ag\u00eancia Brasil\"><br \/>\n\t\t\t\t<\/a><\/p>\n<p>O governo federal enviou \u00e0 C\u00e2mara dos Deputados, nesta quarta-feira (17),\u00a0um <strong>projeto de lei de regula\u00e7\u00e3o econ\u00f4mica das big techs, com medidas para combater pr\u00e1ticas que prejudiquem a concorr\u00eancia no mundo digital<\/strong>. O projeto foi elaborado pela Secretaria de Reformas Econ\u00f4micas do Minist\u00e9rio da Fazenda\u00a0junto a um grupo t\u00e9cnico coordenado pela Casa Civil.<img decoding=\"async\" src=\"https:\/\/agenciabrasil.ebc.com.br\/ebc.png?id=1659226&#038;o=rss\"><img decoding=\"async\" src=\"https:\/\/agenciabrasil.ebc.com.br\/ebc.gif?id=1659226&#038;o=rss\"><\/p>\n<p>O projeto\u00a0prop\u00f5e ajustes no Sistema Brasileiro de Defesa da Concorr\u00eancia (SBDC &#8211;\u00a0Lei n\u00ba 12.529\/2011)\u00a0possibilitando a cria\u00e7\u00e3o de novos mecanismos para impedir o abuso de poder econ\u00f4mico por grandes plataformas digitais.<\/p>\n<\/p>\n<h3>Not\u00edcias relacionadas:<\/h3>\n<ul>\n<li><a href=\"https:\/\/agenciabrasil.ebc.com.br\/economia\/noticia\/2025-09\/apos-reuniao-com-lula-99-anuncia-r-2-bilhoes-para-delivery\">Ap\u00f3s reuni\u00e3o com Lula, 99 anuncia R$ 2 bilh\u00f5es para delivery .<\/a><\/li>\n<li><a href=\"https:\/\/agenciabrasil.ebc.com.br\/economia\/noticia\/2025-08\/haddad-20-milhoes-de-brasileiros-nao-deveriam-estar-pagando-ir\">Haddad: 20 milh\u00f5es de brasileiros n\u00e3o deveriam estar pagando IR.<\/a><\/li>\n<\/ul>\n<p>O texto busca prevenir pr\u00e1ticas que prejudiquem a livre concorr\u00eancia e garantir mais transpar\u00eancia, equil\u00edbrio e liberdade de escolha, al\u00e9m de menores pre\u00e7os, a consumidores e empresas. A ideia, segundo o governo,\u00a0\u00e9 corrigir distor\u00e7\u00f5es, baratear servi\u00e7os e preservar o espa\u00e7o para inova\u00e7\u00e3o.<\/p>\n<p>Durante apresenta\u00e7\u00e3o do projeto, no\u00a0Pal\u00e1cio do Planalto, o ministro da Fazenda, Fernando Haddad, afirmou que\u00a0a concorr\u00eancia \u00e9 uma velha\u00a0conhecida\u00a0do capitalismo que tem a tend\u00eancia a concentrar o capital em poucas m\u00e3os, acarretando na forma\u00e7\u00e3o de oligop\u00f3lios e monop\u00f3lios na economia.<\/p>\n<blockquote>\n<p>&#8220;O mundo digital evoluiu t\u00e3o r\u00e1pido\u00a0que a legisla\u00e7\u00e3o n\u00e3o acompanhou o passo a passo da concentra\u00e7\u00e3o de poder e dinheiro\u00a0que esses grande grupos econ\u00f4micos mant\u00e9m hoje. \u00c9 dever do Estado regular um setor t\u00e3o concentrado, impedindo pr\u00e1ticas desleais e anticoncorrenciais que v\u00e3o prejudicar os pequenos, m\u00e9dios e at\u00e9 grandes neg\u00f3cios&#8221;, destacou o ministro.\u00a0<\/p>\n<\/blockquote>\n<p>Haddad fez quest\u00e3o de destacar que o processo de elabora\u00e7\u00e3o do projeto teve in\u00edcio h\u00e1 mais de um ano e passou por consulta p\u00fablica. &#8220;Esse projeto versa sobre ambiente de neg\u00f3cios e pr\u00e1ticas concorrenciais justas no Brasil&#8221;, destacou.\u00a0<\/p>\n<h2>Designa\u00e7\u00e3o e obriga\u00e7\u00f5es<\/h2>\n<p>O projeto de lei cria dois processos administrativos no \u00e2mbito do Conselho Administrativo de Defesa Econ\u00f4mica (Cade):<\/p>\n<ul>\n<li>a designa\u00e7\u00e3o de plataformas de relev\u00e2ncia sist\u00eamica para mercados digitais e<\/li>\n<li>a determina\u00e7\u00e3o de obriga\u00e7\u00f5es especiais para as plataformas designadas.<\/li>\n<\/ul>\n<p>De acordo com o PL, o Cade dever\u00e1 fazer essa designa\u00e7\u00e3o a partir de caracter\u00edsticas qualitativas, al\u00e9m de observar um piso m\u00ednimo de faturamento \u2014 acima de R$ 5 bilh\u00f5es anuais no Brasil e R$ 50 bilh\u00f5es em termos globais. A designa\u00e7\u00e3o ser\u00e1 feita caso a caso, mediante instaura\u00e7\u00e3o de processo administrativo e sujeita \u00e0 aprova\u00e7\u00e3o do Tribunal do Cade.<\/p>\n<p>O texto prev\u00ea que as\u00a0plataformas poder\u00e3o ser submetidas a regras pr\u00e9vias de transpar\u00eancia, obriga\u00e7\u00f5es, proibi\u00e7\u00f5es e procedimentos espec\u00edficos. Assim como na designa\u00e7\u00e3o, a determina\u00e7\u00e3o de obriga\u00e7\u00f5es especiais \u00e0s plataformas digitais ser\u00e1 submetida \u00e0 aprova\u00e7\u00e3o colegiada do Tribunal do Cade, que dever\u00e1 especificar as obriga\u00e7\u00f5es e determinar multa em caso de descumprimento.<\/p>\n<p>H\u00e1 ainda a previs\u00e3o de\u00a0cria\u00e7\u00e3o da Superintend\u00eancia de Mercados Digitais (SMD), unidade especializada no Cade para tratar dos novos procedimentos relacionados \u00e0s plataformas de relev\u00e2ncia sist\u00eamica em mercados digitais.<\/p>\n<p>A nova unidade ser\u00e1 respons\u00e1vel por monitorar mercados digitais, instruir os processos de designa\u00e7\u00e3o de agentes econ\u00f4micos e de determina\u00e7\u00e3o de obriga\u00e7\u00f5es especiais, submetendo-os ao Tribunal do Cade, al\u00e9m de observar o cumprimento das obriga\u00e7\u00f5es e investigar poss\u00edveis viola\u00e7\u00f5es.<\/p>\n<p>\u00a0<\/p>\n","protected":false},"excerpt":{"rendered":"<p>O governo federal enviou \u00e0 C\u00e2mara dos Deputados, nesta quarta-feira (17),\u00a0um projeto de lei de regula\u00e7\u00e3o econ\u00f4mica das big techs, com medidas para combater pr\u00e1ticas que prejudiquem a concorr\u00eancia no mundo digital. O projeto foi elaborado pela Secretaria de Reformas Econ\u00f4micas do Minist\u00e9rio da Fazenda\u00a0junto a um grupo t\u00e9cnico coordenado pela Casa Civil. O projeto\u00a0prop\u00f5e [&hellip;]<\/p>\n","protected":false},"author":15,"featured_media":4443,"comment_status":"open","ping_status":"open","sticky":false,"template":"","format":"standard","meta":{"site-sidebar-layout":"default","site-content-layout":"","ast-site-content-layout":"","site-content-style":"default","site-sidebar-style":"default","ast-global-header-display":"","ast-banner-title-visibility":"","ast-main-header-display":"","ast-hfb-above-header-display":"","ast-hfb-below-header-display":"","ast-hfb-mobile-header-display":"","site-post-title":"","ast-breadcrumbs-content":"","ast-featured-img":"","footer-sml-layout":"","theme-transparent-header-meta":"","adv-header-id-meta":"","stick-header-meta":"","header-above-stick-meta":"","header-main-stick-meta":"","header-below-stick-meta":"","astra-migrate-meta-layouts":"default","ast-page-background-enabled":"default","ast-page-background-meta":{"desktop":{"background-color":"var(--ast-global-color-4)","background-image":"","background-repeat":"repeat","background-position":"center center","background-size":"auto","background-attachment":"scroll","background-type":"","background-media":"","overlay-type":"","overlay-color":"","overlay-opacity":"","overlay-gradient":""},"tablet":{"background-color":"","background-image":"","background-repeat":"repeat","background-position":"center center","background-size":"auto","background-attachment":"scroll","background-type":"","background-media":"","overlay-type":"","overlay-color":"","overlay-opacity":"","overlay-gradient":""},"mobile":{"background-color":"","background-image":"","background-repeat":"repeat","background-position":"center center","background-size":"auto","background-attachment":"scroll","background-type":"","background-media":"","overlay-type":"","overlay-color":"","overlay-opacity":"","overlay-gradient":""}},"ast-content-background-meta":{"desktop":{"background-color":"var(--ast-global-color-5)","background-image":"","background-repeat":"repeat","background-position":"center center","background-size":"auto","background-attachment":"scroll","background-type":"","background-media":"","overlay-type":"","overlay-color":"","overlay-opacity":"","overlay-gradient":""},"tablet":{"background-color":"var(--ast-global-color-5)","background-image":"","background-repeat":"repeat","background-position":"center center","background-size":"auto","background-attachment":"scroll","background-type":"","background-media":"","overlay-type":"","overlay-color":"","overlay-opacity":"","overlay-gradient":""},"mobile":{"background-color":"var(--ast-global-color-5)","background-image":"","background-repeat":"repeat","background-position":"center center","background-size":"auto","background-attachment":"scroll","background-type":"","background-media":"","overlay-type":"","overlay-color":"","overlay-opacity":"","overlay-gradient":""}},"footnotes":""},"categories":[1],"tags":[],"class_list":["post-4442","post","type-post","status-publish","format-standard","has-post-thumbnail","hentry","category-sem-categoria"],"_links":{"self":[{"href":"https:\/\/jornalregionalms.com.br\/index.php?rest_route=\/wp\/v2\/posts\/4442","targetHints":{"allow":["GET"]}}],"collection":[{"href":"https:\/\/jornalregionalms.com.br\/index.php?rest_route=\/wp\/v2\/posts"}],"about":[{"href":"https:\/\/jornalregionalms.com.br\/index.php?rest_route=\/wp\/v2\/types\/post"}],"author":[{"embeddable":true,"href":"https:\/\/jornalregionalms.com.br\/index.php?rest_route=\/wp\/v2\/users\/15"}],"replies":[{"embeddable":true,"href":"https:\/\/jornalregionalms.com.br\/index.php?rest_route=%2Fwp%2Fv2%2Fcomments&post=4442"}],"version-history":[{"count":0,"href":"https:\/\/jornalregionalms.com.br\/index.php?rest_route=\/wp\/v2\/posts\/4442\/revisions"}],"wp:featuredmedia":[{"embeddable":true,"href":"https:\/\/jornalregionalms.com.br\/index.php?rest_route=\/wp\/v2\/media\/4443"}],"wp:attachment":[{"href":"https:\/\/jornalregionalms.com.br\/index.php?rest_route=%2Fwp%2Fv2%2Fmedia&parent=4442"}],"wp:term":[{"taxonomy":"category","embeddable":true,"href":"https:\/\/jornalregionalms.com.br\/index.php?rest_route=%2Fwp%2Fv2%2Fcategories&post=4442"},{"taxonomy":"post_tag","embeddable":true,"href":"https:\/\/jornalregionalms.com.br\/index.php?rest_route=%2Fwp%2Fv2%2Ftags&post=4442"}],"curies":[{"name":"wp","href":"https:\/\/api.w.org\/{rel}","templated":true}]}}