{"id":4438,"date":"2025-09-17T21:30:08","date_gmt":"2025-09-18T01:30:08","guid":{"rendered":"https:\/\/jornalregionalms.com.br\/?p=4438"},"modified":"2025-09-17T21:30:08","modified_gmt":"2025-09-18T01:30:08","slug":"mendes-pede-parecer-sobre-acoes-contra-impeachment-de-ministros-do-stf","status":"publish","type":"post","link":"https:\/\/jornalregionalms.com.br\/?p=4438","title":{"rendered":"Mendes pede parecer sobre a\u00e7\u00f5es contra impeachment de ministros do STF"},"content":{"rendered":"<\/p>\n<p><a class=\"\" href=\"https:\/\/agenciabrasil.ebc.com.br\/justica\/noticia\/2025-09\/mendes-pede-parecer-sobre-acoes-contra-impeachment-de-ministros-do-stf\"><br \/>\n                    <img decoding=\"async\" src=\"https:\/\/cdn.jsdelivr.net\/gh\/sergiosdlima\/assets-ebc@1.0.0\/abr\/assets\/images\/logo-agenciabrasil.svg\" alt=\"Logo Ag\u00eancia Brasil\"><br \/>\n\t\t\t\t<\/a><\/p>\n<p>O ministro Gilmar Mendes, do Supremo Tribunal Federal (STF), concedeu nesta quarta-feira (17) prazo de cinco dias para a Advocacia-Geral da Uni\u00e3o (AGU) e a Procuradoria-Geral da Rep\u00fablica (PGR) se manifestarem sobre duas a\u00e7\u00f5es que contestam as regras para o impeachment de integrantes da Corte.<img decoding=\"async\" src=\"https:\/\/agenciabrasil.ebc.com.br\/ebc.png?id=1659239&#038;o=rss\"><img decoding=\"async\" src=\"https:\/\/agenciabrasil.ebc.com.br\/ebc.gif?id=1659239&#038;o=rss\"><\/p>\n<p>Com a decis\u00e3o, os dois \u00f3rg\u00e3os dever\u00e3o encaminhar ao Supremo suas manifesta\u00e7\u00f5es dentro do prazo estabelecido. Em seguida, o caso deve ser liberado para julgamento. Mendes \u00e9 o relator da quest\u00e3o.<\/p>\n<\/p>\n<h3>Not\u00edcias relacionadas:<\/h3>\n<ul>\n<li><a href=\"https:\/\/agenciabrasil.ebc.com.br\/justica\/noticia\/2025-09\/stf-definira-regras-para-autorizar-procedimentos-fora-do-rol-da-ans\">STF definir\u00e1 regras para autorizar procedimentos fora do rol da ANS.<\/a><\/li>\n<li><a href=\"https:\/\/agenciabrasil.ebc.com.br\/justica\/noticia\/2025-09\/condenado-bolsonaro-ainda-responde-outro-processo-entenda\">Condenado, Bolsonaro ainda responde a outro processo no STF; entenda.<\/a><\/li>\n<li><a href=\"https:\/\/agenciabrasil.ebc.com.br\/politica\/noticia\/2025-09\/nao-ha-ditadura-da-toga-no-brasil-afirma-gilmar-mendes\">N\u00e3o h\u00e1 &#8220;ditadura da toga&#8221; no Brasil, afirma Gilmar Mendes.<\/a><\/li>\n<\/ul>\n<p>As a\u00e7\u00f5es foram protocoladas no STF pela Associa\u00e7\u00e3o dos Magistrados Brasileiros (AMB) e o partido Solidariedade. As entidades contestam a constitucionalidade da Lei 1.079\/1950, conhecida como Lei do Impeachment.\u00a0<\/p>\n<p>Para a associa\u00e7\u00e3o e o partido, a parte da norma que trata da possibilidade de impeachment de ministros da Corte n\u00e3o foi recepcionada pela Constitui\u00e7\u00e3o de 1988.<\/p>\n<p>As entidades tamb\u00e9m afirmam que os ministros s\u00f3 podem ser alvo de processo de impedimento a partir de uma den\u00fancia da Procuradoria-Geral da Rep\u00fablica (PGR). Nesse caso, a vota\u00e7\u00e3o pelo Senado s\u00f3 poderia concluir pelo afastamento em uma vota\u00e7\u00e3o de dois ter\u00e7os dos senadores, e n\u00e3o por maioria simples, como est\u00e1 definido atualmente.<\/p>\n<p>O partido acrescentou ainda a necessidade de garantia de que o processo de impeachment n\u00e3o possa\u00a0ser aberto em raz\u00e3o de votos e opini\u00f5es proferidos no exerc\u00edcio das fun\u00e7\u00f5es dos ministros.<\/p>\n<p>O julgamento das a\u00e7\u00f5es ocorrer\u00e1 em meio aos diversos pedidos de impeachment de ministros do STF que foram protocolados no Senado por parlamentares aliados do <a href=\"https:\/\/agenciabrasil.ebc.com.br\/justica\/noticia\/2025-09\/por-4-1-stf-condena-bolsonaro-e-mais-sete-pela-trama-golpista\" target=\"_blank\">ex-presidente Jair Bolsonaro, condenado na semana passada a 27 anos e tr\u00eas meses de pris\u00e3o pela trama golpista<\/a>.<\/p>\n<p>Cerca de 50 pedidos de impeachment contra integrantes do Supremo j\u00e1 foram protocolados no Senado.\u00a0<\/p>\n","protected":false},"excerpt":{"rendered":"<p>O ministro Gilmar Mendes, do Supremo Tribunal Federal (STF), concedeu nesta quarta-feira (17) prazo de cinco dias para a Advocacia-Geral da Uni\u00e3o (AGU) e a Procuradoria-Geral da Rep\u00fablica (PGR) se manifestarem sobre duas a\u00e7\u00f5es que contestam as regras para o impeachment de integrantes da Corte. Com a decis\u00e3o, os dois \u00f3rg\u00e3os dever\u00e3o encaminhar ao Supremo [&hellip;]<\/p>\n","protected":false},"author":28,"featured_media":4439,"comment_status":"open","ping_status":"open","sticky":false,"template":"","format":"standard","meta":{"site-sidebar-layout":"default","site-content-layout":"","ast-site-content-layout":"","site-content-style":"default","site-sidebar-style":"default","ast-global-header-display":"","ast-banner-title-visibility":"","ast-main-header-display":"","ast-hfb-above-header-display":"","ast-hfb-below-header-display":"","ast-hfb-mobile-header-display":"","site-post-title":"","ast-breadcrumbs-content":"","ast-featured-img":"","footer-sml-layout":"","theme-transparent-header-meta":"","adv-header-id-meta":"","stick-header-meta":"","header-above-stick-meta":"","header-main-stick-meta":"","header-below-stick-meta":"","astra-migrate-meta-layouts":"default","ast-page-background-enabled":"default","ast-page-background-meta":{"desktop":{"background-color":"var(--ast-global-color-4)","background-image":"","background-repeat":"repeat","background-position":"center center","background-size":"auto","background-attachment":"scroll","background-type":"","background-media":"","overlay-type":"","overlay-color":"","overlay-opacity":"","overlay-gradient":""},"tablet":{"background-color":"","background-image":"","background-repeat":"repeat","background-position":"center center","background-size":"auto","background-attachment":"scroll","background-type":"","background-media":"","overlay-type":"","overlay-color":"","overlay-opacity":"","overlay-gradient":""},"mobile":{"background-color":"","background-image":"","background-repeat":"repeat","background-position":"center center","background-size":"auto","background-attachment":"scroll","background-type":"","background-media":"","overlay-type":"","overlay-color":"","overlay-opacity":"","overlay-gradient":""}},"ast-content-background-meta":{"desktop":{"background-color":"var(--ast-global-color-5)","background-image":"","background-repeat":"repeat","background-position":"center center","background-size":"auto","background-attachment":"scroll","background-type":"","background-media":"","overlay-type":"","overlay-color":"","overlay-opacity":"","overlay-gradient":""},"tablet":{"background-color":"var(--ast-global-color-5)","background-image":"","background-repeat":"repeat","background-position":"center center","background-size":"auto","background-attachment":"scroll","background-type":"","background-media":"","overlay-type":"","overlay-color":"","overlay-opacity":"","overlay-gradient":""},"mobile":{"background-color":"var(--ast-global-color-5)","background-image":"","background-repeat":"repeat","background-position":"center center","background-size":"auto","background-attachment":"scroll","background-type":"","background-media":"","overlay-type":"","overlay-color":"","overlay-opacity":"","overlay-gradient":""}},"footnotes":""},"categories":[1],"tags":[],"class_list":["post-4438","post","type-post","status-publish","format-standard","has-post-thumbnail","hentry","category-sem-categoria"],"_links":{"self":[{"href":"https:\/\/jornalregionalms.com.br\/index.php?rest_route=\/wp\/v2\/posts\/4438","targetHints":{"allow":["GET"]}}],"collection":[{"href":"https:\/\/jornalregionalms.com.br\/index.php?rest_route=\/wp\/v2\/posts"}],"about":[{"href":"https:\/\/jornalregionalms.com.br\/index.php?rest_route=\/wp\/v2\/types\/post"}],"author":[{"embeddable":true,"href":"https:\/\/jornalregionalms.com.br\/index.php?rest_route=\/wp\/v2\/users\/28"}],"replies":[{"embeddable":true,"href":"https:\/\/jornalregionalms.com.br\/index.php?rest_route=%2Fwp%2Fv2%2Fcomments&post=4438"}],"version-history":[{"count":0,"href":"https:\/\/jornalregionalms.com.br\/index.php?rest_route=\/wp\/v2\/posts\/4438\/revisions"}],"wp:featuredmedia":[{"embeddable":true,"href":"https:\/\/jornalregionalms.com.br\/index.php?rest_route=\/wp\/v2\/media\/4439"}],"wp:attachment":[{"href":"https:\/\/jornalregionalms.com.br\/index.php?rest_route=%2Fwp%2Fv2%2Fmedia&parent=4438"}],"wp:term":[{"taxonomy":"category","embeddable":true,"href":"https:\/\/jornalregionalms.com.br\/index.php?rest_route=%2Fwp%2Fv2%2Fcategories&post=4438"},{"taxonomy":"post_tag","embeddable":true,"href":"https:\/\/jornalregionalms.com.br\/index.php?rest_route=%2Fwp%2Fv2%2Ftags&post=4438"}],"curies":[{"name":"wp","href":"https:\/\/api.w.org\/{rel}","templated":true}]}}