{"id":4436,"date":"2025-09-17T21:30:09","date_gmt":"2025-09-18T01:30:09","guid":{"rendered":"https:\/\/jornalregionalms.com.br\/?p=4436"},"modified":"2025-09-17T21:30:09","modified_gmt":"2025-09-18T01:30:09","slug":"moraes-proibe-agentes-do-gsi-na-escolta-de-deslocamentos-de-bolsonaro","status":"publish","type":"post","link":"https:\/\/jornalregionalms.com.br\/?p=4436","title":{"rendered":"Moraes pro\u00edbe agentes do GSI na escolta de deslocamentos de Bolsonaro"},"content":{"rendered":"<\/p>\n<p><a class=\"\" href=\"https:\/\/agenciabrasil.ebc.com.br\/justica\/noticia\/2025-09\/moraes-proibe-agentes-do-gsi-na-escolta-de-deslocamentos-de-bolsonaro\"><br \/>\n                    <img decoding=\"async\" src=\"https:\/\/cdn.jsdelivr.net\/gh\/sergiosdlima\/assets-ebc@1.0.0\/abr\/assets\/images\/logo-agenciabrasil.svg\" alt=\"Logo Ag\u00eancia Brasil\"><br \/>\n\t\t\t\t<\/a><\/p>\n<p>O ministro Alexandre de Moraes, do Supremo Tribunal Federal (STF), determinou nesta quarta-feira (17) que a escolta de Jair Bolsonaro <strong>deve ser organizada pela Pol\u00edcia Federal ou Pol\u00edcia Penal do Distrito Federal, e n\u00e3o pelos agentes do Gabinete de Seguran\u00e7a Institucional (GSI) que fazem a seguran\u00e7a pessoal do ex-presidente.<\/strong><img decoding=\"async\" src=\"https:\/\/agenciabrasil.ebc.com.br\/ebc.png?id=1659240&#038;o=rss\"><img decoding=\"async\" src=\"https:\/\/agenciabrasil.ebc.com.br\/ebc.gif?id=1659240&#038;o=rss\"><\/p>\n<p><strong>A medida foi tomada ap\u00f3s o ministro cobrar esclarecimentos da Pol\u00edcia Penal sobre a sobre a escolta que levou Bolsonaro para realiza\u00e7\u00e3o de um procedimento m\u00e9dico em um hospital de Bras\u00edlia, no \u00faltimo domingo (14)<\/strong>.\u00a0<\/p>\n<\/p>\n<h3>Not\u00edcias relacionadas:<\/h3>\n<ul>\n<li><a href=\"https:\/\/agenciabrasil.ebc.com.br\/justica\/noticia\/2025-09\/bolsonaro-recebe-alta-hospitalar\">Bolsonaro recebe alta hospitalar; laudo aponta c\u00e2ncer de pele.<\/a><\/li>\n<li><a href=\"https:\/\/agenciabrasil.ebc.com.br\/justica\/noticia\/2025-09\/moraes-pede-explicacoes-sobre-escolta-que-levou-bolsonaro-ao-hospital\">Moraes pede explica\u00e7\u00f5es sobre escolta que levou Bolsonaro ao hospital .<\/a><\/li>\n<li><a href=\"https:\/\/agenciabrasil.ebc.com.br\/justica\/noticia\/2025-09\/bolsonaro-teve-pre-sincope-vomitos-e-queda-de-pressao-diz-defesa\">Bolsonaro teve pr\u00e9-s\u00edncope, v\u00f4mitos e queda de press\u00e3o, diz defesa.<\/a><\/li>\n<\/ul>\n<p>Por estar em pris\u00e3o domiciliar, Bolsonaro deveria deixar o Hospital DF Star imediatamente. A determina\u00e7\u00e3o estava na decis\u00e3o do ministro que autorizou o ex-presidente a sair de sua casa e comparecer ao hospital.\u00a0<\/p>\n<p><strong>Contudo, ao deixar o hospital, Bolsonaro permaneceu parado, atr\u00e1s de seu m\u00e9dico, que concedeu uma entrevista coletiva para explicar realiza\u00e7\u00e3o do procedimento e atualizar a situa\u00e7\u00e3o da sa\u00fade do ex-presidente. Enquanto aguardava o t\u00e9rmino da entrevista, Bolsonaro foi ovacionado pelos apoiadores que o aguardavam na porta do hospital<\/strong>.<\/p>\n<p>Nas informa\u00e7\u00f5es enviadas ao ministro, a Pol\u00edcia Penal disse que o deslocamento de Bolsonaro foi feito pelo GSI e que a corpora\u00e7\u00e3o realizou apenas a escolta em conjunto com agentes da PF, que tamb\u00e9m participam do trabalho de monitoramento.\u00a0<\/p>\n<p><strong>Ao analisar as informa\u00e7\u00f5es, Moraes disse que os pr\u00f3ximos deslocamentos devem ser realizados somente pela Pol\u00edcia Penal e agentes da PF<\/strong>.\u00a0<\/p>\n<blockquote>\n<p>\u201cDetermino que todo o transporte, deslocamento e escolta de Jair Messias Bolsonaro dever\u00e1 ser organizado, coordenado e realizado pela Pol\u00edcia Federal ou Pol\u00edcia Penal, conforme a necessidade da situa\u00e7\u00e3o, sem a participa\u00e7\u00e3o dos agentes do GSI, que permanecer\u00e3o realizando a seguran\u00e7a dos familiares do custodiado\u201d, decidiu.<\/p>\n<\/blockquote>\n<p><strong>O ministro ainda acrescentou que a medida \u00e9 necess\u00e1ria para padronizar os deslocamentos da escolta<\/strong>.\u00a0<\/p>\n<blockquote>\n<p>\u201cA necessidade de padroniza\u00e7\u00e3o dos deslocamentos, da seguran\u00e7a do custodiado e da garantia da ordem p\u00fablica exige maior padroniza\u00e7\u00e3o, para se evitar os problemas ocorridos no \u00faltimo domingo, onde o desembarque e embarque foram realizados em local errado, ao ar livre e mediante diversas pessoas, \u00a0o custodiado permaneceu por longo tempo assistindo uma improvisada entrevista coletiva de seu m\u00e9dico\u201d, completou Moraes.<\/p>\n<\/blockquote>\n<h2>Pris\u00e3o\u00a0<\/h2>\n<p><strong>Desde o dia 4 de agosto, Bolsonaro\u00a0cumpre pris\u00e3o domiciliar por determina\u00e7\u00e3o de Moraes<\/strong>.\u00a0<\/p>\n<p>A medida cautelar foi determinada no inqu\u00e9rito no qual o deputado federal Eduardo Bolsonaro\u00a0(PL-SP), filho do ex-presidente, e o pr\u00f3prio Bolsonaro s\u00e3o investigados por atuarem junto ao governo do presidente dos Estados Unidos, Donald Trump, <strong>para promover medidas de retalia\u00e7\u00e3o contra o governo brasileiro e ministros do Supremo, entre elas, o cancelamento de vistos e a aplica\u00e7\u00e3o da Lei Magnitsky.\u00a0<\/strong><\/p>\n<p>Na semana passada, por 4 votos a 1, a Primeira Turma do STF\u00a0condenou Bolsonaro\u00a0e mais sete r\u00e9us na\u00a0a<strong>\u00e7\u00e3o penal da trama\u00a0golpista pelos crimes de crimes de organiza\u00e7\u00e3o criminosa armada, tentativa de aboli\u00e7\u00e3o violenta do Estado Democr\u00e1tico de Direito, golpe de Estado, dano qualificado pela viol\u00eancia e grave amea\u00e7a e deteriora\u00e7\u00e3o de patrim\u00f4nio tombado.\u00a0<\/strong><\/p>\n","protected":false},"excerpt":{"rendered":"<p>O ministro Alexandre de Moraes, do Supremo Tribunal Federal (STF), determinou nesta quarta-feira (17) que a escolta de Jair Bolsonaro deve ser organizada pela Pol\u00edcia Federal ou Pol\u00edcia Penal do Distrito Federal, e n\u00e3o pelos agentes do Gabinete de Seguran\u00e7a Institucional (GSI) que fazem a seguran\u00e7a pessoal do ex-presidente. A medida foi tomada ap\u00f3s o [&hellip;]<\/p>\n","protected":false},"author":28,"featured_media":4437,"comment_status":"open","ping_status":"open","sticky":false,"template":"","format":"standard","meta":{"site-sidebar-layout":"default","site-content-layout":"","ast-site-content-layout":"","site-content-style":"default","site-sidebar-style":"default","ast-global-header-display":"","ast-banner-title-visibility":"","ast-main-header-display":"","ast-hfb-above-header-display":"","ast-hfb-below-header-display":"","ast-hfb-mobile-header-display":"","site-post-title":"","ast-breadcrumbs-content":"","ast-featured-img":"","footer-sml-layout":"","theme-transparent-header-meta":"","adv-header-id-meta":"","stick-header-meta":"","header-above-stick-meta":"","header-main-stick-meta":"","header-below-stick-meta":"","astra-migrate-meta-layouts":"default","ast-page-background-enabled":"default","ast-page-background-meta":{"desktop":{"background-color":"var(--ast-global-color-4)","background-image":"","background-repeat":"repeat","background-position":"center center","background-size":"auto","background-attachment":"scroll","background-type":"","background-media":"","overlay-type":"","overlay-color":"","overlay-opacity":"","overlay-gradient":""},"tablet":{"background-color":"","background-image":"","background-repeat":"repeat","background-position":"center center","background-size":"auto","background-attachment":"scroll","background-type":"","background-media":"","overlay-type":"","overlay-color":"","overlay-opacity":"","overlay-gradient":""},"mobile":{"background-color":"","background-image":"","background-repeat":"repeat","background-position":"center center","background-size":"auto","background-attachment":"scroll","background-type":"","background-media":"","overlay-type":"","overlay-color":"","overlay-opacity":"","overlay-gradient":""}},"ast-content-background-meta":{"desktop":{"background-color":"var(--ast-global-color-5)","background-image":"","background-repeat":"repeat","background-position":"center center","background-size":"auto","background-attachment":"scroll","background-type":"","background-media":"","overlay-type":"","overlay-color":"","overlay-opacity":"","overlay-gradient":""},"tablet":{"background-color":"var(--ast-global-color-5)","background-image":"","background-repeat":"repeat","background-position":"center center","background-size":"auto","background-attachment":"scroll","background-type":"","background-media":"","overlay-type":"","overlay-color":"","overlay-opacity":"","overlay-gradient":""},"mobile":{"background-color":"var(--ast-global-color-5)","background-image":"","background-repeat":"repeat","background-position":"center center","background-size":"auto","background-attachment":"scroll","background-type":"","background-media":"","overlay-type":"","overlay-color":"","overlay-opacity":"","overlay-gradient":""}},"footnotes":""},"categories":[1],"tags":[],"class_list":["post-4436","post","type-post","status-publish","format-standard","has-post-thumbnail","hentry","category-sem-categoria"],"_links":{"self":[{"href":"https:\/\/jornalregionalms.com.br\/index.php?rest_route=\/wp\/v2\/posts\/4436","targetHints":{"allow":["GET"]}}],"collection":[{"href":"https:\/\/jornalregionalms.com.br\/index.php?rest_route=\/wp\/v2\/posts"}],"about":[{"href":"https:\/\/jornalregionalms.com.br\/index.php?rest_route=\/wp\/v2\/types\/post"}],"author":[{"embeddable":true,"href":"https:\/\/jornalregionalms.com.br\/index.php?rest_route=\/wp\/v2\/users\/28"}],"replies":[{"embeddable":true,"href":"https:\/\/jornalregionalms.com.br\/index.php?rest_route=%2Fwp%2Fv2%2Fcomments&post=4436"}],"version-history":[{"count":0,"href":"https:\/\/jornalregionalms.com.br\/index.php?rest_route=\/wp\/v2\/posts\/4436\/revisions"}],"wp:featuredmedia":[{"embeddable":true,"href":"https:\/\/jornalregionalms.com.br\/index.php?rest_route=\/wp\/v2\/media\/4437"}],"wp:attachment":[{"href":"https:\/\/jornalregionalms.com.br\/index.php?rest_route=%2Fwp%2Fv2%2Fmedia&parent=4436"}],"wp:term":[{"taxonomy":"category","embeddable":true,"href":"https:\/\/jornalregionalms.com.br\/index.php?rest_route=%2Fwp%2Fv2%2Fcategories&post=4436"},{"taxonomy":"post_tag","embeddable":true,"href":"https:\/\/jornalregionalms.com.br\/index.php?rest_route=%2Fwp%2Fv2%2Ftags&post=4436"}],"curies":[{"name":"wp","href":"https:\/\/api.w.org\/{rel}","templated":true}]}}