{"id":4434,"date":"2025-09-17T21:30:03","date_gmt":"2025-09-18T01:30:03","guid":{"rendered":"https:\/\/jornalregionalms.com.br\/?p=4434"},"modified":"2025-09-17T21:30:03","modified_gmt":"2025-09-18T01:30:03","slug":"pf-e-cgu-realizam-operacao-contra-crimes-ambientais-na-mineracao","status":"publish","type":"post","link":"https:\/\/jornalregionalms.com.br\/?p=4434","title":{"rendered":"PF e CGU realizam opera\u00e7\u00e3o contra crimes ambientais na minera\u00e7\u00e3o"},"content":{"rendered":"<p>A Pol\u00edcia Federal e a Controladoria-Geral da Uni\u00e3o realizam nesta quarta-feira uma opera\u00e7\u00e3o contra uma suposta organiza\u00e7\u00e3o criminosa que seria respons\u00e1vel por crimes ambientais, corrup\u00e7\u00e3o e lavagem de dinheiro em Minas Gerais.<img decoding=\"async\" src=\"https:\/\/agenciabrasil.ebc.com.br\/ebc.png?id=1659213&#038;o=rss\"><img decoding=\"async\" src=\"https:\/\/agenciabrasil.ebc.com.br\/ebc.gif?id=1659213&#038;o=rss\"><\/p>\n<p>Durante a execu\u00e7\u00e3o da Opera\u00e7\u00e3o Rejeito, a PF prendeu, preventivamente, o diretor da Ag\u00eancia Nacional de Minera\u00e7\u00e3o (ANM), Caio M\u00e1rio Trivellato Seabra Filho, e o ex-diretor da PF e atual diretor de Administra\u00e7\u00e3o e Finan\u00e7as do Servi\u00e7o Geol\u00f3gico do Brasil (SGB), Rodrigo de Melo Teixeira. Os agentes federais tamb\u00e9m cumprem outras 20 ordens de pris\u00e3o tempor\u00e1ria e 79 mandados de busca e apreens\u00e3o.<\/p>\n<p>Caio Trivellato \u00e9 advogado especialista em direito ambiental e, desde maio de 2023, faz parte da diretoria da Ag\u00eancia Nacional de Minera\u00e7\u00e3o. Rodrigo Teixeira ingressou na PF em 1999 e assumiu v\u00e1rios cargos de lideran\u00e7a na institui\u00e7\u00e3o, inclusive na Superintend\u00eancia em Minas Gerais e a Diretoria de Pol\u00edcia Administrativa.<\/p>\n<p>Todos os investigados na opera\u00e7\u00e3o responder\u00e3o por crimes ambientais, usurpa\u00e7\u00e3o de bens da uni\u00e3o, corrup\u00e7\u00e3o ativa, corrup\u00e7\u00e3o passiva, organiza\u00e7\u00e3o criminosa, lavagem de dinheiro e embara\u00e7amento \u00e0 investiga\u00e7\u00e3o de organiza\u00e7\u00e3o criminosa.<\/p>\n<p>Segundo a Pol\u00edcia Federal, os criminosos obtinham autoriza\u00e7\u00f5es e licen\u00e7as ambientais fraudulentas para explorar min\u00e9rio de ferro de forma irregular e em larga escala, inclusive em locais tombados e perto de \u00e1reas de preserva\u00e7\u00e3o, o que aumenta o risco de desastres.<\/p>\n<p>A investiga\u00e7\u00e3o estima que o grupo teve um lucro de cerca de R$ 1,5 bilh\u00e3o, al\u00e9m de um potencial de ganho de R$ 18 bilh\u00f5es em projetos em andamento.<\/p>\n<p>A Justi\u00e7a Federal de Minas Gerais determinou o bloqueio das contas dos envolvidos no valor de R$ 1,5 bilh\u00e3o de reais, a suspens\u00e3o das atividades das pessoas jur\u00eddicas envolvidas e o afastamento dos servidores p\u00fablicos.<\/p>\n<p>Em nota, a Ag\u00eancia Nacional de Minera\u00e7\u00e3o disse que tomou conhecimento da opera\u00e7\u00e3o pela imprensa e que, at\u00e9 o momento, n\u00e3o houve comunica\u00e7\u00e3o oficial \u00e0 Ag\u00eancia sobre eventuais medidas envolvendo servidores ou dirigentes. O \u00f3rg\u00e3o refor\u00e7ou a colabora\u00e7\u00e3o com as autoridades, sempre que formalmente demandado.<\/p>\n<p>O Servi\u00e7o Geol\u00f3gico do Brasil informou que n\u00e3o se manifesta sobre processos em andamento relacionados aos colaboradores e est\u00e1 \u00e0 disposi\u00e7\u00e3o para colaborar com as autoridades competentes.<\/p>\n<p>  <span class=\"hms hms-format-m-ss\">3:05<\/span><\/p>\n","protected":false},"excerpt":{"rendered":"<p>A Pol\u00edcia Federal e a Controladoria-Geral da Uni\u00e3o realizam nesta quarta-feira uma opera\u00e7\u00e3o contra uma suposta organiza\u00e7\u00e3o criminosa que seria respons\u00e1vel por crimes ambientais, corrup\u00e7\u00e3o e lavagem de dinheiro em Minas Gerais. Durante a execu\u00e7\u00e3o da Opera\u00e7\u00e3o Rejeito, a PF prendeu, preventivamente, o diretor da Ag\u00eancia Nacional de Minera\u00e7\u00e3o (ANM), Caio M\u00e1rio Trivellato Seabra Filho, [&hellip;]<\/p>\n","protected":false},"author":105,"featured_media":4435,"comment_status":"open","ping_status":"open","sticky":false,"template":"","format":"standard","meta":{"site-sidebar-layout":"default","site-content-layout":"","ast-site-content-layout":"","site-content-style":"default","site-sidebar-style":"default","ast-global-header-display":"","ast-banner-title-visibility":"","ast-main-header-display":"","ast-hfb-above-header-display":"","ast-hfb-below-header-display":"","ast-hfb-mobile-header-display":"","site-post-title":"","ast-breadcrumbs-content":"","ast-featured-img":"","footer-sml-layout":"","theme-transparent-header-meta":"","adv-header-id-meta":"","stick-header-meta":"","header-above-stick-meta":"","header-main-stick-meta":"","header-below-stick-meta":"","astra-migrate-meta-layouts":"default","ast-page-background-enabled":"default","ast-page-background-meta":{"desktop":{"background-color":"var(--ast-global-color-4)","background-image":"","background-repeat":"repeat","background-position":"center center","background-size":"auto","background-attachment":"scroll","background-type":"","background-media":"","overlay-type":"","overlay-color":"","overlay-opacity":"","overlay-gradient":""},"tablet":{"background-color":"","background-image":"","background-repeat":"repeat","background-position":"center center","background-size":"auto","background-attachment":"scroll","background-type":"","background-media":"","overlay-type":"","overlay-color":"","overlay-opacity":"","overlay-gradient":""},"mobile":{"background-color":"","background-image":"","background-repeat":"repeat","background-position":"center center","background-size":"auto","background-attachment":"scroll","background-type":"","background-media":"","overlay-type":"","overlay-color":"","overlay-opacity":"","overlay-gradient":""}},"ast-content-background-meta":{"desktop":{"background-color":"var(--ast-global-color-5)","background-image":"","background-repeat":"repeat","background-position":"center center","background-size":"auto","background-attachment":"scroll","background-type":"","background-media":"","overlay-type":"","overlay-color":"","overlay-opacity":"","overlay-gradient":""},"tablet":{"background-color":"var(--ast-global-color-5)","background-image":"","background-repeat":"repeat","background-position":"center center","background-size":"auto","background-attachment":"scroll","background-type":"","background-media":"","overlay-type":"","overlay-color":"","overlay-opacity":"","overlay-gradient":""},"mobile":{"background-color":"var(--ast-global-color-5)","background-image":"","background-repeat":"repeat","background-position":"center center","background-size":"auto","background-attachment":"scroll","background-type":"","background-media":"","overlay-type":"","overlay-color":"","overlay-opacity":"","overlay-gradient":""}},"footnotes":""},"categories":[1],"tags":[],"class_list":["post-4434","post","type-post","status-publish","format-standard","has-post-thumbnail","hentry","category-sem-categoria"],"_links":{"self":[{"href":"https:\/\/jornalregionalms.com.br\/index.php?rest_route=\/wp\/v2\/posts\/4434","targetHints":{"allow":["GET"]}}],"collection":[{"href":"https:\/\/jornalregionalms.com.br\/index.php?rest_route=\/wp\/v2\/posts"}],"about":[{"href":"https:\/\/jornalregionalms.com.br\/index.php?rest_route=\/wp\/v2\/types\/post"}],"author":[{"embeddable":true,"href":"https:\/\/jornalregionalms.com.br\/index.php?rest_route=\/wp\/v2\/users\/105"}],"replies":[{"embeddable":true,"href":"https:\/\/jornalregionalms.com.br\/index.php?rest_route=%2Fwp%2Fv2%2Fcomments&post=4434"}],"version-history":[{"count":0,"href":"https:\/\/jornalregionalms.com.br\/index.php?rest_route=\/wp\/v2\/posts\/4434\/revisions"}],"wp:featuredmedia":[{"embeddable":true,"href":"https:\/\/jornalregionalms.com.br\/index.php?rest_route=\/wp\/v2\/media\/4435"}],"wp:attachment":[{"href":"https:\/\/jornalregionalms.com.br\/index.php?rest_route=%2Fwp%2Fv2%2Fmedia&parent=4434"}],"wp:term":[{"taxonomy":"category","embeddable":true,"href":"https:\/\/jornalregionalms.com.br\/index.php?rest_route=%2Fwp%2Fv2%2Fcategories&post=4434"},{"taxonomy":"post_tag","embeddable":true,"href":"https:\/\/jornalregionalms.com.br\/index.php?rest_route=%2Fwp%2Fv2%2Ftags&post=4434"}],"curies":[{"name":"wp","href":"https:\/\/api.w.org\/{rel}","templated":true}]}}