{"id":4055,"date":"2025-09-11T16:42:26","date_gmt":"2025-09-11T19:42:26","guid":{"rendered":"https:\/\/jornalregionalms.com.br\/?p=4055"},"modified":"2025-09-11T16:42:26","modified_gmt":"2025-09-11T19:42:26","slug":"botafogo-e-vasco-lutam-por-vaga-na-semifinal-da-copa-do-brasil","status":"publish","type":"post","link":"https:\/\/jornalregionalms.com.br\/?p=4055","title":{"rendered":"Botafogo e Vasco lutam por vaga na semifinal da Copa do Brasil"},"content":{"rendered":"<\/p>\n<p><a class=\"\" href=\"https:\/\/agenciabrasil.ebc.com.br\/esportes\/noticia\/2025-09\/botafogo-e-vasco-lutam-por-vaga-na-semifinal-da-copa-do-brasil\"><br \/>\n                    <img decoding=\"async\" src=\"https:\/\/cdn.jsdelivr.net\/gh\/sergiosdlima\/assets-ebc@1.0.0\/abr\/assets\/images\/logo-agenciabrasil.svg\" alt=\"Logo Ag\u00eancia Brasil\"><br \/>\n\t\t\t\t<\/a><\/p>\n<p>Nesta quinta-feira (11), a partir das 21h30 (hor\u00e1rio de Bras\u00edlia), o est\u00e1dio Nilton Santos ser\u00e1 palco do confronto entre Botafogo e Vasco. O cl\u00e1ssico vale vaga para as semifinais da Copa do Brasil. No primeiro jogo, realizado em S\u00e3o Janu\u00e1rio, as equipes empataram em 1 a 1. Em caso de novo empate, o advers\u00e1rio do Fluminense na pr\u00f3xima fase da competi\u00e7\u00e3o\u00a0ser\u00e1 decidido nas penalidades m\u00e1ximas. A <strong>R\u00e1dio Nacional<\/strong> transmite ao vivo.<img decoding=\"async\" src=\"https:\/\/agenciabrasil.ebc.com.br\/ebc.png?id=1658218&#038;o=rss\"><img decoding=\"async\" src=\"https:\/\/agenciabrasil.ebc.com.br\/ebc.gif?id=1658218&#038;o=rss\"><\/p>\n<p>A torcida do Alvinegro de General Severiano chega com grande expectativa, garantindo grande parte dos 40 mil ingressos j\u00e1 vendidos. O t\u00e9cnico Davide Ancelotti tem como d\u00favida a escala\u00e7\u00e3o do lateral-direito Vitinho, que atuou pela sele\u00e7\u00e3o brasileira na \u00faltima ter\u00e7a-feira (9) diante da Bol\u00edvia nos 4.150 metros da cidade de El Alto e que ainda ser\u00e1 avaliado pela comiss\u00e3o t\u00e9cnica botafoguense.<\/p>\n<blockquote class=\"twitter-tweet\">\n<p dir=\"ltr\" lang=\"pt\" xml:lang=\"pt\">\n<h3>Not\u00edcias relacionadas:<\/h3>\n<ul>\n<li><a href=\"https:\/\/agenciabrasil.ebc.com.br\/esportes\/noticia\/2025-09\/fluminense-derrota-bahia-por-2-0-e-avanca-na-copa-do-brasil\">Fluminense derrota Bahia por 2 a 0 e avan\u00e7a na Copa do Brasil.<\/a><\/li>\n<li><a href=\"https:\/\/agenciabrasil.ebc.com.br\/esportes\/noticia\/2025-08\/copa-do-brasil-cruzeiro-vence-atletico-por-2-0-e-fica-perto-da-semi\">Copa do Brasil: Cruzeiro vence Atl\u00e9tico por 2 a 0 e fica perto da semi.<\/a><\/li>\n<li><a href=\"https:\/\/agenciabrasil.ebc.com.br\/esportes\/noticia\/2025-09\/sp-open-luisa-stefani-e-timea-babos-vencem-em-estreia-das-duplas\">SP Open: Luisa Stefani e Timea Babos vencem em estreia das duplas.<\/a><\/li>\n<\/ul>\n<p>FOCO TOTAL NO CL\u00c1SSICO! \ud83d\udd25\ud83e\udde0 <a href=\"https:\/\/twitter.com\/hashtag\/VamosBOTAFOGO?src=hash&#038;ref_src=twsrc%5Etfw\">#VamosBOTAFOGO<\/a><\/p>\n<p>\ud83d\udcf8 V\u00edtor Silva\/ BFR <a href=\"https:\/\/t.co\/MKuG59Mwmu\">pic.twitter.com\/MKuG59Mwmu<\/a><br \/>\n\u2014 Botafogo F.R. (@Botafogo) <a href=\"https:\/\/twitter.com\/Botafogo\/status\/1965563517064601915?ref_src=twsrc%5Etfw\">September 9, 2025<\/a><\/p><\/blockquote>\n<p><script async=\"\" src=\"https:\/\/platform.twitter.com\/widgets.js\" charset=\"utf-8\"><\/script><\/p>\n<p>\u201cCom certeza, farei os testes e conversaremos para determinar a melhor decis\u00e3o sobre minha participa\u00e7\u00e3o em campo\u201d, declarou Vitinho. \u201cJogar na altitude \u00e9 diferente. A fadiga de 48 horas afeta as pernas, mas aqui, a dificuldade est\u00e1 na respira\u00e7\u00e3o. Por isso, analisaremos a situa\u00e7\u00e3o com a equipe t\u00e9cnica do Botafogo\u201d.<\/p>\n<p>Caso Vitinho n\u00e3o possa atuar, Mateo Ponte dever\u00e1 ser o substituto. O uruguaio tamb\u00e9m retorna da sele\u00e7\u00e3o, mas est\u00e1 em boas condi\u00e7\u00f5es f\u00edsicas. O mesmo vale para o venezuelano Savarino, que tamb\u00e9m representou a sele\u00e7\u00e3o de seu pa\u00eds nas Eliminat\u00f3rias para a Copa.<\/p>\n<p><a href=\"https:\/\/www.whatsapp.com\/channel\/0029VaoRTgrInlqYLSk59B2M\" target=\"_blank\">>> Siga o canal da <strong>Ag\u00eancia Brasil <\/strong>no WhatsApp<\/a><\/p>\n<p>Desta forma, o Botafogo deve entrar em campo com: John; Mateo Ponte (Vitinho), Kaio Pantale\u00e3o, Barboza e Alex Telles; Danilo e Marlon Freitas; Artur, Savarino e Montoro; Arthur Cabral.<\/p>\n<p>J\u00e1 no Vasco o esfor\u00e7o \u00e9 para recuperar o lateral-direito Paulo Henrique e o meio-campista Tch\u00ea Tch\u00ea. Ambos foram relacionados, mas, caso n\u00e3o estejam aptos, Puma Rodriguez e Barros seguir\u00e3o como titulares. Os rec\u00e9m-contratados Robert Renan e Matheus Fran\u00e7a foram relacionados, mas n\u00e3o iniciar\u00e3o a partida. J\u00e1 o zagueiro colombiano Carlos Cuesta s\u00f3 poder\u00e1 atuar na Copa do Brasil se o Vasco avan\u00e7ar. O volante Hugo Moura deve seguir improvisado na zaga, ao lado de Lucas Freitas.<\/p>\n<blockquote class=\"twitter-tweet\">\n<p dir=\"ltr\" lang=\"pt\" xml:lang=\"pt\">Prepara\u00e7\u00e3o encerrada para a decis\u00e3o diante do Botafogo na Copa do Brasil \u2694\ufe0f\ud83d\udca2<\/p>\n<p>\ud83d\udcf8 Matheus Lima | <a href=\"https:\/\/twitter.com\/hashtag\/VascoDaGama?src=hash&#038;ref_src=twsrc%5Etfw\">#VascoDaGama<\/a> <a href=\"https:\/\/t.co\/NC4B7ibcVN\">pic.twitter.com\/NC4B7ibcVN<\/a><\/p>\n<p>\u2014 Vasco da Gama (@VascodaGama) <a href=\"https:\/\/twitter.com\/VascodaGama\/status\/1965807535828639980?ref_src=twsrc%5Etfw\">September 10, 2025<\/a><\/p><\/blockquote>\n<p><script async=\"\" src=\"https:\/\/platform.twitter.com\/widgets.js\" charset=\"utf-8\"><\/script><\/p>\n<p>Outras boas not\u00edcias s\u00e3o os retornos de Estrela e Paulinho, recuperados de les\u00f5es, que tamb\u00e9m foram relacionados para o confronto decisivo pelas quartas de final da Copa do Brasil.<\/p>\n<p>Assim, o Vasco deve iniciar o confronto da seguinte forma: L\u00e9o Jardim; Paulo Henrique, Hugo Moura, Lucas Freitas e Lucas Piton; Tch\u00ea Tch\u00ea, Barros e Coutinho; Nuno Moreira, Rayan e Vegetti.<\/p>\n<h2>Transmiss\u00e3o da R\u00e1dio Nacional<\/h2>\n<p>A <strong>R\u00e1dio Nacional<\/strong> transmite Botafogo e Vasco com a narra\u00e7\u00e3o de Andr\u00e9 Marques, coment\u00e1rios de Rodrigo Campos e reportagem de Bruno Mendes. Voc\u00ea acompanha o Show de Bola Nacional aqui:<\/p>\n<p><iframe allowfullscreen=\"\" frameborder=\"0\" height=\"115\" src=\"https:\/\/aovivo.ebc.com.br\/embed-audio.html?emissora=radio-nacional-do-rio-de-janeiro\" width=\"340\" sandbox=\"allow-scripts allow-same-origin\"><\/iframe><\/p>\n","protected":false},"excerpt":{"rendered":"<p>Nesta quinta-feira (11), a partir das 21h30 (hor\u00e1rio de Bras\u00edlia), o est\u00e1dio Nilton Santos ser\u00e1 palco do confronto entre Botafogo e Vasco. O cl\u00e1ssico vale vaga para as semifinais da Copa do Brasil. No primeiro jogo, realizado em S\u00e3o Janu\u00e1rio, as equipes empataram em 1 a 1. Em caso de novo empate, o advers\u00e1rio do [&hellip;]<\/p>\n","protected":false},"author":45,"featured_media":4056,"comment_status":"open","ping_status":"open","sticky":false,"template":"","format":"standard","meta":{"site-sidebar-layout":"default","site-content-layout":"","ast-site-content-layout":"","site-content-style":"default","site-sidebar-style":"default","ast-global-header-display":"","ast-banner-title-visibility":"","ast-main-header-display":"","ast-hfb-above-header-display":"","ast-hfb-below-header-display":"","ast-hfb-mobile-header-display":"","site-post-title":"","ast-breadcrumbs-content":"","ast-featured-img":"","footer-sml-layout":"","theme-transparent-header-meta":"","adv-header-id-meta":"","stick-header-meta":"","header-above-stick-meta":"","header-main-stick-meta":"","header-below-stick-meta":"","astra-migrate-meta-layouts":"default","ast-page-background-enabled":"default","ast-page-background-meta":{"desktop":{"background-color":"var(--ast-global-color-4)","background-image":"","background-repeat":"repeat","background-position":"center center","background-size":"auto","background-attachment":"scroll","background-type":"","background-media":"","overlay-type":"","overlay-color":"","overlay-opacity":"","overlay-gradient":""},"tablet":{"background-color":"","background-image":"","background-repeat":"repeat","background-position":"center center","background-size":"auto","background-attachment":"scroll","background-type":"","background-media":"","overlay-type":"","overlay-color":"","overlay-opacity":"","overlay-gradient":""},"mobile":{"background-color":"","background-image":"","background-repeat":"repeat","background-position":"center center","background-size":"auto","background-attachment":"scroll","background-type":"","background-media":"","overlay-type":"","overlay-color":"","overlay-opacity":"","overlay-gradient":""}},"ast-content-background-meta":{"desktop":{"background-color":"var(--ast-global-color-5)","background-image":"","background-repeat":"repeat","background-position":"center center","background-size":"auto","background-attachment":"scroll","background-type":"","background-media":"","overlay-type":"","overlay-color":"","overlay-opacity":"","overlay-gradient":""},"tablet":{"background-color":"var(--ast-global-color-5)","background-image":"","background-repeat":"repeat","background-position":"center center","background-size":"auto","background-attachment":"scroll","background-type":"","background-media":"","overlay-type":"","overlay-color":"","overlay-opacity":"","overlay-gradient":""},"mobile":{"background-color":"var(--ast-global-color-5)","background-image":"","background-repeat":"repeat","background-position":"center center","background-size":"auto","background-attachment":"scroll","background-type":"","background-media":"","overlay-type":"","overlay-color":"","overlay-opacity":"","overlay-gradient":""}},"footnotes":""},"categories":[1],"tags":[],"class_list":["post-4055","post","type-post","status-publish","format-standard","has-post-thumbnail","hentry","category-sem-categoria"],"_links":{"self":[{"href":"https:\/\/jornalregionalms.com.br\/index.php?rest_route=\/wp\/v2\/posts\/4055","targetHints":{"allow":["GET"]}}],"collection":[{"href":"https:\/\/jornalregionalms.com.br\/index.php?rest_route=\/wp\/v2\/posts"}],"about":[{"href":"https:\/\/jornalregionalms.com.br\/index.php?rest_route=\/wp\/v2\/types\/post"}],"author":[{"embeddable":true,"href":"https:\/\/jornalregionalms.com.br\/index.php?rest_route=\/wp\/v2\/users\/45"}],"replies":[{"embeddable":true,"href":"https:\/\/jornalregionalms.com.br\/index.php?rest_route=%2Fwp%2Fv2%2Fcomments&post=4055"}],"version-history":[{"count":0,"href":"https:\/\/jornalregionalms.com.br\/index.php?rest_route=\/wp\/v2\/posts\/4055\/revisions"}],"wp:featuredmedia":[{"embeddable":true,"href":"https:\/\/jornalregionalms.com.br\/index.php?rest_route=\/wp\/v2\/media\/4056"}],"wp:attachment":[{"href":"https:\/\/jornalregionalms.com.br\/index.php?rest_route=%2Fwp%2Fv2%2Fmedia&parent=4055"}],"wp:term":[{"taxonomy":"category","embeddable":true,"href":"https:\/\/jornalregionalms.com.br\/index.php?rest_route=%2Fwp%2Fv2%2Fcategories&post=4055"},{"taxonomy":"post_tag","embeddable":true,"href":"https:\/\/jornalregionalms.com.br\/index.php?rest_route=%2Fwp%2Fv2%2Ftags&post=4055"}],"curies":[{"name":"wp","href":"https:\/\/api.w.org\/{rel}","templated":true}]}}