{"id":4053,"date":"2025-09-11T04:30:41","date_gmt":"2025-09-11T07:30:41","guid":{"rendered":"https:\/\/jornalregionalms.com.br\/?p=4053"},"modified":"2025-09-11T04:30:41","modified_gmt":"2025-09-11T07:30:41","slug":"pescadores-atingidos-por-queda-de-barragem-do-fundao-recebem-beneficio","status":"publish","type":"post","link":"https:\/\/jornalregionalms.com.br\/?p=4053","title":{"rendered":"Pescadores atingidos por queda de barragem do Fund\u00e3o recebem benef\u00edcio"},"content":{"rendered":"<\/p>\n<p><a class=\"\" href=\"https:\/\/agenciabrasil.ebc.com.br\/geral\/noticia\/2025-09\/pescadores-atingidos-por-queda-de-barragem-do-fundao-recebem-beneficio\"><br \/>\n                    <img decoding=\"async\" src=\"https:\/\/cdn.jsdelivr.net\/gh\/sergiosdlima\/assets-ebc@1.0.0\/abr\/assets\/images\/logo-agenciabrasil.svg\" alt=\"Logo Ag\u00eancia Brasil\"><br \/>\n\t\t\t\t<\/a><\/p>\n<p>Cerca de 13,7 mil agricultores familiares e 22 mil pescadores profissionais artesanais\u00a0de munic\u00edpios de Minas Gerais e Esp\u00edrito Santo, atingidos pelo rompimento da barragem do Fund\u00e3o\u00a0em Mariana (MG), recebem\u00a0nesta quarta-feira (10)\u00a0a terceira parcela de\u00a0programas de transfer\u00eancia de renda para agricultores (PTR-Rural) e pescadores profissionais artesanais\u00a0(PTR-Pesca).<img decoding=\"async\" src=\"https:\/\/agenciabrasil.ebc.com.br\/ebc.png?id=1658153&#038;o=rss\"><img decoding=\"async\" src=\"https:\/\/agenciabrasil.ebc.com.br\/ebc.gif?id=1658153&#038;o=rss\"><\/p>\n<p>O valor mensal da indeniza\u00e7\u00e3o \u00e9 de um sal\u00e1rio m\u00ednimo e meio por atingido, durante\u00a036 meses, e um sal\u00e1rio m\u00ednimo mensal por mais 12 meses.\u00a0Os valores foram depositados nas contas criadas pela Caixa Econ\u00f4mica Federal.<\/p>\n<\/p>\n<h3>Not\u00edcias relacionadas:<\/h3>\n<ul>\n<li><a href=\"https:\/\/agenciabrasil.ebc.com.br\/politica\/noticia\/2025-07\/lula-anuncia-r-37-bi-para-atingidos-por-lama-da-barragem-em-mariana\">Lula anuncia R$ 3,7 bi para atingidos por lama da barragem em Mariana.<\/a><\/li>\n<li><a href=\"https:\/\/agenciabrasil.ebc.com.br\/meio-ambiente\/noticia\/2025-06\/recuperacao-do-rio-doce-precisa-avaliar-mudanca-climatica-diz-estudo\">Recupera\u00e7\u00e3o do Rio Doce precisa avaliar mudan\u00e7a clim\u00e1tica, diz estudo.<\/a><\/li>\n<\/ul>\n<p>O governo federal pagou as duas primeiras parcelas\u00a0nos meses de julho e agosto deste ano. Ao todo, os dois programas federais preveem a transfer\u00eancia de R$ 3,7 bilh\u00f5es por quatro anos.<\/p>\n<p>O PTR-Rural, destinado a agricultores familiares, \u00e9 administrado pelo Minist\u00e9rio do Desenvolvimento Agr\u00e1rio e Agricultura Familiar (MDA). J\u00e1 o PTR-Pesca, pelo Minist\u00e9rio da Pesca e Aquicultura (MPA).<\/p>\n<p>O PTR-Rural e PTR-Pesca tamb\u00e9m podem ser recebidos junto com benef\u00edcios de outros programas de transfer\u00eancia de renda como o Bolsa Fam\u00edlia.<\/p>\n<p><a href=\"https:\/\/www.whatsapp.com\/channel\/0029VaoRTgrInlqYLSk59B2M\" target=\"_blank\">>> Siga o canal da <strong>Ag\u00eancia Brasil <\/strong>no WhatsApp<\/a><\/p>\n<h2>Relembre<\/h2>\n<p>O recebimento da repara\u00e7\u00e3o por agricultores familiares e pescadores profissionais artesanais \u00e9 parte do\u00a0<a href=\"https:\/\/agenciabrasil.ebc.com.br\/politica\/noticia\/2025-07\/lula-anuncia-r-37-bi-para-atingidos-por-lama-da-barragem-em-mariana\" target=\"_blank\">Novo Acordo Rio Doce<\/a>, fechado pelo governo federal\u00a0em julho deste ano, com a mineradora Samarco e as controladoras dela, a empresa Vale e multinacional anglo-australiana BHP.<\/p>\n<p><strong>O rompimento da barragem de rejeitos de min\u00e9rios, em novembro de 2015 resultou na morte de 19 pessoas, no derramamento de 39 milh\u00f5es de metros c\u00fabicos (m\u00b3) de rejeitos na bacia do Rio Doce at\u00e9 a foz no Esp\u00edrito Santo e deixou outras 600 pessoas desalojadas.<\/strong><\/p>\n<h2>Quem tem direito<\/h2>\n<p>O Programas de Transfer\u00eancia de Renda Rural (PTR-Rural) contempla agricultores familiares\u00a0assentados da reforma agr\u00e1ria, ilheiros [fam\u00edlias que usam as ilhas ao longo do Rio Doce como moradia, para produ\u00e7\u00e3o de alimentos e cria\u00e7\u00e3o de animais, de gera\u00e7\u00e3o a gera\u00e7\u00e3o] que tinham atividades econ\u00f4micas em propriedades rurais nos territ\u00f3rios de 49 munic\u00edpios mineiros e capixabas, em 30 de setembro de 2024, que foram atingidos pelo rompimento da barragem do Fund\u00e3o.<\/p>\n<p><strong>Entre as condi\u00e7\u00f5es para ser eleg\u00edvel ao benef\u00edcio est\u00e3o:<\/strong><\/p>\n<ul>\n<li>ter inscri\u00e7\u00e3o ativa no Cadastro Nacional da Agricultura Familiar (CAF) ou Declara\u00e7\u00e3o de Aptid\u00e3o ao Pronaf (DAP) v\u00e1lido desde a homologa\u00e7\u00e3o do Novo Acordo at\u00e9 6 de mar\u00e7o de 2025.<\/li>\n<li>estar localizado na mancha de inunda\u00e7\u00e3o dos rejeitos at\u00e9\u00a05 quil\u00f4metros (km) de dist\u00e2ncia do centro da calha do Rio Gualaxo do Norte (MG) e do centro da calha do Rio Carmo e do Rio Doce (MG)<\/li>\n<li>estar localizado na mancha de inunda\u00e7\u00e3o dos rejeitos at\u00e9 5 km do centro da calha do rio Doce, no trecho correspondente entre Baixo Guandu at\u00e9 o distrito de Farias, no munic\u00edpio de Linhares (ES), e a partir do distrito de Farias at\u00e9 a Foz do rio Doce<\/li>\n<\/ul>\n<p>Sobre o Programa de Transfer\u00eancia de Renda para pescadores profissionais artesanais (PTR-Pesca)\u00a0t\u00eam direito os pescadores profissionais artesanais com inscri\u00e7\u00e3o no Registro Geral da Atividade Pesqueira (RGP) ou portadores de protocolo de requerimento de registro inicial solicitados no sistema at\u00e9 30 de setembro de 2024 e com resid\u00eancia comprovada em um dos 48 munic\u00edpios listados no acordo, al\u00e9m de inclus\u00e3o validada pelas listas elaboradas pelo Minist\u00e9rio da Pesca e Aquicultura.<\/p>\n<h2>D\u00favidas<\/h2>\n<p>As d\u00favidas relacionadas \u00e0 elegibilidade para receber o PTR Pesca devem ser enviadas por <a href=\"http:\/\/riodoce@mpa.gov.br\/\" target=\"_blank\">e-mail <\/a>criado pelo Minist\u00e9rio da Pesca e Aquicultura.<\/p>\n<p><strong>Quem considera ter direito ao PTR-Rural, mas ainda n\u00e3o o recebe, mesmo cumprindo os requisitos acima, deve preencher o <a href=\"https:\/\/docs.google.com\/forms\/d\/e\/1FAIpQLSdHUh_66ONXZeR-gtw5IPpkLeAEnSQTikHEOQPAN2vO3g1_rQ\/viewform\" target=\"_blank\">formul\u00e1rio\u00a0online<\/a>.<\/strong><\/p>\n","protected":false},"excerpt":{"rendered":"<p>Cerca de 13,7 mil agricultores familiares e 22 mil pescadores profissionais artesanais\u00a0de munic\u00edpios de Minas Gerais e Esp\u00edrito Santo, atingidos pelo rompimento da barragem do Fund\u00e3o\u00a0em Mariana (MG), recebem\u00a0nesta quarta-feira (10)\u00a0a terceira parcela de\u00a0programas de transfer\u00eancia de renda para agricultores (PTR-Rural) e pescadores profissionais artesanais\u00a0(PTR-Pesca). O valor mensal da indeniza\u00e7\u00e3o \u00e9 de um sal\u00e1rio m\u00ednimo [&hellip;]<\/p>\n","protected":false},"author":6,"featured_media":4054,"comment_status":"open","ping_status":"open","sticky":false,"template":"","format":"standard","meta":{"site-sidebar-layout":"default","site-content-layout":"","ast-site-content-layout":"","site-content-style":"default","site-sidebar-style":"default","ast-global-header-display":"","ast-banner-title-visibility":"","ast-main-header-display":"","ast-hfb-above-header-display":"","ast-hfb-below-header-display":"","ast-hfb-mobile-header-display":"","site-post-title":"","ast-breadcrumbs-content":"","ast-featured-img":"","footer-sml-layout":"","theme-transparent-header-meta":"","adv-header-id-meta":"","stick-header-meta":"","header-above-stick-meta":"","header-main-stick-meta":"","header-below-stick-meta":"","astra-migrate-meta-layouts":"default","ast-page-background-enabled":"default","ast-page-background-meta":{"desktop":{"background-color":"var(--ast-global-color-4)","background-image":"","background-repeat":"repeat","background-position":"center center","background-size":"auto","background-attachment":"scroll","background-type":"","background-media":"","overlay-type":"","overlay-color":"","overlay-opacity":"","overlay-gradient":""},"tablet":{"background-color":"","background-image":"","background-repeat":"repeat","background-position":"center center","background-size":"auto","background-attachment":"scroll","background-type":"","background-media":"","overlay-type":"","overlay-color":"","overlay-opacity":"","overlay-gradient":""},"mobile":{"background-color":"","background-image":"","background-repeat":"repeat","background-position":"center center","background-size":"auto","background-attachment":"scroll","background-type":"","background-media":"","overlay-type":"","overlay-color":"","overlay-opacity":"","overlay-gradient":""}},"ast-content-background-meta":{"desktop":{"background-color":"var(--ast-global-color-5)","background-image":"","background-repeat":"repeat","background-position":"center center","background-size":"auto","background-attachment":"scroll","background-type":"","background-media":"","overlay-type":"","overlay-color":"","overlay-opacity":"","overlay-gradient":""},"tablet":{"background-color":"var(--ast-global-color-5)","background-image":"","background-repeat":"repeat","background-position":"center center","background-size":"auto","background-attachment":"scroll","background-type":"","background-media":"","overlay-type":"","overlay-color":"","overlay-opacity":"","overlay-gradient":""},"mobile":{"background-color":"var(--ast-global-color-5)","background-image":"","background-repeat":"repeat","background-position":"center center","background-size":"auto","background-attachment":"scroll","background-type":"","background-media":"","overlay-type":"","overlay-color":"","overlay-opacity":"","overlay-gradient":""}},"footnotes":""},"categories":[1],"tags":[],"class_list":["post-4053","post","type-post","status-publish","format-standard","has-post-thumbnail","hentry","category-sem-categoria"],"_links":{"self":[{"href":"https:\/\/jornalregionalms.com.br\/index.php?rest_route=\/wp\/v2\/posts\/4053","targetHints":{"allow":["GET"]}}],"collection":[{"href":"https:\/\/jornalregionalms.com.br\/index.php?rest_route=\/wp\/v2\/posts"}],"about":[{"href":"https:\/\/jornalregionalms.com.br\/index.php?rest_route=\/wp\/v2\/types\/post"}],"author":[{"embeddable":true,"href":"https:\/\/jornalregionalms.com.br\/index.php?rest_route=\/wp\/v2\/users\/6"}],"replies":[{"embeddable":true,"href":"https:\/\/jornalregionalms.com.br\/index.php?rest_route=%2Fwp%2Fv2%2Fcomments&post=4053"}],"version-history":[{"count":0,"href":"https:\/\/jornalregionalms.com.br\/index.php?rest_route=\/wp\/v2\/posts\/4053\/revisions"}],"wp:featuredmedia":[{"embeddable":true,"href":"https:\/\/jornalregionalms.com.br\/index.php?rest_route=\/wp\/v2\/media\/4054"}],"wp:attachment":[{"href":"https:\/\/jornalregionalms.com.br\/index.php?rest_route=%2Fwp%2Fv2%2Fmedia&parent=4053"}],"wp:term":[{"taxonomy":"category","embeddable":true,"href":"https:\/\/jornalregionalms.com.br\/index.php?rest_route=%2Fwp%2Fv2%2Fcategories&post=4053"},{"taxonomy":"post_tag","embeddable":true,"href":"https:\/\/jornalregionalms.com.br\/index.php?rest_route=%2Fwp%2Fv2%2Ftags&post=4053"}],"curies":[{"name":"wp","href":"https:\/\/api.w.org\/{rel}","templated":true}]}}