{"id":4047,"date":"2025-09-11T04:30:37","date_gmt":"2025-09-11T07:30:37","guid":{"rendered":"https:\/\/jornalregionalms.com.br\/?p=4047"},"modified":"2025-09-11T04:30:37","modified_gmt":"2025-09-11T07:30:37","slug":"brasil-produzira-vacina-contra-virus-sincicial-respiratorio","status":"publish","type":"post","link":"https:\/\/jornalregionalms.com.br\/?p=4047","title":{"rendered":"Brasil produzir\u00e1 vacina contra v\u00edrus sincicial respirat\u00f3rio"},"content":{"rendered":"<\/p>\n<p><a class=\"\" href=\"https:\/\/agenciabrasil.ebc.com.br\/saude\/noticia\/2025-09\/brasil-produzira-vacina-contra-vsr-e-remedio-para-esclerose-multipla\"><br \/>\n                    <img decoding=\"async\" src=\"https:\/\/cdn.jsdelivr.net\/gh\/sergiosdlima\/assets-ebc@1.0.0\/abr\/assets\/images\/logo-agenciabrasil.svg\" alt=\"Logo Ag\u00eancia Brasil\"><br \/>\n\t\t\t\t<\/a><\/p>\n<p><strong>O Minist\u00e9rio da Sa\u00fade anunciou, nesta quarta-feira (10), uma parceria de transfer\u00eancia de tecnologia entre o Instituto Butantan e a farmac\u00eautica Pfizer para a produ\u00e7\u00e3o nacional da vacina contra o v\u00edrus sincicial respirat\u00f3rio (VSR), uma das principais causas de infec\u00e7\u00f5es respirat\u00f3rias graves em beb\u00eas, incluindo quadros de bronquiolite<\/strong>.<img decoding=\"async\" src=\"https:\/\/agenciabrasil.ebc.com.br\/ebc.png?id=1658121&#038;o=rss\"><img decoding=\"async\" src=\"https:\/\/agenciabrasil.ebc.com.br\/ebc.gif?id=1658121&#038;o=rss\"><\/p>\n<p>A previs\u00e3o \u00e9 que as primeiras 1,8 milh\u00e3o de doses sejam entregues at\u00e9 o fim deste ano. Em fevereiro, a pasta j\u00e1 havia confirmado a <a href=\"https:\/\/agenciabrasil.ebc.com.br\/saude\/noticia\/2025-02\/sus-incorpora-vacina-contra-virus-sincicial-respiratorio\" target=\"_blank\">incorpora\u00e7\u00e3o do imunizante <\/a>ao Sistema \u00danico de Sa\u00fade (SUS). Com o acordo, <strong>a distribui\u00e7\u00e3o da vacina contra o VSR na rede p\u00fablica, para gestantes e beb\u00eas, deve come\u00e7ar na segunda quinzena de novembro<\/strong>.<\/p>\n<\/p>\n<h3>Not\u00edcias relacionadas:<\/h3>\n<ul>\n<li><a href=\"https:\/\/agenciabrasil.ebc.com.br\/saude\/noticia\/2025-09\/lula-sanciona-lei-que-estabelece-acoes-para-reduzir-partos-prematuros\">Lula sanciona lei que estabelece a\u00e7\u00f5es para reduzir partos prematuros.<\/a><\/li>\n<li><a href=\"https:\/\/agenciabrasil.ebc.com.br\/saude\/noticia\/2025-09\/brasilia-ganha-biofabrica-de-mosquitos-com-tecnologia-contra-dengue\">Bras\u00edlia ganha biof\u00e1brica de mosquitos com tecnologia contra a dengue .<\/a><\/li>\n<li><a href=\"https:\/\/agenciabrasil.ebc.com.br\/saude\/noticia\/2025-09\/governo-regulamenta-indenizacao-e-pensao-vitimas-do-virus-zika\">Governo regulamenta indeniza\u00e7\u00e3o e pens\u00e3o a v\u00edtimas do v\u00edrus Zika .<\/a><\/li>\n<\/ul>\n<p>Devem ser imunizadas, por meio de dose \u00fanica, gestantes a partir da 28\u00aa semana de gravidez. A vacina\u00e7\u00e3o materna, segundo o minist\u00e9rio, favorece a transfer\u00eancia de anticorpos para o beb\u00ea, contribuindo para a prote\u00e7\u00e3o nos <strong>primeiros meses de vida, per\u00edodo de maior vulnerabilidade ao VSR<\/strong>.<\/p>\n<p>&#8220;O VSR \u00e9 uma das maiores causas de hospitaliza\u00e7\u00f5es em UTI, nos primeiros 6 meses de vida e justamente nos primeiros meses o risco \u00e9 muito mais alto. Eu vejo muitas mulheres com medo, adiando as vacinas da gesta\u00e7\u00e3o, mas elas s\u00e3o seguras, n\u00e3o geram nenhuma m\u00e1 forma\u00e7\u00e3o, n\u00e3o trazem nenhum preju\u00edzo para a gravidez e tamb\u00e9m n\u00e3o oferecem risco de aborto ou parto prematuro&#8221;, esclarece a diretora da Sociedade Brasileira de Imuniza\u00e7\u00f5es Isabela Ballalai.<\/p>\n<p>De acordo com o minist\u00e9rio, o v\u00edrus \u00e9 respons\u00e1vel por 80% dos casos de bronquiolite e por 60% dos casos de pneumonias em crian\u00e7as menores de 2 anos. A cada cinco crian\u00e7as infectadas, uma precisa de atendimento ambulatorial e, em m\u00e9dia, <strong>uma em cada 50 acaba hospitalizada no primeiro ano de vida<\/strong>.<\/p>\n<p><a href=\"https:\/\/www.whatsapp.com\/channel\/0029VaoRTgrInlqYLSk59B2M\" target=\"_blank\">>> Siga o canal da<strong> Ag\u00eancia Brasil <\/strong>no WhatsApp<\/a><\/p>\n<p>Dados da pasta mostram ainda que, no Brasil, cerca de 20 mil beb\u00eas menores de um\u00a0ano s\u00e3o internados anualmente. O risco \u00e9 mais elevado entre prematuros, cuja <strong>taxa de mortalidade \u00e9 sete vezes maior do que em crian\u00e7as nascidas a termo \u2014 grupo que representa 12% dos nascimentos no pa\u00eds<\/strong>.<\/p>\n<blockquote>\n<p>\u201cA vacina tem potencial para prevenir cerca de 28 mil interna\u00e7\u00f5es por ano, oferece prote\u00e7\u00e3o imediata aos rec\u00e9m-nascidos e beneficiar\u00e1 aproximadamente 2 milh\u00f5es de beb\u00eas nascidos vivos\u201d, informou o comunicado.<\/p>\n<\/blockquote>\n<h2>Esclerose m\u00faltipla<\/h2>\n<p>O Brasil tamb\u00e9m passar\u00e1 a produzir, por meio de parceria de desenvolvimento produtivo (PDP), o <strong>natalizumabe, medicamento biol\u00f3gico usado no tratamento da esclerose m\u00faltipla<\/strong>. De acordo com o minist\u00e9rio, a transfer\u00eancia de tecnologia <strong>ser\u00e1 feita pela farmac\u00eautica Sandoz para o Instituto Butantan<\/strong>.<\/p>\n<blockquote>\n<p>\u201cA vulnerabilidade do pa\u00eds na oferta de insumos durante a pandemia de covid-19 e os recentes epis\u00f3dios relacionados a aplica\u00e7\u00e3o de tarifas abusivas \u00e0s exporta\u00e7\u00f5es brasileiras refor\u00e7am a import\u00e2ncia da soberania do SUS para garantir o acesso da popula\u00e7\u00e3o a medicamentos e tratamentos\u201d, avaliou a pasta em nota.<\/p>\n<\/blockquote>\n<p>O natalizumabe \u00e9 indicado a pacientes com a forma remitente-recorrente de alta atividade, que corresponde a cerca de 85% dos casos, e que n\u00e3o responderam de forma adequada a outros tratamentos. <strong>O medicamento \u00e9 ofertado no SUS desde 2020, mas atualmente\u00a0h\u00e1 apenas um \u00fanico fabricante com registro no pa\u00eds<\/strong>.<\/p>\n<p>A esclerose m\u00faltipla \u00e9 uma doen\u00e7a autoimune que compromete o sistema nervoso central e afeta principalmente adultos jovens, com idade entre 18 e 55 anos. \u00c9 caracterizada pela desmieliniza\u00e7\u00e3o da bainha de mielina, que possibilita a condu\u00e7\u00e3o de impulsos el\u00e9tricos respons\u00e1veis pelo controle das fun\u00e7\u00f5es do organismo.<\/p>\n","protected":false},"excerpt":{"rendered":"<p>O Minist\u00e9rio da Sa\u00fade anunciou, nesta quarta-feira (10), uma parceria de transfer\u00eancia de tecnologia entre o Instituto Butantan e a farmac\u00eautica Pfizer para a produ\u00e7\u00e3o nacional da vacina contra o v\u00edrus sincicial respirat\u00f3rio (VSR), uma das principais causas de infec\u00e7\u00f5es respirat\u00f3rias graves em beb\u00eas, incluindo quadros de bronquiolite. A previs\u00e3o \u00e9 que as primeiras 1,8 [&hellip;]<\/p>\n","protected":false},"author":1,"featured_media":4048,"comment_status":"open","ping_status":"open","sticky":false,"template":"","format":"standard","meta":{"site-sidebar-layout":"default","site-content-layout":"","ast-site-content-layout":"","site-content-style":"default","site-sidebar-style":"default","ast-global-header-display":"","ast-banner-title-visibility":"","ast-main-header-display":"","ast-hfb-above-header-display":"","ast-hfb-below-header-display":"","ast-hfb-mobile-header-display":"","site-post-title":"","ast-breadcrumbs-content":"","ast-featured-img":"","footer-sml-layout":"","theme-transparent-header-meta":"","adv-header-id-meta":"","stick-header-meta":"","header-above-stick-meta":"","header-main-stick-meta":"","header-below-stick-meta":"","astra-migrate-meta-layouts":"default","ast-page-background-enabled":"default","ast-page-background-meta":{"desktop":{"background-color":"var(--ast-global-color-4)","background-image":"","background-repeat":"repeat","background-position":"center center","background-size":"auto","background-attachment":"scroll","background-type":"","background-media":"","overlay-type":"","overlay-color":"","overlay-opacity":"","overlay-gradient":""},"tablet":{"background-color":"","background-image":"","background-repeat":"repeat","background-position":"center center","background-size":"auto","background-attachment":"scroll","background-type":"","background-media":"","overlay-type":"","overlay-color":"","overlay-opacity":"","overlay-gradient":""},"mobile":{"background-color":"","background-image":"","background-repeat":"repeat","background-position":"center center","background-size":"auto","background-attachment":"scroll","background-type":"","background-media":"","overlay-type":"","overlay-color":"","overlay-opacity":"","overlay-gradient":""}},"ast-content-background-meta":{"desktop":{"background-color":"var(--ast-global-color-5)","background-image":"","background-repeat":"repeat","background-position":"center center","background-size":"auto","background-attachment":"scroll","background-type":"","background-media":"","overlay-type":"","overlay-color":"","overlay-opacity":"","overlay-gradient":""},"tablet":{"background-color":"var(--ast-global-color-5)","background-image":"","background-repeat":"repeat","background-position":"center center","background-size":"auto","background-attachment":"scroll","background-type":"","background-media":"","overlay-type":"","overlay-color":"","overlay-opacity":"","overlay-gradient":""},"mobile":{"background-color":"var(--ast-global-color-5)","background-image":"","background-repeat":"repeat","background-position":"center center","background-size":"auto","background-attachment":"scroll","background-type":"","background-media":"","overlay-type":"","overlay-color":"","overlay-opacity":"","overlay-gradient":""}},"footnotes":""},"categories":[1],"tags":[],"class_list":["post-4047","post","type-post","status-publish","format-standard","has-post-thumbnail","hentry","category-sem-categoria"],"_links":{"self":[{"href":"https:\/\/jornalregionalms.com.br\/index.php?rest_route=\/wp\/v2\/posts\/4047","targetHints":{"allow":["GET"]}}],"collection":[{"href":"https:\/\/jornalregionalms.com.br\/index.php?rest_route=\/wp\/v2\/posts"}],"about":[{"href":"https:\/\/jornalregionalms.com.br\/index.php?rest_route=\/wp\/v2\/types\/post"}],"author":[{"embeddable":true,"href":"https:\/\/jornalregionalms.com.br\/index.php?rest_route=\/wp\/v2\/users\/1"}],"replies":[{"embeddable":true,"href":"https:\/\/jornalregionalms.com.br\/index.php?rest_route=%2Fwp%2Fv2%2Fcomments&post=4047"}],"version-history":[{"count":0,"href":"https:\/\/jornalregionalms.com.br\/index.php?rest_route=\/wp\/v2\/posts\/4047\/revisions"}],"wp:featuredmedia":[{"embeddable":true,"href":"https:\/\/jornalregionalms.com.br\/index.php?rest_route=\/wp\/v2\/media\/4048"}],"wp:attachment":[{"href":"https:\/\/jornalregionalms.com.br\/index.php?rest_route=%2Fwp%2Fv2%2Fmedia&parent=4047"}],"wp:term":[{"taxonomy":"category","embeddable":true,"href":"https:\/\/jornalregionalms.com.br\/index.php?rest_route=%2Fwp%2Fv2%2Fcategories&post=4047"},{"taxonomy":"post_tag","embeddable":true,"href":"https:\/\/jornalregionalms.com.br\/index.php?rest_route=%2Fwp%2Fv2%2Ftags&post=4047"}],"curies":[{"name":"wp","href":"https:\/\/api.w.org\/{rel}","templated":true}]}}