{"id":4045,"date":"2025-09-11T04:30:38","date_gmt":"2025-09-11T07:30:38","guid":{"rendered":"https:\/\/jornalregionalms.com.br\/?p=4045"},"modified":"2025-09-11T04:30:38","modified_gmt":"2025-09-11T07:30:38","slug":"unicef-obesidade-infantil-supera-desnutricao-pela-1a-vez-no-mundo","status":"publish","type":"post","link":"https:\/\/jornalregionalms.com.br\/?p=4045","title":{"rendered":"Unicef: obesidade infantil supera desnutri\u00e7\u00e3o pela 1\u00aa vez no mundo"},"content":{"rendered":"<\/p>\n<p><a class=\"\" href=\"https:\/\/agenciabrasil.ebc.com.br\/saude\/noticia\/2025-09\/unicef-obesidade-infantil-supera-desnutricao-pela-1a-vez-no-mundo\"><br \/>\n                    <img decoding=\"async\" src=\"https:\/\/cdn.jsdelivr.net\/gh\/sergiosdlima\/assets-ebc@1.0.0\/abr\/assets\/images\/logo-agenciabrasil.svg\" alt=\"Logo Ag\u00eancia Brasil\"><br \/>\n\t\t\t\t<\/a><\/p>\n<p>Uma em cada cinco crian\u00e7as ou adolescentes do mundo est\u00e1 acima do peso, o que representa cerca de 391 milh\u00f5es de indiv\u00edduos. Quase metade delas &#8211; 188 milh\u00f5es &#8211; apresenta obesidade. Com isso, pela primeira vez na hist\u00f3ria, o<strong> excesso de peso grave superou a desnutri\u00e7\u00e3o como a maior forma de n\u00e1 nutri\u00e7\u00e3o infantil<\/strong>. Os dados s\u00e3o do Fundo das Na\u00e7\u00f5es Unidas para a Inf\u00e2ncia (Unicef) que alerta para o risco de adoecemento.<img decoding=\"async\" src=\"https:\/\/agenciabrasil.ebc.com.br\/ebc.png?id=1658204&#038;o=rss\"><img decoding=\"async\" src=\"https:\/\/agenciabrasil.ebc.com.br\/ebc.gif?id=1658204&#038;o=rss\"><\/p>\n<p>Em um relat\u00f3rio com dados de mais de 190 pa\u00edses, a organiza\u00e7\u00e3o mostra que a preval\u00eancia de desnutri\u00e7\u00e3o entre crian\u00e7as de 5 a 19 anos caiu de quase 13% para 9,2%, entre 2000 e 2025 Enquanto isso as taxas de obesidade aumentaram de 3% para 9,4%. <strong>A obesidade s\u00f3 n\u00e3o superou a desnutri\u00e7\u00e3o em duas regi\u00f5es do mundo: a \u00c1frica Subsaariana e o Sul da \u00c1sia<\/strong>.<\/p>\n<\/p>\n<h3>Not\u00edcias relacionadas:<\/h3>\n<ul>\n<li><a href=\"https:\/\/agenciabrasil.ebc.com.br\/saude\/noticia\/2025-09\/casos-de-hepatite-aumentam-50-na-cidade-do-rio\">Casos de hepatite A aumentam 50% na cidade do Rio.<\/a><\/li>\n<li><a href=\"https:\/\/agenciabrasil.ebc.com.br\/saude\/noticia\/2025-09\/governo-regulamenta-indenizacao-e-pensao-vitimas-do-virus-zika\">Governo regulamenta indeniza\u00e7\u00e3o e pens\u00e3o a v\u00edtimas do v\u00edrus Zika .<\/a><\/li>\n<li><a href=\"https:\/\/agenciabrasil.ebc.com.br\/saude\/noticia\/2025-09\/evento-mundial-discute-novas-estrategias-de-combate-gripe-aviaria\">Evento mundial discute novas estrat\u00e9gias de combate \u00e0 gripe avi\u00e1ria.<\/a><\/li>\n<\/ul>\n<p><strong>No Brasil, esse j\u00e1 \u00e9 o panorama h\u00e1 algumas d\u00e9cadas<\/strong>. No ano 2000, 5% das crian\u00e7as e adolescentes apresentavam obesidade, contra 4% afetados pela desnutri\u00e7\u00e3o. At\u00e9 2022, o \u00edndice de obesidade triplicou, chegando a 15%, enquanto a desnutri\u00e7\u00e3o continuou caindo para 3% dessa popula\u00e7\u00e3o. Al\u00e9m disso, o sobrepeso dobrou de 18% para 36%.<\/p>\n<p>Segundo o relat\u00f3rio, as maiores taxas de obesidade entre crian\u00e7as e adolescentes foram encontradas em pa\u00edses das Ilhas do Pac\u00edfico, passando de 30%. A principal raz\u00e3o, segundo o Unicef, \u00e9 a <strong>substitui\u00e7\u00e3o da alimenta\u00e7\u00e3o tradicional por alimentos ultraprocessados, que s\u00e3o mais baratos<\/strong>. \u00a0<\/p>\n<p>Mas as taxas de obesidade e o consumo de ultraprocessados tamb\u00e9m preocupam em pa\u00edses de alta renda, de continentes e com contextos culturais diferentes. <strong>No Chile, 27% das habitantes entre 5 a 19 anos vivem com obesidade, e a propor\u00e7\u00e3o \u00e9 de 21% nos Estados Unidos e Emirados \u00c1rabes Unidos, ou seja, 2 a cada 10.<\/strong><\/p>\n<blockquote>\n<p>\u201cA obesidade \u00e9 uma preocupa\u00e7\u00e3o crescente que pode impactar a sa\u00fade e o desenvolvimento das crian\u00e7as. Os alimentos ultraprocessados est\u00e3o substituindo cada vez mais frutas, vegetais e prote\u00ednas, justamente quando a nutri\u00e7\u00e3o desempenha um papel cr\u00edtico no crescimento, desenvolvimento cognitivo e sa\u00fade mental das crian\u00e7as\u201d, lamenta Catherine Russell, Diretora Executiva do Unicef.<\/p>\n<\/blockquote>\n<p>De acordo com a organiza\u00e7\u00e3o, a mudan\u00e7a n\u00e3o se deve a escolhas pessoais, mas a <strong>&#8220;ambientes alimentares prejudiciais\u00a0que est\u00e3o moldando a dieta das crian\u00e7as,\u00a0para privilegiar alimentos ultraprocessados e <em>fast foods<\/em>&#8220;<\/strong>, que cont\u00e9m altas concentra\u00e7\u00f5es de a\u00e7\u00facar, amido refinado, sal, gorduras n\u00e3o saud\u00e1veis e aditivos.<\/p>\n<div class=\"dnd-widget-wrapper context-medio_4colunas type-image atom-align-right\">\n<div class=\"dnd-atom-rendered\"><!-- scald=120662:medio_4colunas {\"additionalClasses\":\"\"} --><br \/>\n            <img decoding=\"async\" src=\"https:\/\/agenciabrasil.ebc.com.br\/sites\/default\/files\/thumbnails\/image\/loading_v2.gif\" data-echo=\"https:\/\/imagens.ebc.com.br\/EaxtOac3Ca6TCwTsOgQNTEUAdoM=\/365x0\/smart\/https:\/\/agenciabrasil.ebc.com.br\/sites\/default\/files\/thumbnails\/image\/ffraz_abr20180812_1332rj.jpg?itok=CEGMPCod\" alt=\"Emerson Farias comprou um barco de hamburguer na Feira Nacional do Podr\u00e3o, que re\u00fane op\u00e7\u00f5es de lanches e gastronomia popular de rua no Terreir\u00e3o do Samba, no centro da cidade.\" title=\"Fernando Fraz\u00e3o\/Ag\u00eancia Brasil\"><br \/>\n        <noscript><img decoding=\"async\" src=\"https:\/\/imagens.ebc.com.br\/EaxtOac3Ca6TCwTsOgQNTEUAdoM=\/365x0\/smart\/https:\/\/agenciabrasil.ebc.com.br\/sites\/default\/files\/thumbnails\/image\/ffraz_abr20180812_1332rj.jpg?itok=CEGMPCod\" alt=\"Emerson Farias comprou um barco de hamburguer na Feira Nacional do Podr\u00e3o, que re\u00fane op\u00e7\u00f5es de lanches e gastronomia popular de rua no Terreir\u00e3o do Samba, no centro da cidade.\" title=\"Fernando Fraz\u00e3o\/Ag\u00eancia Brasil\"><\/noscript><br \/>\n    <!-- END scald=120662 --><\/div>\n<div class=\"dnd-caption-wrapper\">\n<h6 class=\"meta\">Alimentos ultraprocessados\u00a0aumentam risco de doen\u00e7as ao longo da vida, diz relat\u00f3rio.\u00a0&#8211; <strong>Fernando Fraz\u00e3o\/Ag\u00eancia Brasil<\/strong><!--END copyright=120662--><\/h6>\n<\/div>\n<\/div>\n<blockquote>\n<p>&#8220;Esses produtos dominam com\u00e9rcios e escolas, enquanto o marketing digital d\u00e1 \u00e0 ind\u00fastria de alimentos e bebidas acesso poderoso ao p\u00fablico jovem&#8221;, alerta a publica\u00e7\u00e3o.<\/p>\n<\/blockquote>\n<p>O relat\u00f3rio mostra tamb\u00e9m que a desnutri\u00e7\u00e3o continua sendo uma preocupa\u00e7\u00e3o significativa entre crian\u00e7as menores de 5 anos em muitos pa\u00edses de baixa e m\u00e9dia renda, enquanto o <strong>excesso de peso \u00e9 mais prevalente entre as crian\u00e7as em idade escolar e adolescentes<\/strong>.<\/p>\n<p>De acordo com o relat\u00f3rio, a <strong>condi\u00e7\u00e3o aumenta o risco de desenvolver resist\u00eancia \u00e0 insulina, press\u00e3o alta e doen\u00e7as graves ao longo da vida, como diabetes tipo 2, doen\u00e7as cardiovasculares e certos tipos de c\u00e2ncer<\/strong>.<\/p>\n<p>O Unicef calcula que, se os pa\u00edses n\u00e3o intervirem para prevenir o excesso de peso infantil, \u00a0podem enfrentar grandes impactos econ\u00f4micos, <strong>por causa das consequ\u00eancias na sa\u00fade p\u00fablica<\/strong>. At\u00e9 2035, o impacto econ\u00f4mico global do sobrepeso e da obesidade deve ultrapassar US$ 4 trilh\u00f5es por ano.<\/p>\n<p>Por outro lado, alguns pa\u00edses aparecem como exemplos positivos, incluindo o Brasil. A organiza\u00e7\u00e3o destaca: a restri\u00e7\u00e3o progressiva da compra de ultraprocessados no Programa Nacional de Alimenta\u00e7\u00e3o Escolar (PNAE); <strong>a veda\u00e7\u00e3o de propagandas de alimentos n\u00e3o saud\u00e1veis para crian\u00e7as; a rotulagem frontal, que destaca quando um produto \u00e9 rico em subst\u00e2ncias nocivas, como a\u00e7\u00facar e s\u00f3dio; e a proibi\u00e7\u00e3o do uso de gorduras trans na produ\u00e7\u00e3o de alimentos.<\/strong><\/p>\n","protected":false},"excerpt":{"rendered":"<p>Uma em cada cinco crian\u00e7as ou adolescentes do mundo est\u00e1 acima do peso, o que representa cerca de 391 milh\u00f5es de indiv\u00edduos. Quase metade delas &#8211; 188 milh\u00f5es &#8211; apresenta obesidade. Com isso, pela primeira vez na hist\u00f3ria, o excesso de peso grave superou a desnutri\u00e7\u00e3o como a maior forma de n\u00e1 nutri\u00e7\u00e3o infantil. Os [&hellip;]<\/p>\n","protected":false},"author":67,"featured_media":4046,"comment_status":"open","ping_status":"open","sticky":false,"template":"","format":"standard","meta":{"site-sidebar-layout":"default","site-content-layout":"","ast-site-content-layout":"","site-content-style":"default","site-sidebar-style":"default","ast-global-header-display":"","ast-banner-title-visibility":"","ast-main-header-display":"","ast-hfb-above-header-display":"","ast-hfb-below-header-display":"","ast-hfb-mobile-header-display":"","site-post-title":"","ast-breadcrumbs-content":"","ast-featured-img":"","footer-sml-layout":"","theme-transparent-header-meta":"","adv-header-id-meta":"","stick-header-meta":"","header-above-stick-meta":"","header-main-stick-meta":"","header-below-stick-meta":"","astra-migrate-meta-layouts":"default","ast-page-background-enabled":"default","ast-page-background-meta":{"desktop":{"background-color":"var(--ast-global-color-4)","background-image":"","background-repeat":"repeat","background-position":"center center","background-size":"auto","background-attachment":"scroll","background-type":"","background-media":"","overlay-type":"","overlay-color":"","overlay-opacity":"","overlay-gradient":""},"tablet":{"background-color":"","background-image":"","background-repeat":"repeat","background-position":"center center","background-size":"auto","background-attachment":"scroll","background-type":"","background-media":"","overlay-type":"","overlay-color":"","overlay-opacity":"","overlay-gradient":""},"mobile":{"background-color":"","background-image":"","background-repeat":"repeat","background-position":"center center","background-size":"auto","background-attachment":"scroll","background-type":"","background-media":"","overlay-type":"","overlay-color":"","overlay-opacity":"","overlay-gradient":""}},"ast-content-background-meta":{"desktop":{"background-color":"var(--ast-global-color-5)","background-image":"","background-repeat":"repeat","background-position":"center center","background-size":"auto","background-attachment":"scroll","background-type":"","background-media":"","overlay-type":"","overlay-color":"","overlay-opacity":"","overlay-gradient":""},"tablet":{"background-color":"var(--ast-global-color-5)","background-image":"","background-repeat":"repeat","background-position":"center center","background-size":"auto","background-attachment":"scroll","background-type":"","background-media":"","overlay-type":"","overlay-color":"","overlay-opacity":"","overlay-gradient":""},"mobile":{"background-color":"var(--ast-global-color-5)","background-image":"","background-repeat":"repeat","background-position":"center center","background-size":"auto","background-attachment":"scroll","background-type":"","background-media":"","overlay-type":"","overlay-color":"","overlay-opacity":"","overlay-gradient":""}},"footnotes":""},"categories":[1],"tags":[],"class_list":["post-4045","post","type-post","status-publish","format-standard","has-post-thumbnail","hentry","category-sem-categoria"],"_links":{"self":[{"href":"https:\/\/jornalregionalms.com.br\/index.php?rest_route=\/wp\/v2\/posts\/4045","targetHints":{"allow":["GET"]}}],"collection":[{"href":"https:\/\/jornalregionalms.com.br\/index.php?rest_route=\/wp\/v2\/posts"}],"about":[{"href":"https:\/\/jornalregionalms.com.br\/index.php?rest_route=\/wp\/v2\/types\/post"}],"author":[{"embeddable":true,"href":"https:\/\/jornalregionalms.com.br\/index.php?rest_route=\/wp\/v2\/users\/67"}],"replies":[{"embeddable":true,"href":"https:\/\/jornalregionalms.com.br\/index.php?rest_route=%2Fwp%2Fv2%2Fcomments&post=4045"}],"version-history":[{"count":0,"href":"https:\/\/jornalregionalms.com.br\/index.php?rest_route=\/wp\/v2\/posts\/4045\/revisions"}],"wp:featuredmedia":[{"embeddable":true,"href":"https:\/\/jornalregionalms.com.br\/index.php?rest_route=\/wp\/v2\/media\/4046"}],"wp:attachment":[{"href":"https:\/\/jornalregionalms.com.br\/index.php?rest_route=%2Fwp%2Fv2%2Fmedia&parent=4045"}],"wp:term":[{"taxonomy":"category","embeddable":true,"href":"https:\/\/jornalregionalms.com.br\/index.php?rest_route=%2Fwp%2Fv2%2Fcategories&post=4045"},{"taxonomy":"post_tag","embeddable":true,"href":"https:\/\/jornalregionalms.com.br\/index.php?rest_route=%2Fwp%2Fv2%2Ftags&post=4045"}],"curies":[{"name":"wp","href":"https:\/\/api.w.org\/{rel}","templated":true}]}}