{"id":4041,"date":"2025-09-11T04:30:35","date_gmt":"2025-09-11T07:30:35","guid":{"rendered":"https:\/\/jornalregionalms.com.br\/?p=4041"},"modified":"2025-09-11T04:30:35","modified_gmt":"2025-09-11T07:30:35","slug":"aprovada-urgencia-de-pl-que-libera-r-15-bi-para-saude-e-educacao","status":"publish","type":"post","link":"https:\/\/jornalregionalms.com.br\/?p=4041","title":{"rendered":"Aprovada urg\u00eancia de PL que libera R$ 1,5 bi para sa\u00fade e educa\u00e7\u00e3o"},"content":{"rendered":"<\/p>\n<p><a class=\"\" href=\"https:\/\/agenciabrasil.ebc.com.br\/politica\/noticia\/2025-09\/aprovada-urgencia-de-pl-que-libera-r-15-bi-para-saude-e-educacao\"><br \/>\n                    <img decoding=\"async\" src=\"https:\/\/cdn.jsdelivr.net\/gh\/sergiosdlima\/assets-ebc@1.0.0\/abr\/assets\/images\/logo-agenciabrasil.svg\" alt=\"Logo Ag\u00eancia Brasil\"><br \/>\n\t\t\t\t<\/a><\/p>\n<p>A C\u00e2mara dos Deputados aprovou, por unanimidade, a urg\u00eancia para aprecia\u00e7\u00e3o do projeto de lei complementar (PLP) que exclui, do c\u00e1lculo dos limites de despesas prim\u00e1rias, as despesas tempor\u00e1rias com educa\u00e7\u00e3o p\u00fablica e sa\u00fade\u00a0previstas na legisla\u00e7\u00e3o que trata do Fundo Social do Pr\u00e9-Sal. O projeto tamb\u00e9m exclui essas\u00a0despesas das metas fiscais.<img decoding=\"async\" src=\"https:\/\/agenciabrasil.ebc.com.br\/ebc.png?id=1658156&#038;o=rss\"><img decoding=\"async\" src=\"https:\/\/agenciabrasil.ebc.com.br\/ebc.gif?id=1658156&#038;o=rss\"><\/p>\n<p>Com a aprova\u00e7\u00e3o da urg\u00eancia, o projeto pode ser votado diretamente em plen\u00e1rio, sem passar pelas comiss\u00f5es da Casa.<\/p>\n<\/p>\n<h3>Not\u00edcias relacionadas:<\/h3>\n<ul>\n<li><a href=\"https:\/\/agenciabrasil.ebc.com.br\/politica\/noticia\/2025-09\/camara-aprova-urgencia-para-votar-vale-refeicao-para-entregadores\">C\u00e2mara aprova urg\u00eancia para votar vale-refei\u00e7\u00e3o para entregadores.<\/a><\/li>\n<li><a href=\"https:\/\/agenciabrasil.ebc.com.br\/educacao\/noticia\/2025-09\/camara-aprova-projeto-que-amplia-compra-de-alimentos-para-merenda-escolar\">C\u00e2mara aprova projeto de compra de alimentos para merenda escolar.<\/a><\/li>\n<li><a href=\"https:\/\/agenciabrasil.ebc.com.br\/politica\/noticia\/2025-09\/camara-instala-comissao-que-vai-analisar-pec-da-seguranca-publica\">C\u00e2mara instala comiss\u00e3o que vai analisar a PEC da Seguran\u00e7a P\u00fablica.<\/a><\/li>\n<\/ul>\n<p><strong>A lei que disciplina o uso do Fundo Social do Pr\u00e9-Sal determina a destina\u00e7\u00e3o, na lei or\u00e7ament\u00e1ria anual da Uni\u00e3o,\u00a0do equivalente a 5% do montante do fundo em cada ano para a educa\u00e7\u00e3o p\u00fablica e a\u00a0sa\u00fade.<\/strong><\/p>\n<p>Segundo o autor, o deputado Isnaldo Bulh\u00f5es (MDB-AL),\u00a0os aportes anuais no Fundo Social s\u00e3o da ordem de R$ 30 bilh\u00f5es e, <strong>caso o PLP 163\/2025 seja aprovado, ser\u00e1 poss\u00edvel acrescer algo em torno de R$ 1,5 bilh\u00e3o ao ano para educa\u00e7\u00e3o e sa\u00fade nos pr\u00f3ximos cinco anos<\/strong>.<\/p>\n<p>\u201cTrata-se de \u00e1reas em que h\u00e1 not\u00f3ria car\u00eancia de recursos, de forma que esses recursos adicionais certamente ser\u00e3o bem-vindos! Ocorre que, se essas despesas forem computadas nos limites de gastos previstos pelo Novo Arcabou\u00e7o Fiscal, a disponibilidade de recursos para gastos discricion\u00e1rios ficar\u00e1 ainda mais limitada\u201d, defendeu.<\/p>\n<p><a href=\"https:\/\/www.whatsapp.com\/channel\/0029VaoRTgrInlqYLSk59B2M\" target=\"_blank\">>> Siga o canal da <strong>Ag\u00eancia Brasil <\/strong>no WhatsApp<\/a><\/p>\n<p>O deputado apontou que a proposta visa a adequar o arcabou\u00e7o fiscal aprovado em 2023\u00a0a altera\u00e7\u00f5es legislativas posteriores e a situa\u00e7\u00f5es que n\u00e3o foram observadas \u00e0 \u00e9poca da aprova\u00e7\u00e3o.<\/p>\n<p>\u201cA espinha dorsal desse arcabou\u00e7o \u00e9 garantir que as despesas prim\u00e1rias cres\u00e7am a um ritmo mais lento do que as receitas, gerando espa\u00e7o fiscal para pagamento da d\u00edvida p\u00fablica\u201d, justificou. \u201cPor outro lado, a norma reconhece a import\u00e2ncia do gasto governamental em atividades estrat\u00e9gicas, e, por isso, exclui alguns gastos do limite de despesas\u201d, completou.<\/p>\n<p><strong>A proposta tamb\u00e9m exclui, do c\u00e1lculo das despesas prim\u00e1rias,\u00a0as despesas financiadas com recursos de empr\u00e9stimos internacionais e suas respectivas contrapartidas.<\/strong><\/p>\n<p>\u201cEm rela\u00e7\u00e3o aos recursos oriundos de empr\u00e9stimos internacionais, n\u00e3o faz sentido que sejam submetidos ao limite de gastos, uma vez que s\u00e3o objeto de contratos firmados, com a obriga\u00e7\u00e3o de serem utilizados em determinados fins\u201d, argumentou.<\/p>\n<p>\u00a0<\/p>\n","protected":false},"excerpt":{"rendered":"<p>A C\u00e2mara dos Deputados aprovou, por unanimidade, a urg\u00eancia para aprecia\u00e7\u00e3o do projeto de lei complementar (PLP) que exclui, do c\u00e1lculo dos limites de despesas prim\u00e1rias, as despesas tempor\u00e1rias com educa\u00e7\u00e3o p\u00fablica e sa\u00fade\u00a0previstas na legisla\u00e7\u00e3o que trata do Fundo Social do Pr\u00e9-Sal. O projeto tamb\u00e9m exclui essas\u00a0despesas das metas fiscais. Com a aprova\u00e7\u00e3o da [&hellip;]<\/p>\n","protected":false},"author":111,"featured_media":4042,"comment_status":"open","ping_status":"open","sticky":false,"template":"","format":"standard","meta":{"site-sidebar-layout":"default","site-content-layout":"","ast-site-content-layout":"","site-content-style":"default","site-sidebar-style":"default","ast-global-header-display":"","ast-banner-title-visibility":"","ast-main-header-display":"","ast-hfb-above-header-display":"","ast-hfb-below-header-display":"","ast-hfb-mobile-header-display":"","site-post-title":"","ast-breadcrumbs-content":"","ast-featured-img":"","footer-sml-layout":"","theme-transparent-header-meta":"","adv-header-id-meta":"","stick-header-meta":"","header-above-stick-meta":"","header-main-stick-meta":"","header-below-stick-meta":"","astra-migrate-meta-layouts":"default","ast-page-background-enabled":"default","ast-page-background-meta":{"desktop":{"background-color":"var(--ast-global-color-4)","background-image":"","background-repeat":"repeat","background-position":"center center","background-size":"auto","background-attachment":"scroll","background-type":"","background-media":"","overlay-type":"","overlay-color":"","overlay-opacity":"","overlay-gradient":""},"tablet":{"background-color":"","background-image":"","background-repeat":"repeat","background-position":"center center","background-size":"auto","background-attachment":"scroll","background-type":"","background-media":"","overlay-type":"","overlay-color":"","overlay-opacity":"","overlay-gradient":""},"mobile":{"background-color":"","background-image":"","background-repeat":"repeat","background-position":"center center","background-size":"auto","background-attachment":"scroll","background-type":"","background-media":"","overlay-type":"","overlay-color":"","overlay-opacity":"","overlay-gradient":""}},"ast-content-background-meta":{"desktop":{"background-color":"var(--ast-global-color-5)","background-image":"","background-repeat":"repeat","background-position":"center center","background-size":"auto","background-attachment":"scroll","background-type":"","background-media":"","overlay-type":"","overlay-color":"","overlay-opacity":"","overlay-gradient":""},"tablet":{"background-color":"var(--ast-global-color-5)","background-image":"","background-repeat":"repeat","background-position":"center center","background-size":"auto","background-attachment":"scroll","background-type":"","background-media":"","overlay-type":"","overlay-color":"","overlay-opacity":"","overlay-gradient":""},"mobile":{"background-color":"var(--ast-global-color-5)","background-image":"","background-repeat":"repeat","background-position":"center center","background-size":"auto","background-attachment":"scroll","background-type":"","background-media":"","overlay-type":"","overlay-color":"","overlay-opacity":"","overlay-gradient":""}},"footnotes":""},"categories":[1],"tags":[],"class_list":["post-4041","post","type-post","status-publish","format-standard","has-post-thumbnail","hentry","category-sem-categoria"],"_links":{"self":[{"href":"https:\/\/jornalregionalms.com.br\/index.php?rest_route=\/wp\/v2\/posts\/4041","targetHints":{"allow":["GET"]}}],"collection":[{"href":"https:\/\/jornalregionalms.com.br\/index.php?rest_route=\/wp\/v2\/posts"}],"about":[{"href":"https:\/\/jornalregionalms.com.br\/index.php?rest_route=\/wp\/v2\/types\/post"}],"author":[{"embeddable":true,"href":"https:\/\/jornalregionalms.com.br\/index.php?rest_route=\/wp\/v2\/users\/111"}],"replies":[{"embeddable":true,"href":"https:\/\/jornalregionalms.com.br\/index.php?rest_route=%2Fwp%2Fv2%2Fcomments&post=4041"}],"version-history":[{"count":0,"href":"https:\/\/jornalregionalms.com.br\/index.php?rest_route=\/wp\/v2\/posts\/4041\/revisions"}],"wp:featuredmedia":[{"embeddable":true,"href":"https:\/\/jornalregionalms.com.br\/index.php?rest_route=\/wp\/v2\/media\/4042"}],"wp:attachment":[{"href":"https:\/\/jornalregionalms.com.br\/index.php?rest_route=%2Fwp%2Fv2%2Fmedia&parent=4041"}],"wp:term":[{"taxonomy":"category","embeddable":true,"href":"https:\/\/jornalregionalms.com.br\/index.php?rest_route=%2Fwp%2Fv2%2Fcategories&post=4041"},{"taxonomy":"post_tag","embeddable":true,"href":"https:\/\/jornalregionalms.com.br\/index.php?rest_route=%2Fwp%2Fv2%2Ftags&post=4041"}],"curies":[{"name":"wp","href":"https:\/\/api.w.org\/{rel}","templated":true}]}}