{"id":3811,"date":"2025-09-07T01:35:55","date_gmt":"2025-09-07T04:35:55","guid":{"rendered":"https:\/\/jornalregionalms.com.br\/?p=3811"},"modified":"2025-09-07T01:35:55","modified_gmt":"2025-09-07T04:35:55","slug":"marina-defende-fim-do-uso-de-combustiveis-fosseis-em-evento-na-etiopia","status":"publish","type":"post","link":"https:\/\/jornalregionalms.com.br\/?p=3811","title":{"rendered":"Marina defende fim do uso de combust\u00edveis f\u00f3sseis em evento na Eti\u00f3pia"},"content":{"rendered":"<p>A dois meses para a COP30, em Bel\u00e9m do Par\u00e1, a ministra do Meio Ambiente e Mudan\u00e7a do Clima, Marina Silva, defendeu, mais uma vez, o fim do uso de combust\u00edveis f\u00f3sseis, como o petr\u00f3leo, para a gera\u00e7\u00e3o de energia. Segundo ela, \u00e9 preciso encontrar caminhos que leve o planeta ao fim dessa depend\u00eancia, mas de forma justa e respeitando as potencialidades de cada na\u00e7\u00e3o. \u00a0<img decoding=\"async\" src=\"https:\/\/agenciabrasil.ebc.com.br\/ebc.png?id=1657358&#038;o=rss\"><img decoding=\"async\" src=\"https:\/\/agenciabrasil.ebc.com.br\/ebc.gif?id=1657358&#038;o=rss\"><\/p>\n<blockquote>\n<p>&#8220;\u00c9 inevit\u00e1vel desenvolvermos um plano internacional ou um mapa do caminho que nos leve para o fim da depend\u00eancia de energia f\u00f3ssil.\u00a0Para tanto h\u00e1 de\u00a0que considerar as diferen\u00e7as entre pa\u00edses, suas necessidades, dificuldades e circunst\u00e2ncias nacionais, abordando esse desafio tanto pelo lado da produ\u00e7\u00e3o quanto do consumo.\u00a0Esse processo precisa ser justo, inclusive para pessoas, pa\u00edses, regi\u00f5es e, sobretudo, para os mais vulnerabilizados&#8221;.<\/p>\n<\/blockquote>\n<p>Marina voltou a falar no assunto, em Adis Abeda, capital da Eti\u00f3pia,\u00a0durante a abertura do Balan\u00e7o \u00c9tico Global, evento do governo brasileiro em parceria com as Na\u00e7\u00f5es Unidas, para garantir mais participa\u00e7\u00e3o da sociedade na COP30.\u00a0Segundo a ministra, as mudan\u00e7as clim\u00e1ticas s\u00e3o, na verdade, uma emerg\u00eancia clim\u00e1tica. Marina Silva explicou que somente a mitiga\u00e7\u00e3o n\u00e3o \u00e9 suficiente, mas que \u00e9 preciso se adaptar aos efeitos dessas mudan\u00e7as do clima.\u00a0<\/p>\n<blockquote>\n<p>&#8220;Tomarmos com o devido senso de urg\u00eancia as dif\u00edceis decis\u00f5es que se imp\u00f5e para a mitiga\u00e7\u00e3o do aquecimento do planeta. A agenda de mitiga\u00e7\u00e3o, todos sabemos, \u00e9 a raiz, \u00e9 a base do enfrentamento da mudan\u00e7a do clima.\u00a0Mas n\u00f3s temos tamb\u00e9m que aceitar e trabalhar com a ideia de que j\u00e1 estamos vivendo sobre os efeitos da mudan\u00e7a clim\u00e1tica em uma situa\u00e7\u00e3o de emerg\u00eancia clim\u00e1tica e de que precisamos de uma forte agenda de adapta\u00e7\u00e3o&#8221;.<\/p>\n<\/blockquote>\n<p>Marina citou, tamb\u00e9m, outro desafio para o combate \u00e0s mudan\u00e7as clim\u00e1ticas: os \u201cpoderosos\u201d que t\u00eam muito poder, muita tecnologia e muito dinheiro, e &#8220;n\u00e3o querem enfrentar a mudan\u00e7a do clima\u201d.\u00a0O 4\u00ba Balan\u00e7o \u00c9tico Global ocorre na Semana do Clima da \u00c1frica, em Adis Abeba, na Eti\u00f3pia. \u00a0<\/p>\n<p>  <span class=\"hms hms-format-m-ss\">2:14<\/span><\/p>\n","protected":false},"excerpt":{"rendered":"<p>A dois meses para a COP30, em Bel\u00e9m do Par\u00e1, a ministra do Meio Ambiente e Mudan\u00e7a do Clima, Marina Silva, defendeu, mais uma vez, o fim do uso de combust\u00edveis f\u00f3sseis, como o petr\u00f3leo, para a gera\u00e7\u00e3o de energia. Segundo ela, \u00e9 preciso encontrar caminhos que leve o planeta ao fim dessa depend\u00eancia, mas [&hellip;]<\/p>\n","protected":false},"author":49,"featured_media":3812,"comment_status":"open","ping_status":"open","sticky":false,"template":"","format":"standard","meta":{"site-sidebar-layout":"default","site-content-layout":"","ast-site-content-layout":"","site-content-style":"default","site-sidebar-style":"default","ast-global-header-display":"","ast-banner-title-visibility":"","ast-main-header-display":"","ast-hfb-above-header-display":"","ast-hfb-below-header-display":"","ast-hfb-mobile-header-display":"","site-post-title":"","ast-breadcrumbs-content":"","ast-featured-img":"","footer-sml-layout":"","theme-transparent-header-meta":"","adv-header-id-meta":"","stick-header-meta":"","header-above-stick-meta":"","header-main-stick-meta":"","header-below-stick-meta":"","astra-migrate-meta-layouts":"default","ast-page-background-enabled":"default","ast-page-background-meta":{"desktop":{"background-color":"var(--ast-global-color-4)","background-image":"","background-repeat":"repeat","background-position":"center center","background-size":"auto","background-attachment":"scroll","background-type":"","background-media":"","overlay-type":"","overlay-color":"","overlay-opacity":"","overlay-gradient":""},"tablet":{"background-color":"","background-image":"","background-repeat":"repeat","background-position":"center center","background-size":"auto","background-attachment":"scroll","background-type":"","background-media":"","overlay-type":"","overlay-color":"","overlay-opacity":"","overlay-gradient":""},"mobile":{"background-color":"","background-image":"","background-repeat":"repeat","background-position":"center center","background-size":"auto","background-attachment":"scroll","background-type":"","background-media":"","overlay-type":"","overlay-color":"","overlay-opacity":"","overlay-gradient":""}},"ast-content-background-meta":{"desktop":{"background-color":"var(--ast-global-color-5)","background-image":"","background-repeat":"repeat","background-position":"center center","background-size":"auto","background-attachment":"scroll","background-type":"","background-media":"","overlay-type":"","overlay-color":"","overlay-opacity":"","overlay-gradient":""},"tablet":{"background-color":"var(--ast-global-color-5)","background-image":"","background-repeat":"repeat","background-position":"center center","background-size":"auto","background-attachment":"scroll","background-type":"","background-media":"","overlay-type":"","overlay-color":"","overlay-opacity":"","overlay-gradient":""},"mobile":{"background-color":"var(--ast-global-color-5)","background-image":"","background-repeat":"repeat","background-position":"center center","background-size":"auto","background-attachment":"scroll","background-type":"","background-media":"","overlay-type":"","overlay-color":"","overlay-opacity":"","overlay-gradient":""}},"footnotes":""},"categories":[1],"tags":[],"class_list":["post-3811","post","type-post","status-publish","format-standard","has-post-thumbnail","hentry","category-sem-categoria"],"_links":{"self":[{"href":"https:\/\/jornalregionalms.com.br\/index.php?rest_route=\/wp\/v2\/posts\/3811","targetHints":{"allow":["GET"]}}],"collection":[{"href":"https:\/\/jornalregionalms.com.br\/index.php?rest_route=\/wp\/v2\/posts"}],"about":[{"href":"https:\/\/jornalregionalms.com.br\/index.php?rest_route=\/wp\/v2\/types\/post"}],"author":[{"embeddable":true,"href":"https:\/\/jornalregionalms.com.br\/index.php?rest_route=\/wp\/v2\/users\/49"}],"replies":[{"embeddable":true,"href":"https:\/\/jornalregionalms.com.br\/index.php?rest_route=%2Fwp%2Fv2%2Fcomments&post=3811"}],"version-history":[{"count":0,"href":"https:\/\/jornalregionalms.com.br\/index.php?rest_route=\/wp\/v2\/posts\/3811\/revisions"}],"wp:featuredmedia":[{"embeddable":true,"href":"https:\/\/jornalregionalms.com.br\/index.php?rest_route=\/wp\/v2\/media\/3812"}],"wp:attachment":[{"href":"https:\/\/jornalregionalms.com.br\/index.php?rest_route=%2Fwp%2Fv2%2Fmedia&parent=3811"}],"wp:term":[{"taxonomy":"category","embeddable":true,"href":"https:\/\/jornalregionalms.com.br\/index.php?rest_route=%2Fwp%2Fv2%2Fcategories&post=3811"},{"taxonomy":"post_tag","embeddable":true,"href":"https:\/\/jornalregionalms.com.br\/index.php?rest_route=%2Fwp%2Fv2%2Ftags&post=3811"}],"curies":[{"name":"wp","href":"https:\/\/api.w.org\/{rel}","templated":true}]}}