{"id":3807,"date":"2025-09-07T01:35:52","date_gmt":"2025-09-07T04:35:52","guid":{"rendered":"https:\/\/jornalregionalms.com.br\/?p=3807"},"modified":"2025-09-07T01:35:52","modified_gmt":"2025-09-07T04:35:52","slug":"lula-faz-hoje-pronunciamento-e-assiste-ao-filme-males-no-cine-alvorada","status":"publish","type":"post","link":"https:\/\/jornalregionalms.com.br\/?p=3807","title":{"rendered":"Lula faz hoje pronunciamento e assiste ao filme Mal\u00eas no Cine Alvorada"},"content":{"rendered":"<\/p>\n<p><a class=\"\" href=\"https:\/\/agenciabrasil.ebc.com.br\/politica\/noticia\/2025-09\/lula-faz-hoje-pronunciamento-e-assiste-ao-filme-males-no-cine-alvorada\"><br \/>\n                    <img decoding=\"async\" src=\"https:\/\/cdn.jsdelivr.net\/gh\/sergiosdlima\/assets-ebc@1.0.0\/abr\/assets\/images\/logo-agenciabrasil.svg\" alt=\"Logo Ag\u00eancia Brasil\"><br \/>\n\t\t\t\t<\/a><\/p>\n<p>O <strong>presidente Luiz In\u00e1cio Lula da Silva far\u00e1 pronunciamento neste s\u00e1bado (6) em rede nacional de r\u00e1dio e TV por ocasi\u00e3o do 7 de setembro, Dia da Independ\u00eancia do Brasil.<\/strong> A grava\u00e7\u00e3o de 5 minutos e 25 segundo vai ao ar \u00e0s 20h30. Mais cedo, \u00e0s 18h, Lula assisti ao filme <em>Mal\u00eas<\/em>, em sess\u00e3o no Cine Alvorada. A <strong>estreia nacional do longa, dirigido por Ant\u00f4nio Pitanga, est\u00e1 marcada para o dia 2 de outubro.<\/strong><img decoding=\"async\" src=\"https:\/\/agenciabrasil.ebc.com.br\/ebc.png?id=1657356&#038;o=rss\"><img decoding=\"async\" src=\"https:\/\/agenciabrasil.ebc.com.br\/ebc.gif?id=1657356&#038;o=rss\"><\/p>\n<p>O filme conta a hist\u00f3ria de uma das principais insurrei\u00e7\u00f5es organizadas por africanos e seus descendentes escravizados no Brasil, em 1835. A pr\u00e9-estreia da produ\u00e7\u00e3o tamb\u00e9m acontece em Bras\u00edlia, neste domingo (7), no Cine Nave, com sess\u00e3o seguida de debate com a atriz Samira Carvalho.<\/p>\n<\/p>\n<h3>Not\u00edcias relacionadas:<\/h3>\n<ul>\n<li><a href=\"https:\/\/agenciabrasil.ebc.com.br\/cultura\/noticia\/2025-01\/antonio-pitanga-quer-filme-sobre-revolta-dos-males-chegando-escolas\">Antonio Pitanga quer filme sobre Revolta dos Mal\u00eas chegando \u00e0s escolas.<\/a><\/li>\n<li><a href=\"https:\/\/agenciabrasil.ebc.com.br\/geral\/noticia\/2025-01\/revolta-dos-males-190-anos-da-maior-rebeliao-escrava-urbana-do-brasil\">Revolta dos Mal\u00eas: 190 anos da maior rebeli\u00e3o escrava urbana do Brasil.<\/a><\/li>\n<\/ul>\n<p><a href=\"https:\/\/agenciabrasil.ebc.com.br\/cultura\/noticia\/2025-01\/antonio-pitanga-quer-filme-sobre-revolta-dos-males-chegando-escolas\" target=\"_blank\"><em>Mal\u00eas<\/em> <\/a>j\u00e1 foi exibido em festivais nacionais e internacionais. Em janeiro deste ano, a hist\u00f3ria foi apresentada ao p\u00fablico da Mostra de Cinema de Tiradentes, em Minas Gerais. Na ocasi\u00e3o, em entrevista \u00e0 <strong>Ag\u00eancia Brasil<\/strong>, o diretor Ant\u00f4nio Pitanga destacou que espera a circula\u00e7\u00e3o da obra muito al\u00e9m do circuito comercial.<\/p>\n<blockquote>\n<p>&#8220;O meu sonho era trazer \u00e0 baila essa hist\u00f3ria que a escola n\u00e3o conta. E humaniz\u00e1-la de tal maneira para poder interagir com o s\u00e9culo 21. Conclu\u00edda a obra, o meu sonho agora \u00e9 ir para banca dos saberes, escolas, para as universidades, os quilombos. E j\u00e1 est\u00e1 acontecendo&#8221;, contou Pitanga.<\/p>\n<\/blockquote>\n<p><strong>&#8220;O meu filme n\u00e3o pode ficar s\u00f3 nas salas de cinema frequentadas por brancos de classe m\u00e9dia. Eles tamb\u00e9m v\u00e3o ver. Mas esse filme precisa chegar \u00e0s escolas, \u00e0\u00a0favela e ao quilombo&#8221;, acrescentou.<\/strong><\/p>\n<p>Os<a href=\"https:\/\/agenciabrasil.ebc.com.br\/geral\/noticia\/2025-01\/revolta-dos-males-190-anos-da-maior-rebeliao-escrava-urbana-do-brasil\" target=\"_blank\"> mal\u00eas<\/a>, como eram conhecidos os mu\u00e7ulmanos negros, conheciam o alfabeto \u00e1rabe, tinham dom\u00ednio da escrita e grau de instru\u00e7\u00e3o elevado. Embora sejam os protagonistas do levante, buscaram tamb\u00e9m o apoio de outros grupos escravizados. A rebeli\u00e3o foi minuciosamente planejada e havia sido marcada para 25 de janeiro, por ser a data que celebra o fim do Ramad\u00e3, m\u00eas sagrado para os mu\u00e7ulmanos.<\/p>\n<p>Os enfrentamentos duraram mais de tr\u00eas horas. <strong>Mais de 70 africanos morreram nos conflitos e centenas foram punidos com penas de morte, pris\u00e3o, a\u00e7oites ou deporta\u00e7\u00f5es. O epis\u00f3dio \u00e9 detalhado no livro Rebeli\u00e3o Escrava no Brasil, publicado originalmente em 1986 pelo historiador Jo\u00e3o Jos\u00e9 dos Reis. A obra foi a principal refer\u00eancia para a produ\u00e7\u00e3o do filme<\/strong>.<\/p>\n<p>Mal\u00eas, como observa Pitanga, n\u00e3o \u00e9 um retrato frio do epis\u00f3dio. O <strong>filme d\u00e1 espa\u00e7o para que os personagens revelem suas individualidades: seus sonhos, suas tristezas, seus amores. Segundo o diretor, houve tamb\u00e9m a preocupa\u00e7\u00e3o de fugir do estere\u00f3tipo do escravo enquanto v\u00edtima passiva. &#8220;S\u00e3o cabe\u00e7as pensantes&#8221;, afirma.<\/strong><\/p>\n<p>O elenco conta\u00a0com a presen\u00e7a dos filhos de Ant\u00f4nio Pitanga: o ator Rocco Pitanga e a atriz Camila Pitanga.\u00a0<\/p>\n<p>\u00a0<\/p>\n","protected":false},"excerpt":{"rendered":"<p>O presidente Luiz In\u00e1cio Lula da Silva far\u00e1 pronunciamento neste s\u00e1bado (6) em rede nacional de r\u00e1dio e TV por ocasi\u00e3o do 7 de setembro, Dia da Independ\u00eancia do Brasil. A grava\u00e7\u00e3o de 5 minutos e 25 segundo vai ao ar \u00e0s 20h30. Mais cedo, \u00e0s 18h, Lula assisti ao filme Mal\u00eas, em sess\u00e3o no [&hellip;]<\/p>\n","protected":false},"author":15,"featured_media":3808,"comment_status":"open","ping_status":"open","sticky":false,"template":"","format":"standard","meta":{"site-sidebar-layout":"default","site-content-layout":"","ast-site-content-layout":"","site-content-style":"default","site-sidebar-style":"default","ast-global-header-display":"","ast-banner-title-visibility":"","ast-main-header-display":"","ast-hfb-above-header-display":"","ast-hfb-below-header-display":"","ast-hfb-mobile-header-display":"","site-post-title":"","ast-breadcrumbs-content":"","ast-featured-img":"","footer-sml-layout":"","theme-transparent-header-meta":"","adv-header-id-meta":"","stick-header-meta":"","header-above-stick-meta":"","header-main-stick-meta":"","header-below-stick-meta":"","astra-migrate-meta-layouts":"default","ast-page-background-enabled":"default","ast-page-background-meta":{"desktop":{"background-color":"var(--ast-global-color-4)","background-image":"","background-repeat":"repeat","background-position":"center center","background-size":"auto","background-attachment":"scroll","background-type":"","background-media":"","overlay-type":"","overlay-color":"","overlay-opacity":"","overlay-gradient":""},"tablet":{"background-color":"","background-image":"","background-repeat":"repeat","background-position":"center center","background-size":"auto","background-attachment":"scroll","background-type":"","background-media":"","overlay-type":"","overlay-color":"","overlay-opacity":"","overlay-gradient":""},"mobile":{"background-color":"","background-image":"","background-repeat":"repeat","background-position":"center center","background-size":"auto","background-attachment":"scroll","background-type":"","background-media":"","overlay-type":"","overlay-color":"","overlay-opacity":"","overlay-gradient":""}},"ast-content-background-meta":{"desktop":{"background-color":"var(--ast-global-color-5)","background-image":"","background-repeat":"repeat","background-position":"center center","background-size":"auto","background-attachment":"scroll","background-type":"","background-media":"","overlay-type":"","overlay-color":"","overlay-opacity":"","overlay-gradient":""},"tablet":{"background-color":"var(--ast-global-color-5)","background-image":"","background-repeat":"repeat","background-position":"center center","background-size":"auto","background-attachment":"scroll","background-type":"","background-media":"","overlay-type":"","overlay-color":"","overlay-opacity":"","overlay-gradient":""},"mobile":{"background-color":"var(--ast-global-color-5)","background-image":"","background-repeat":"repeat","background-position":"center center","background-size":"auto","background-attachment":"scroll","background-type":"","background-media":"","overlay-type":"","overlay-color":"","overlay-opacity":"","overlay-gradient":""}},"footnotes":""},"categories":[1],"tags":[],"class_list":["post-3807","post","type-post","status-publish","format-standard","has-post-thumbnail","hentry","category-sem-categoria"],"_links":{"self":[{"href":"https:\/\/jornalregionalms.com.br\/index.php?rest_route=\/wp\/v2\/posts\/3807","targetHints":{"allow":["GET"]}}],"collection":[{"href":"https:\/\/jornalregionalms.com.br\/index.php?rest_route=\/wp\/v2\/posts"}],"about":[{"href":"https:\/\/jornalregionalms.com.br\/index.php?rest_route=\/wp\/v2\/types\/post"}],"author":[{"embeddable":true,"href":"https:\/\/jornalregionalms.com.br\/index.php?rest_route=\/wp\/v2\/users\/15"}],"replies":[{"embeddable":true,"href":"https:\/\/jornalregionalms.com.br\/index.php?rest_route=%2Fwp%2Fv2%2Fcomments&post=3807"}],"version-history":[{"count":0,"href":"https:\/\/jornalregionalms.com.br\/index.php?rest_route=\/wp\/v2\/posts\/3807\/revisions"}],"wp:featuredmedia":[{"embeddable":true,"href":"https:\/\/jornalregionalms.com.br\/index.php?rest_route=\/wp\/v2\/media\/3808"}],"wp:attachment":[{"href":"https:\/\/jornalregionalms.com.br\/index.php?rest_route=%2Fwp%2Fv2%2Fmedia&parent=3807"}],"wp:term":[{"taxonomy":"category","embeddable":true,"href":"https:\/\/jornalregionalms.com.br\/index.php?rest_route=%2Fwp%2Fv2%2Fcategories&post=3807"},{"taxonomy":"post_tag","embeddable":true,"href":"https:\/\/jornalregionalms.com.br\/index.php?rest_route=%2Fwp%2Fv2%2Ftags&post=3807"}],"curies":[{"name":"wp","href":"https:\/\/api.w.org\/{rel}","templated":true}]}}