{"id":3775,"date":"2025-09-06T12:57:48","date_gmt":"2025-09-06T15:57:48","guid":{"rendered":"https:\/\/jornalregionalms.com.br\/?p=3775"},"modified":"2025-09-06T12:57:48","modified_gmt":"2025-09-06T15:57:48","slug":"brasileiros-realizam-mais-uma-edicao-de-evento-cultural-na-franca","status":"publish","type":"post","link":"https:\/\/jornalregionalms.com.br\/?p=3775","title":{"rendered":"Brasileiros realizam mais uma edi\u00e7\u00e3o de evento cultural na Fran\u00e7a"},"content":{"rendered":"<p>Mais de 150 artistas fazem mais um momento de celebra\u00e7\u00e3o do Ano do Brasil na Fran\u00e7a, que desde maio passado tem realizado uma s\u00e9rie de a\u00e7\u00f5es no pa\u00eds europeu para celebrar os 200 anos de rela\u00e7\u00f5es diplom\u00e1ticas bilaterais.\u00a0Dessa vez, a festa ser\u00e1 na cidade francesa de Montrouge, localizada a pouco mais de 6km do centro de Paris.\u00a0<img decoding=\"async\" src=\"https:\/\/agenciabrasil.ebc.com.br\/ebc.png?id=1657347&#038;o=rss\"><img decoding=\"async\" src=\"https:\/\/agenciabrasil.ebc.com.br\/ebc.gif?id=1657347&#038;o=rss\"><\/p>\n<p>Neste s\u00e1bado e domingo, acontece mais uma edi\u00e7\u00e3o do Odoy\u00e1 France. Com programa\u00e7\u00e3o totalmente gratuita, com v\u00e1rias manifesta\u00e7\u00f5es da cultura brasileira. Est\u00e3o previstos tamb\u00e9m cortejos a partir do meio dia, como explica o cantor Tom da Bahia, que tamb\u00e9m \u00e9 organizador do evento:<\/p>\n<blockquote>\n<p>&#8220;N\u00f3s vamos fazer uma caminhada de 300 metros naquele swing maravilhoso at\u00e9 o Parque Jean Loup Metton.\u00a0300 metros de cortejo! Vamos chegar aqui, vai ter uma praia artificial de 5.000 metros quadrados de \u00e1rea toda reservada e preservada para o Brasil.\u00a0Vamos ter o nosso palco lindo, maravilhoso, onde vai ter a nossa apresenta\u00e7\u00e3o. Tudo gratuito, capoeira, batucada, dan\u00e7a afro, dan\u00e7a samba, show ao vivo, DJ&#8230;&#8221;.<\/p>\n<\/blockquote>\n<p>No s\u00e1bado, a programa\u00e7\u00e3o segue at\u00e9 as 23h\u00a0e, no domingo at\u00e9 as 19h, hor\u00e1rio local.\u00a0A Associa\u00e7\u00e3o Cultural Brasileira Odoy\u00e1 France, que promove o evento, tem a expectativa de reunir 30 mil pessoas entre brasileiros, franceses e turistas.\u00a0O cantor baiano Del Feliz vai levar um recorte muito brasileiro para a festa, o forr\u00f3. Ele se apresenta no domingo<\/p>\n<blockquote>\n<p>&#8220;E a gente vai estar vivendo um momento muito especial, convidar toda a comunidade brasileira para a gente fazer uma super festa. Associa\u00e7\u00e3o Odoy\u00e1 faz uma festa lind\u00edssima do 7 de setembro. Aqui tem um desfile de cultura, de muita m\u00fasica, de muita alegria, um dia simb\u00f3lico para a gente celebrar o Brasil&#8221;.<\/p>\n<\/blockquote>\n<p>O Ano do Brasil-Fran\u00e7a e Fran\u00e7a-Brasil\u00a0j\u00e1 aconteceu em outras duas oportunidades: em 2005, foi a cena art\u00edstica brasileira em terras francesas;\u00a0e, em 2009, o pa\u00eds europeu trouxe sua diversidade cultural aqui para o Brasil.\u00a0Este ano, na sua terceira edi\u00e7\u00e3o, cerca de 50 cidades francesas recebem, entre maio e dezembro, uma programa\u00e7\u00e3o que inclui um recorte da nossa m\u00fasica, artes visuais, cinema e gastronomia.<\/p>\n<p>  <span class=\"hms hms-format-m-ss\">2:44<\/span><\/p>\n","protected":false},"excerpt":{"rendered":"<p>Mais de 150 artistas fazem mais um momento de celebra\u00e7\u00e3o do Ano do Brasil na Fran\u00e7a, que desde maio passado tem realizado uma s\u00e9rie de a\u00e7\u00f5es no pa\u00eds europeu para celebrar os 200 anos de rela\u00e7\u00f5es diplom\u00e1ticas bilaterais.\u00a0Dessa vez, a festa ser\u00e1 na cidade francesa de Montrouge, localizada a pouco mais de 6km do centro [&hellip;]<\/p>\n","protected":false},"author":27,"featured_media":3776,"comment_status":"open","ping_status":"open","sticky":false,"template":"","format":"standard","meta":{"site-sidebar-layout":"default","site-content-layout":"","ast-site-content-layout":"","site-content-style":"default","site-sidebar-style":"default","ast-global-header-display":"","ast-banner-title-visibility":"","ast-main-header-display":"","ast-hfb-above-header-display":"","ast-hfb-below-header-display":"","ast-hfb-mobile-header-display":"","site-post-title":"","ast-breadcrumbs-content":"","ast-featured-img":"","footer-sml-layout":"","theme-transparent-header-meta":"","adv-header-id-meta":"","stick-header-meta":"","header-above-stick-meta":"","header-main-stick-meta":"","header-below-stick-meta":"","astra-migrate-meta-layouts":"default","ast-page-background-enabled":"default","ast-page-background-meta":{"desktop":{"background-color":"var(--ast-global-color-4)","background-image":"","background-repeat":"repeat","background-position":"center center","background-size":"auto","background-attachment":"scroll","background-type":"","background-media":"","overlay-type":"","overlay-color":"","overlay-opacity":"","overlay-gradient":""},"tablet":{"background-color":"","background-image":"","background-repeat":"repeat","background-position":"center center","background-size":"auto","background-attachment":"scroll","background-type":"","background-media":"","overlay-type":"","overlay-color":"","overlay-opacity":"","overlay-gradient":""},"mobile":{"background-color":"","background-image":"","background-repeat":"repeat","background-position":"center center","background-size":"auto","background-attachment":"scroll","background-type":"","background-media":"","overlay-type":"","overlay-color":"","overlay-opacity":"","overlay-gradient":""}},"ast-content-background-meta":{"desktop":{"background-color":"var(--ast-global-color-5)","background-image":"","background-repeat":"repeat","background-position":"center center","background-size":"auto","background-attachment":"scroll","background-type":"","background-media":"","overlay-type":"","overlay-color":"","overlay-opacity":"","overlay-gradient":""},"tablet":{"background-color":"var(--ast-global-color-5)","background-image":"","background-repeat":"repeat","background-position":"center center","background-size":"auto","background-attachment":"scroll","background-type":"","background-media":"","overlay-type":"","overlay-color":"","overlay-opacity":"","overlay-gradient":""},"mobile":{"background-color":"var(--ast-global-color-5)","background-image":"","background-repeat":"repeat","background-position":"center center","background-size":"auto","background-attachment":"scroll","background-type":"","background-media":"","overlay-type":"","overlay-color":"","overlay-opacity":"","overlay-gradient":""}},"footnotes":""},"categories":[1],"tags":[],"class_list":["post-3775","post","type-post","status-publish","format-standard","has-post-thumbnail","hentry","category-sem-categoria"],"_links":{"self":[{"href":"https:\/\/jornalregionalms.com.br\/index.php?rest_route=\/wp\/v2\/posts\/3775","targetHints":{"allow":["GET"]}}],"collection":[{"href":"https:\/\/jornalregionalms.com.br\/index.php?rest_route=\/wp\/v2\/posts"}],"about":[{"href":"https:\/\/jornalregionalms.com.br\/index.php?rest_route=\/wp\/v2\/types\/post"}],"author":[{"embeddable":true,"href":"https:\/\/jornalregionalms.com.br\/index.php?rest_route=\/wp\/v2\/users\/27"}],"replies":[{"embeddable":true,"href":"https:\/\/jornalregionalms.com.br\/index.php?rest_route=%2Fwp%2Fv2%2Fcomments&post=3775"}],"version-history":[{"count":0,"href":"https:\/\/jornalregionalms.com.br\/index.php?rest_route=\/wp\/v2\/posts\/3775\/revisions"}],"wp:featuredmedia":[{"embeddable":true,"href":"https:\/\/jornalregionalms.com.br\/index.php?rest_route=\/wp\/v2\/media\/3776"}],"wp:attachment":[{"href":"https:\/\/jornalregionalms.com.br\/index.php?rest_route=%2Fwp%2Fv2%2Fmedia&parent=3775"}],"wp:term":[{"taxonomy":"category","embeddable":true,"href":"https:\/\/jornalregionalms.com.br\/index.php?rest_route=%2Fwp%2Fv2%2Fcategories&post=3775"},{"taxonomy":"post_tag","embeddable":true,"href":"https:\/\/jornalregionalms.com.br\/index.php?rest_route=%2Fwp%2Fv2%2Ftags&post=3775"}],"curies":[{"name":"wp","href":"https:\/\/api.w.org\/{rel}","templated":true}]}}