{"id":3773,"date":"2025-09-06T12:57:49","date_gmt":"2025-09-06T15:57:49","guid":{"rendered":"https:\/\/jornalregionalms.com.br\/?p=3773"},"modified":"2025-09-06T12:57:49","modified_gmt":"2025-09-06T15:57:49","slug":"olinda-pe-da-inicio-as-previas-do-carnaval-festa-comeca-hoje-5","status":"publish","type":"post","link":"https:\/\/jornalregionalms.com.br\/?p=3773","title":{"rendered":"Olinda (PE) d\u00e1 in\u00edcio \u00e0s pr\u00e9vias do Carnaval; festa come\u00e7a hoje (5)"},"content":{"rendered":"<p>Quando dizem que no Brasil tem Carnaval o ano inteiro e que \u00e9 s\u00f3 procurar, n\u00e3o \u00e9 exagero. Em Pernambuco, quem j\u00e1 quer curtir o ritmo contagiante do frevo agora, no m\u00eas de setembro e seguir no passo at\u00e9 a chegada do Carnaval 2026, j\u00e1 pode se programar:\u00a0a<strong>s pr\u00e9vias carnavalescas de Olinda, Cidade Patrim\u00f4nio Cultural da Unesco, come\u00e7am oficialmente neste fim de semana<\/strong>.<img decoding=\"async\" src=\"https:\/\/agenciabrasil.ebc.com.br\/ebc.png?id=1657261&#038;o=rss\"><img decoding=\"async\" src=\"https:\/\/agenciabrasil.ebc.com.br\/ebc.gif?id=1657261&#038;o=rss\"><\/p>\n<p>As pr\u00e9vias oficiais olindenses j\u00e1 come\u00e7am hoje (5), com o ensaio da Orquestra do Maestro Os\u00e9as, a partir das 19h, no Gr\u00eamio Musical Henrique Dias, na tradicional rua Treze de Maio.<\/p>\n<h3><b>Programa\u00e7\u00e3o do final de semana<\/b><\/h3>\n<p>O s\u00e1bado come\u00e7a com a oficina do Grupo Percussivo Baquetando, a partir das 15h, na rua da Guia. E coladinho, \u00e0s 16h, tem a pr\u00e9via do Brincantes das Ladeiras na Pra\u00e7a Laura Nigro, com direito a oficina de frevo.<\/p>\n<p>E para quem tem pernas para circular pelas ladeiras de Olinda, est\u00e3o previstos pelo menos quatro cortejos no domingo (7):<\/p>\n<ul>\n<li>O Sombatuki pede licen\u00e7a para tocar ax\u00e9 na terra do frevo e faz sua concentra\u00e7\u00e3o a partir das 15h na Ladeira da Miseric\u00f3rdia;<\/li>\n<li>No mesmo hor\u00e1rio, o Pernambucarte tamb\u00e9m estar\u00e1 no centro hist\u00f3rico, na Pra\u00e7a do Carmo;<\/li>\n<li>\u00c0s 16h, quem passar pela frente da Prefeitura vai poder curtir a folia da Bateria Cabulosa.<\/li>\n<li>Meia hora depois, a Pitombeira dos Quatro Cantos come\u00e7a seu cortejo pelas ruas, saindo da sede da agremia\u00e7\u00e3o carnavalesca.<\/li>\n<\/ul>\n<p>Pelo menos outros sete grupos de carnaval far\u00e3o ensaios no domingo (7) \u2014 alguns em suas sedes, outros nos mesmos pontos de onde saem os cortejos \u2014 como o Samba Soul Delas, a F\u00e1brica de Samba e o Batuques de Pernambuco.<\/p>\n<p>Para o foli\u00e3o pernambucano e o turista que quiser curtir o carnaval j\u00e1 ao longo dos pr\u00f3ximos meses, basta acessar o <a href=\"https:\/\/www.instagram.com\/carnavaldeolindaoficial\" target=\"_blank\">Instagram @carnavaldeolindaoficial<\/a> e acompanhar a atualiza\u00e7\u00e3o da programa\u00e7\u00e3o de pr\u00e9vias.<\/p>\n<p>Al\u00e9m das dezenas de pr\u00e9vias j\u00e1 agendadas para os pr\u00f3ximos fins de semana, a secret\u00e1ria de Patrim\u00f4nio e Cultura de Olinda, Mar\u00edlia Banholzer, alerta para a necessidade de os fazedores de cultura da cidade alinharem o apoio necess\u00e1rio para a realiza\u00e7\u00e3o das pr\u00e9vias junto \u00e0 Prefeitura\u00a0no site <a href=\"https:\/\/cultura.olinda.pe.gov.br\/\" target=\"_blank\">cultura.olinda.gov.br<\/a>.<\/p>\n<blockquote>\n<p><em>&#8220;Entre no site da Cultura e cadastre o evento que est\u00e1 previsto para acontecer com pelo menos uns 15 dias de anteced\u00eancia\u00a0para que a gest\u00e3o municipal possa se organizar, planejar esse evento e garantir que esse momento de pr\u00e9vias seja agrad\u00e1vel para o foli\u00e3o e para o fazedor de cultura tamb\u00e9m. Com essas informa\u00e7\u00f5es, a gente consegue organizar o tr\u00e2nsito, a limpeza urbana, o controle urbano e tamb\u00e9m a quest\u00e3o da seguran\u00e7a.&#8221;<\/em><\/p>\n<\/blockquote>\n<h3><strong>Medidas de seguran\u00e7a<\/strong><\/h3>\n<p>Em paralelo, o Comit\u00ea Gestor de Carnaval\u00a0coordenado pela Prefeitura e por v\u00e1rias secretarias j\u00e1 realizou reuni\u00e3o no in\u00edcio da semana para definir as a\u00e7\u00f5es para as pr\u00e9vias.<\/p>\n<p>As medidas incluem:<\/p>\n<ul>\n<li>restri\u00e7\u00e3o de ve\u00edculos em determinados hor\u00e1rios e locais;<\/li>\n<li>acesso de ambulantes previamente cadastrados;<\/li>\n<li>equipes de seguran\u00e7a durante as festas, entre 15h e 1h da madrugada;<\/li>\n<li>pontos de videomonitoramento e guarni\u00e7\u00e3o espec\u00edfica no Alto da S\u00e9;<\/li>\n<li>controle da venda de vasilhames de vidro para bebidas consumidas fora dos bares, al\u00e9m de ponto de troca de garrafas de vidro por descart\u00e1veis.<\/li>\n<\/ul>\n<p>  <span class=\"hms hms-format-m-ss\">3:56<\/span><\/p>\n","protected":false},"excerpt":{"rendered":"<p>Quando dizem que no Brasil tem Carnaval o ano inteiro e que \u00e9 s\u00f3 procurar, n\u00e3o \u00e9 exagero. Em Pernambuco, quem j\u00e1 quer curtir o ritmo contagiante do frevo agora, no m\u00eas de setembro e seguir no passo at\u00e9 a chegada do Carnaval 2026, j\u00e1 pode se programar:\u00a0as pr\u00e9vias carnavalescas de Olinda, Cidade Patrim\u00f4nio Cultural [&hellip;]<\/p>\n","protected":false},"author":27,"featured_media":3774,"comment_status":"open","ping_status":"open","sticky":false,"template":"","format":"standard","meta":{"site-sidebar-layout":"default","site-content-layout":"","ast-site-content-layout":"","site-content-style":"default","site-sidebar-style":"default","ast-global-header-display":"","ast-banner-title-visibility":"","ast-main-header-display":"","ast-hfb-above-header-display":"","ast-hfb-below-header-display":"","ast-hfb-mobile-header-display":"","site-post-title":"","ast-breadcrumbs-content":"","ast-featured-img":"","footer-sml-layout":"","theme-transparent-header-meta":"","adv-header-id-meta":"","stick-header-meta":"","header-above-stick-meta":"","header-main-stick-meta":"","header-below-stick-meta":"","astra-migrate-meta-layouts":"default","ast-page-background-enabled":"default","ast-page-background-meta":{"desktop":{"background-color":"var(--ast-global-color-4)","background-image":"","background-repeat":"repeat","background-position":"center center","background-size":"auto","background-attachment":"scroll","background-type":"","background-media":"","overlay-type":"","overlay-color":"","overlay-opacity":"","overlay-gradient":""},"tablet":{"background-color":"","background-image":"","background-repeat":"repeat","background-position":"center center","background-size":"auto","background-attachment":"scroll","background-type":"","background-media":"","overlay-type":"","overlay-color":"","overlay-opacity":"","overlay-gradient":""},"mobile":{"background-color":"","background-image":"","background-repeat":"repeat","background-position":"center center","background-size":"auto","background-attachment":"scroll","background-type":"","background-media":"","overlay-type":"","overlay-color":"","overlay-opacity":"","overlay-gradient":""}},"ast-content-background-meta":{"desktop":{"background-color":"var(--ast-global-color-5)","background-image":"","background-repeat":"repeat","background-position":"center center","background-size":"auto","background-attachment":"scroll","background-type":"","background-media":"","overlay-type":"","overlay-color":"","overlay-opacity":"","overlay-gradient":""},"tablet":{"background-color":"var(--ast-global-color-5)","background-image":"","background-repeat":"repeat","background-position":"center center","background-size":"auto","background-attachment":"scroll","background-type":"","background-media":"","overlay-type":"","overlay-color":"","overlay-opacity":"","overlay-gradient":""},"mobile":{"background-color":"var(--ast-global-color-5)","background-image":"","background-repeat":"repeat","background-position":"center center","background-size":"auto","background-attachment":"scroll","background-type":"","background-media":"","overlay-type":"","overlay-color":"","overlay-opacity":"","overlay-gradient":""}},"footnotes":""},"categories":[1],"tags":[],"class_list":["post-3773","post","type-post","status-publish","format-standard","has-post-thumbnail","hentry","category-sem-categoria"],"_links":{"self":[{"href":"https:\/\/jornalregionalms.com.br\/index.php?rest_route=\/wp\/v2\/posts\/3773","targetHints":{"allow":["GET"]}}],"collection":[{"href":"https:\/\/jornalregionalms.com.br\/index.php?rest_route=\/wp\/v2\/posts"}],"about":[{"href":"https:\/\/jornalregionalms.com.br\/index.php?rest_route=\/wp\/v2\/types\/post"}],"author":[{"embeddable":true,"href":"https:\/\/jornalregionalms.com.br\/index.php?rest_route=\/wp\/v2\/users\/27"}],"replies":[{"embeddable":true,"href":"https:\/\/jornalregionalms.com.br\/index.php?rest_route=%2Fwp%2Fv2%2Fcomments&post=3773"}],"version-history":[{"count":0,"href":"https:\/\/jornalregionalms.com.br\/index.php?rest_route=\/wp\/v2\/posts\/3773\/revisions"}],"wp:featuredmedia":[{"embeddable":true,"href":"https:\/\/jornalregionalms.com.br\/index.php?rest_route=\/wp\/v2\/media\/3774"}],"wp:attachment":[{"href":"https:\/\/jornalregionalms.com.br\/index.php?rest_route=%2Fwp%2Fv2%2Fmedia&parent=3773"}],"wp:term":[{"taxonomy":"category","embeddable":true,"href":"https:\/\/jornalregionalms.com.br\/index.php?rest_route=%2Fwp%2Fv2%2Fcategories&post=3773"},{"taxonomy":"post_tag","embeddable":true,"href":"https:\/\/jornalregionalms.com.br\/index.php?rest_route=%2Fwp%2Fv2%2Ftags&post=3773"}],"curies":[{"name":"wp","href":"https:\/\/api.w.org\/{rel}","templated":true}]}}