{"id":3771,"date":"2025-09-06T12:57:44","date_gmt":"2025-09-06T15:57:44","guid":{"rendered":"https:\/\/jornalregionalms.com.br\/?p=3771"},"modified":"2025-09-06T12:57:44","modified_gmt":"2025-09-06T15:57:44","slug":"brasil-avanca-para-semifinal-do-mundial-de-volei-feminino","status":"publish","type":"post","link":"https:\/\/jornalregionalms.com.br\/?p=3771","title":{"rendered":"Brasil avan\u00e7a para semifinal do Mundial de v\u00f4lei feminino"},"content":{"rendered":"<\/p>\n<p><a class=\"\" href=\"https:\/\/agenciabrasil.ebc.com.br\/esportes\/noticia\/2025-09\/brasil-avanca-para-semifinal-do-mundial-de-volei-feminino\"><br \/>\n                    <img decoding=\"async\" src=\"https:\/\/cdn.jsdelivr.net\/gh\/sergiosdlima\/assets-ebc@1.0.0\/abr\/assets\/images\/logo-agenciabrasil.svg\" alt=\"Logo Ag\u00eancia Brasil\"><br \/>\n\t\t\t\t<\/a><\/p>\n<p>O Brasil est\u00e1 nas semifinais do Campeonato Mundial de v\u00f4lei feminino. A vaga veio com uma vit\u00f3ria sobre a Fran\u00e7a por 3 sets a 0 (parciais de 27\/25, 33\/31 e 25\/19), nesta quinta-feira (4) em Bangkok (Tail\u00e2ndia). O destaque da sele\u00e7\u00e3o brasileira no confronto foi a ponteira J\u00falia Bergmann, que somou 17 acertos.<img decoding=\"async\" src=\"https:\/\/agenciabrasil.ebc.com.br\/ebc.png?id=1657137&#038;o=rss\"><img decoding=\"async\" src=\"https:\/\/agenciabrasil.ebc.com.br\/ebc.gif?id=1657137&#038;o=rss\"><\/p>\n<p>Na pr\u00f3xima etapa da competi\u00e7\u00e3o a equipe comandada pelo t\u00e9cnico Jos\u00e9 Roberto Guimar\u00e3es mede for\u00e7as com a It\u00e1lia. O confronto ser\u00e1 disputado no pr\u00f3ximo s\u00e1bado (6) a partir das 9h30 (hor\u00e1rio de Bras\u00edlia).<\/p>\n<blockquote class=\"twitter-tweet\">\n<p dir=\"ltr\" lang=\"en\" xml:lang=\"en\">\n<h3>Not\u00edcias relacionadas:<\/h3>\n<ul>\n<li><a href=\"https:\/\/agenciabrasil.ebc.com.br\/esportes\/noticia\/2025-09\/selecao-encara-chile-e-se-despede-da-torcida-brasileira-no-maracana\">Sele\u00e7\u00e3o encara Chile e se despede da torcida brasileira no Maracan\u00e3.<\/a><\/li>\n<li><a href=\"https:\/\/agenciabrasil.ebc.com.br\/esportes\/noticia\/2025-09\/copa-do-nordeste-bahia-vence-confianca-por-4-1-e-encaminha-titulo\">Copa do Nordeste: Bahia vence Confian\u00e7a por 4 a 1 e encaminha t\u00edtulo.<\/a><\/li>\n<li><a href=\"https:\/\/agenciabrasil.ebc.com.br\/esportes\/noticia\/2025-08\/brasil-vence-e-pega-franca-nas-quartas-do-mundial-de-volei-feminino\">Brasil vence e pega Fran\u00e7a nas quartas do Mundial de v\u00f4lei feminino.<\/a><\/li>\n<\/ul>\n<p>O sonho continua! \ud83d\udc9a\ud83d\udc9b<\/p>\n<p>\ud83d\udcf8 Volleyball World<a href=\"https:\/\/twitter.com\/hashtag\/TimeBrasil?src=hash&#038;ref_src=twsrc%5Etfw\">#TimeBrasil<\/a> <a href=\"https:\/\/twitter.com\/hashtag\/V%C3%B4lei?src=hash&#038;ref_src=twsrc%5Etfw\">#V\u00f4lei<\/a> <a href=\"https:\/\/t.co\/HFtKFQ6cWy\">pic.twitter.com\/HFtKFQ6cWy<\/a><br \/>\n\u2014 Time Brasil (@timebrasil) <a href=\"https:\/\/twitter.com\/timebrasil\/status\/1963572912595583382?ref_src=twsrc%5Etfw\">September 4, 2025<\/a><\/p><\/blockquote>\n<p><script async=\"\" src=\"https:\/\/platform.twitter.com\/widgets.js\" charset=\"utf-8\"><\/script><\/p>\n<p>\u201cN\u00f3s sabemos que \u00e9 muito dif\u00edcil chegar numa semifinal de Campeonato Mundial. Estou muito orgulhosa da equipe, que entrou em quadra com muita agressividade. A Fran\u00e7a fez um campeonato excepcional, e no jogo n\u00e3o desistiu em momento algum. Mas n\u00f3s mostramos a mesma resili\u00eancia e a mesma capacidade de sair dos momentos dif\u00edceis. Para o jogo contra a It\u00e1lia, precisamos que nosso saque funcione bem, e que bloqueio, defesa e contra-ataques sejam com muita confian\u00e7a e agressividade\u201d, declarou a capit\u00e3 Gabi, que colaborou com 13 pontos marcados.<\/p>\n<p>J\u00e1 J\u00falia Bergmann deixou claro que o Brasil chega pronto para enfrentar a It\u00e1lia: \u201cQueria primeiramente dar parab\u00e9ns para o time da Fran\u00e7a, \u00e9 impressionante o quanto elas evolu\u00edram em t\u00e3o pouco tempo. Estou muito feliz com a vit\u00f3ria, ganhamos de tr\u00eas a zero, mas foi muito disputado. Foram sets com parciais altas e lutamos por cada ponto. Estou muito orgulhosa por essa luta, e estamos preparadas para a semifinal contra a It\u00e1lia\u201d.<\/p>\n","protected":false},"excerpt":{"rendered":"<p>O Brasil est\u00e1 nas semifinais do Campeonato Mundial de v\u00f4lei feminino. A vaga veio com uma vit\u00f3ria sobre a Fran\u00e7a por 3 sets a 0 (parciais de 27\/25, 33\/31 e 25\/19), nesta quinta-feira (4) em Bangkok (Tail\u00e2ndia). O destaque da sele\u00e7\u00e3o brasileira no confronto foi a ponteira J\u00falia Bergmann, que somou 17 acertos. Na pr\u00f3xima [&hellip;]<\/p>\n","protected":false},"author":15,"featured_media":3772,"comment_status":"open","ping_status":"open","sticky":false,"template":"","format":"standard","meta":{"site-sidebar-layout":"default","site-content-layout":"","ast-site-content-layout":"","site-content-style":"default","site-sidebar-style":"default","ast-global-header-display":"","ast-banner-title-visibility":"","ast-main-header-display":"","ast-hfb-above-header-display":"","ast-hfb-below-header-display":"","ast-hfb-mobile-header-display":"","site-post-title":"","ast-breadcrumbs-content":"","ast-featured-img":"","footer-sml-layout":"","theme-transparent-header-meta":"","adv-header-id-meta":"","stick-header-meta":"","header-above-stick-meta":"","header-main-stick-meta":"","header-below-stick-meta":"","astra-migrate-meta-layouts":"default","ast-page-background-enabled":"default","ast-page-background-meta":{"desktop":{"background-color":"var(--ast-global-color-4)","background-image":"","background-repeat":"repeat","background-position":"center center","background-size":"auto","background-attachment":"scroll","background-type":"","background-media":"","overlay-type":"","overlay-color":"","overlay-opacity":"","overlay-gradient":""},"tablet":{"background-color":"","background-image":"","background-repeat":"repeat","background-position":"center center","background-size":"auto","background-attachment":"scroll","background-type":"","background-media":"","overlay-type":"","overlay-color":"","overlay-opacity":"","overlay-gradient":""},"mobile":{"background-color":"","background-image":"","background-repeat":"repeat","background-position":"center center","background-size":"auto","background-attachment":"scroll","background-type":"","background-media":"","overlay-type":"","overlay-color":"","overlay-opacity":"","overlay-gradient":""}},"ast-content-background-meta":{"desktop":{"background-color":"var(--ast-global-color-5)","background-image":"","background-repeat":"repeat","background-position":"center center","background-size":"auto","background-attachment":"scroll","background-type":"","background-media":"","overlay-type":"","overlay-color":"","overlay-opacity":"","overlay-gradient":""},"tablet":{"background-color":"var(--ast-global-color-5)","background-image":"","background-repeat":"repeat","background-position":"center center","background-size":"auto","background-attachment":"scroll","background-type":"","background-media":"","overlay-type":"","overlay-color":"","overlay-opacity":"","overlay-gradient":""},"mobile":{"background-color":"var(--ast-global-color-5)","background-image":"","background-repeat":"repeat","background-position":"center center","background-size":"auto","background-attachment":"scroll","background-type":"","background-media":"","overlay-type":"","overlay-color":"","overlay-opacity":"","overlay-gradient":""}},"footnotes":""},"categories":[1],"tags":[],"class_list":["post-3771","post","type-post","status-publish","format-standard","has-post-thumbnail","hentry","category-sem-categoria"],"_links":{"self":[{"href":"https:\/\/jornalregionalms.com.br\/index.php?rest_route=\/wp\/v2\/posts\/3771","targetHints":{"allow":["GET"]}}],"collection":[{"href":"https:\/\/jornalregionalms.com.br\/index.php?rest_route=\/wp\/v2\/posts"}],"about":[{"href":"https:\/\/jornalregionalms.com.br\/index.php?rest_route=\/wp\/v2\/types\/post"}],"author":[{"embeddable":true,"href":"https:\/\/jornalregionalms.com.br\/index.php?rest_route=\/wp\/v2\/users\/15"}],"replies":[{"embeddable":true,"href":"https:\/\/jornalregionalms.com.br\/index.php?rest_route=%2Fwp%2Fv2%2Fcomments&post=3771"}],"version-history":[{"count":0,"href":"https:\/\/jornalregionalms.com.br\/index.php?rest_route=\/wp\/v2\/posts\/3771\/revisions"}],"wp:featuredmedia":[{"embeddable":true,"href":"https:\/\/jornalregionalms.com.br\/index.php?rest_route=\/wp\/v2\/media\/3772"}],"wp:attachment":[{"href":"https:\/\/jornalregionalms.com.br\/index.php?rest_route=%2Fwp%2Fv2%2Fmedia&parent=3771"}],"wp:term":[{"taxonomy":"category","embeddable":true,"href":"https:\/\/jornalregionalms.com.br\/index.php?rest_route=%2Fwp%2Fv2%2Fcategories&post=3771"},{"taxonomy":"post_tag","embeddable":true,"href":"https:\/\/jornalregionalms.com.br\/index.php?rest_route=%2Fwp%2Fv2%2Ftags&post=3771"}],"curies":[{"name":"wp","href":"https:\/\/api.w.org\/{rel}","templated":true}]}}