{"id":3769,"date":"2025-09-06T12:57:45","date_gmt":"2025-09-06T15:57:45","guid":{"rendered":"https:\/\/jornalregionalms.com.br\/?p=3769"},"modified":"2025-09-06T12:57:45","modified_gmt":"2025-09-06T15:57:45","slug":"conmebol-sorteia-grupos-da-copa-libertadores-feminina","status":"publish","type":"post","link":"https:\/\/jornalregionalms.com.br\/?p=3769","title":{"rendered":"Conmebol sorteia grupos da Copa Libertadores Feminina"},"content":{"rendered":"<\/p>\n<p><a class=\"\" href=\"https:\/\/agenciabrasil.ebc.com.br\/esportes\/noticia\/2025-09\/conmebol-sorteia-grupos-da-copa-libertadores-feminina\"><br \/>\n                    <img decoding=\"async\" src=\"https:\/\/cdn.jsdelivr.net\/gh\/sergiosdlima\/assets-ebc@1.0.0\/abr\/assets\/images\/logo-agenciabrasil.svg\" alt=\"Logo Ag\u00eancia Brasil\"><br \/>\n\t\t\t\t<\/a><\/p>\n<p>A Conmebol (Confedera\u00e7\u00e3o Sul-Americana de Futebol) sorteou nesta quinta-feira (4) os grupos da edi\u00e7\u00e3o 2025 da Copa Libertadores de futebol feminino, que ser\u00e1 disputada entre os dias 2 e 18 de outubro na Argentina. O Brasil ser\u00e1 representado na competi\u00e7\u00e3o pelo Corinthians, pela Ferrovi\u00e1ria e pelo S\u00e3o Paulo.<img decoding=\"async\" src=\"https:\/\/agenciabrasil.ebc.com.br\/ebc.png?id=1657144&#038;o=rss\"><img decoding=\"async\" src=\"https:\/\/agenciabrasil.ebc.com.br\/ebc.gif?id=1657144&#038;o=rss\"><\/p>\n<p>As Brabas do Tim\u00e3o, atuais campe\u00e3s da competi\u00e7\u00e3o, est\u00e3o no Grupo A, ao lado de Always Ready (Bol\u00edvia), de uma equipe da Col\u00f4mbia que ainda ser\u00e1 definida e de um representante do Equador. J\u00e1 as Guerreiras Gren\u00e1s formam o Grupo B com Boca Juniors (Argentina), Alianza Lima (Peru) e Adiffem (Venezuela).<\/p>\n<\/p>\n<h3>Not\u00edcias relacionadas:<\/h3>\n<ul>\n<li><a href=\"https:\/\/agenciabrasil.ebc.com.br\/esportes\/noticia\/2025-09\/brasil-avanca-para-semifinal-do-mundial-de-volei-feminino\">Brasil avan\u00e7a para semifinal do Mundial de v\u00f4lei feminino.<\/a><\/li>\n<li><a href=\"https:\/\/agenciabrasil.ebc.com.br\/esportes\/noticia\/2025-09\/selecao-encara-chile-e-se-despede-da-torcida-brasileira-no-maracana\">Sele\u00e7\u00e3o encara Chile e se despede da torcida brasileira no Maracan\u00e3.<\/a><\/li>\n<li><a href=\"https:\/\/agenciabrasil.ebc.com.br\/esportes\/noticia\/2025-09\/copa-do-nordeste-bahia-vence-confianca-por-4-1-e-encaminha-titulo\">Copa do Nordeste: Bahia vence Confian\u00e7a por 4 a 1 e encaminha t\u00edtulo.<\/a><\/li>\n<\/ul>\n<p>J\u00e1 as Soberanas est\u00e3o no Grupo C, ao lado de San Lorenzo (Argentina), Colo-Colo (Chile) e Olimpia (Paraguai). A \u00faltima chave da competi\u00e7\u00e3o, a D, conta com a participa\u00e7\u00e3o de Libertad (Paraguai), Nacional (Uruguai), Universidad de Chile (Chile) e uma equipe da Col\u00f4mbia.<\/p>\n<blockquote class=\"twitter-tweet\">\n<p dir=\"ltr\" lang=\"es\" xml:lang=\"es\">\u270d\ufe0f\ud83c\udfc6 \u00a1Grupos definidos!<a href=\"https:\/\/twitter.com\/hashtag\/LibertadoresFEM?src=hash&#038;ref_src=twsrc%5Etfw\">#LibertadoresFEM<\/a> | <a href=\"https:\/\/twitter.com\/hashtag\/LaGloriaEsDeEllas?src=hash&#038;ref_src=twsrc%5Etfw\">#LaGloriaEsDeEllas<\/a> | <a href=\"https:\/\/twitter.com\/hashtag\/AGl%C3%B3ria%C3%89Delas?src=hash&#038;ref_src=twsrc%5Etfw\">#AGl\u00f3ria\u00c9Delas<\/a> <a href=\"https:\/\/t.co\/3CY3mNXFMD\">pic.twitter.com\/3CY3mNXFMD<\/a><\/p>\n<p>\u2014 CONMEBOL Libertadores Femenina (@LibertadoresFEM) <a href=\"https:\/\/twitter.com\/LibertadoresFEM\/status\/1963622462362415191?ref_src=twsrc%5Etfw\">September 4, 2025<\/a><\/p><\/blockquote>\n<p><script async=\"\" src=\"https:\/\/platform.twitter.com\/widgets.js\" charset=\"utf-8\"><\/script><\/p>\n<h2>Forma de disputa<\/h2>\n<p>A Fase Preliminar da Libertadores Feminina \u00e9 dividida em quatro grupos de quatro equipes cada, com o primeiro e o segundo colocados de cada chave avan\u00e7ando para as quartas de final. A partir da\u00ed, a competi\u00e7\u00e3o seguir\u00e1 em frente em formato eliminat\u00f3rio.<\/p>\n<p>Os est\u00e1dios designados para o torneio continental s\u00e3o o\u00a0Nuevo Francisco Urbano, localizado em Mor\u00f3n, e o Florencio Sola, na localidade de Banfield, ambos na prov\u00edncia de Buenos Aires.<\/p>\n","protected":false},"excerpt":{"rendered":"<p>A Conmebol (Confedera\u00e7\u00e3o Sul-Americana de Futebol) sorteou nesta quinta-feira (4) os grupos da edi\u00e7\u00e3o 2025 da Copa Libertadores de futebol feminino, que ser\u00e1 disputada entre os dias 2 e 18 de outubro na Argentina. O Brasil ser\u00e1 representado na competi\u00e7\u00e3o pelo Corinthians, pela Ferrovi\u00e1ria e pelo S\u00e3o Paulo. As Brabas do Tim\u00e3o, atuais campe\u00e3s da [&hellip;]<\/p>\n","protected":false},"author":15,"featured_media":3770,"comment_status":"open","ping_status":"open","sticky":false,"template":"","format":"standard","meta":{"site-sidebar-layout":"default","site-content-layout":"","ast-site-content-layout":"","site-content-style":"default","site-sidebar-style":"default","ast-global-header-display":"","ast-banner-title-visibility":"","ast-main-header-display":"","ast-hfb-above-header-display":"","ast-hfb-below-header-display":"","ast-hfb-mobile-header-display":"","site-post-title":"","ast-breadcrumbs-content":"","ast-featured-img":"","footer-sml-layout":"","theme-transparent-header-meta":"","adv-header-id-meta":"","stick-header-meta":"","header-above-stick-meta":"","header-main-stick-meta":"","header-below-stick-meta":"","astra-migrate-meta-layouts":"default","ast-page-background-enabled":"default","ast-page-background-meta":{"desktop":{"background-color":"var(--ast-global-color-4)","background-image":"","background-repeat":"repeat","background-position":"center center","background-size":"auto","background-attachment":"scroll","background-type":"","background-media":"","overlay-type":"","overlay-color":"","overlay-opacity":"","overlay-gradient":""},"tablet":{"background-color":"","background-image":"","background-repeat":"repeat","background-position":"center center","background-size":"auto","background-attachment":"scroll","background-type":"","background-media":"","overlay-type":"","overlay-color":"","overlay-opacity":"","overlay-gradient":""},"mobile":{"background-color":"","background-image":"","background-repeat":"repeat","background-position":"center center","background-size":"auto","background-attachment":"scroll","background-type":"","background-media":"","overlay-type":"","overlay-color":"","overlay-opacity":"","overlay-gradient":""}},"ast-content-background-meta":{"desktop":{"background-color":"var(--ast-global-color-5)","background-image":"","background-repeat":"repeat","background-position":"center center","background-size":"auto","background-attachment":"scroll","background-type":"","background-media":"","overlay-type":"","overlay-color":"","overlay-opacity":"","overlay-gradient":""},"tablet":{"background-color":"var(--ast-global-color-5)","background-image":"","background-repeat":"repeat","background-position":"center center","background-size":"auto","background-attachment":"scroll","background-type":"","background-media":"","overlay-type":"","overlay-color":"","overlay-opacity":"","overlay-gradient":""},"mobile":{"background-color":"var(--ast-global-color-5)","background-image":"","background-repeat":"repeat","background-position":"center center","background-size":"auto","background-attachment":"scroll","background-type":"","background-media":"","overlay-type":"","overlay-color":"","overlay-opacity":"","overlay-gradient":""}},"footnotes":""},"categories":[1],"tags":[],"class_list":["post-3769","post","type-post","status-publish","format-standard","has-post-thumbnail","hentry","category-sem-categoria"],"_links":{"self":[{"href":"https:\/\/jornalregionalms.com.br\/index.php?rest_route=\/wp\/v2\/posts\/3769","targetHints":{"allow":["GET"]}}],"collection":[{"href":"https:\/\/jornalregionalms.com.br\/index.php?rest_route=\/wp\/v2\/posts"}],"about":[{"href":"https:\/\/jornalregionalms.com.br\/index.php?rest_route=\/wp\/v2\/types\/post"}],"author":[{"embeddable":true,"href":"https:\/\/jornalregionalms.com.br\/index.php?rest_route=\/wp\/v2\/users\/15"}],"replies":[{"embeddable":true,"href":"https:\/\/jornalregionalms.com.br\/index.php?rest_route=%2Fwp%2Fv2%2Fcomments&post=3769"}],"version-history":[{"count":0,"href":"https:\/\/jornalregionalms.com.br\/index.php?rest_route=\/wp\/v2\/posts\/3769\/revisions"}],"wp:featuredmedia":[{"embeddable":true,"href":"https:\/\/jornalregionalms.com.br\/index.php?rest_route=\/wp\/v2\/media\/3770"}],"wp:attachment":[{"href":"https:\/\/jornalregionalms.com.br\/index.php?rest_route=%2Fwp%2Fv2%2Fmedia&parent=3769"}],"wp:term":[{"taxonomy":"category","embeddable":true,"href":"https:\/\/jornalregionalms.com.br\/index.php?rest_route=%2Fwp%2Fv2%2Fcategories&post=3769"},{"taxonomy":"post_tag","embeddable":true,"href":"https:\/\/jornalregionalms.com.br\/index.php?rest_route=%2Fwp%2Fv2%2Ftags&post=3769"}],"curies":[{"name":"wp","href":"https:\/\/api.w.org\/{rel}","templated":true}]}}