{"id":3757,"date":"2025-09-06T00:39:15","date_gmt":"2025-09-06T03:39:15","guid":{"rendered":"https:\/\/jornalregionalms.com.br\/?p=3757"},"modified":"2025-09-06T00:39:15","modified_gmt":"2025-09-06T03:39:15","slug":"lula-autoriza-uso-de-r-12-bilhoes-para-renegociacao-de-dividas-rurais","status":"publish","type":"post","link":"https:\/\/jornalregionalms.com.br\/?p=3757","title":{"rendered":"Lula autoriza uso de R$ 12 bilh\u00f5es para renegocia\u00e7\u00e3o de d\u00edvidas rurais"},"content":{"rendered":"<\/p>\n<p><a class=\"\" href=\"https:\/\/agenciabrasil.ebc.com.br\/politica\/noticia\/2025-09\/lula-autoriza-uso-de-r-12-bilhoes-para-renegociacao-de-dividas-rurais\"><br \/>\n                    <img decoding=\"async\" src=\"https:\/\/cdn.jsdelivr.net\/gh\/sergiosdlima\/assets-ebc@1.0.0\/abr\/assets\/images\/logo-agenciabrasil.svg\" alt=\"Logo Ag\u00eancia Brasil\"><br \/>\n\t\t\t\t<\/a><\/p>\n<p><strong>O presidente Luiz In\u00e1cio Lula da Silva assinou nesta sexta-feira (5), uma Medida Provis\u00f3ria (MP) de renegocia\u00e7\u00e3o de d\u00edvidas rurais. Ser\u00e3o R$ 12 bilh\u00f5es para apoiar at\u00e9 100 mil produtores, principalmente pequenos e m\u00e9dios agricultores que sofreram com secas e enchentes nos \u00faltimos anos.<\/strong><img decoding=\"async\" src=\"https:\/\/agenciabrasil.ebc.com.br\/ebc.png?id=1657239&#038;o=rss\"><img decoding=\"async\" src=\"https:\/\/agenciabrasil.ebc.com.br\/ebc.gif?id=1657239&#038;o=rss\"><\/p>\n<p>O objetivo do governo com essa MP \u00e9 <strong>proporcionar condi\u00e7\u00f5es mais favor\u00e1veis para que agricultores endividados regularizem sua situa\u00e7\u00e3o financeira e mantenham a produ\u00e7\u00e3o de alimentos.<\/strong> Em v\u00eddeo nas redes sociais, Lula explicou que a renegocia\u00e7\u00e3o poder\u00e1 ser feita por produtores que perderam duas safras nos \u00faltimos cinco anos.<\/p>\n<\/p>\n<h3>Not\u00edcias relacionadas:<\/h3>\n<ul>\n<li><a href=\"https:\/\/agenciabrasil.ebc.com.br\/meio-ambiente\/noticia\/2025-08\/agricultura-familiar-recebera-r-60-milhoes-para-producao-de-bioinsumo\">Agricultura familiar receber\u00e1 R$ 60 milh\u00f5es para produ\u00e7\u00e3o de bioinsumo.<\/a><\/li>\n<li><a href=\"https:\/\/agenciabrasil.ebc.com.br\/geral\/noticia\/2025-04\/governo-vai-lancar-programa-para-apoiar-produtores-rurais-indigenas\">Governo vai lan\u00e7ar programa para apoiar produtores rurais ind\u00edgenas.<\/a><\/li>\n<\/ul>\n<p>\u201cNos \u00faltimos anos, secas prolongadas e fortes enchentes causaram grandes perdas aos nossos agricultores, gerando d\u00edvidas e travando o cr\u00e9dito para a prepara\u00e7\u00e3o da nova safra. Por isso, tomei a decis\u00e3o de darmos mais uma garantia ao setor. A medida vale para pequenos, m\u00e9dios e grandes produtores com duas perdas de safras nos \u00faltimos cinco anos em munic\u00edpios que decretaram calamidade duas vezes nesse per\u00edodo\u201d.<\/p>\n<p>De acordo com o governo federal, essa renegocia\u00e7\u00e3o tem capacidade de alcan\u00e7ar cerca de 96% dos pequenos e m\u00e9dios agricultores que hoje est\u00e3o inadimplentes ou com d\u00edvidas prorrogadas.<\/p>\n<p><a href=\"https:\/\/www.whatsapp.com\/channel\/0029VaoRTgrInlqYLSk59B2M\" target=\"_blank\">>> Siga o canal da<strong> Ag\u00eancia Brasil <\/strong>no WhatsApp<\/a><\/p>\n<h2>Entenda<\/h2>\n<p>Para aderir \u00e0 renegocia\u00e7\u00e3o, <strong>o produtor precisa comprovar as perdas de safra<\/strong> nos \u00faltimos cinco anos e estar localizado em munic\u00edpios que decretaram estado de calamidade ao menos duas vezes nesse per\u00edodo. <strong>O prazo de pagamento dos produtores ser\u00e1 de at\u00e9 nove anos, com car\u00eancia de um ano.<\/strong><\/p>\n<p>Os R$ 12 bilh\u00f5es disponibilizados ser\u00e3o repassados do Tesouro Nacional para os bancos p\u00fablicos, privados e cooperativas de cr\u00e9dito, com o BNDES na estrutura\u00e7\u00e3o. <strong>As taxas de juros ser\u00e3o mais baixas que as praticadas no mercado.<\/strong> Elas v\u00e3o variar de acordo com o porte do produtor. Cerca de 6% ao ano para pequenos, 8% para m\u00e9dios e 10% para os demais.<\/p>\n<p>Os limites de cr\u00e9dito v\u00e3o de R$ 250 mil no Programa Nacional de Fortalecimento da Agricultura Familiar (Pronaf), at\u00e9 R$ 1,5 milh\u00e3o no Programa Nacional de Apoio ao M\u00e9dio Produtor Rural (Pronamp) e R$ 3 milh\u00f5es para os demais produtores.<\/p>\n<p>A regulamenta\u00e7\u00e3o das condi\u00e7\u00f5es ser\u00e1 definida pelo Conselho Monet\u00e1rio Nacional (CMN), respons\u00e1vel por estabelecer os tetos e par\u00e2metros finais. J\u00e1 o risco de cr\u00e9dito ser\u00e1 integralmente assumido pelas institui\u00e7\u00f5es financeiras, sem transfer\u00eancia para o Tesouro.<\/p>\n","protected":false},"excerpt":{"rendered":"<p>O presidente Luiz In\u00e1cio Lula da Silva assinou nesta sexta-feira (5), uma Medida Provis\u00f3ria (MP) de renegocia\u00e7\u00e3o de d\u00edvidas rurais. Ser\u00e3o R$ 12 bilh\u00f5es para apoiar at\u00e9 100 mil produtores, principalmente pequenos e m\u00e9dios agricultores que sofreram com secas e enchentes nos \u00faltimos anos. O objetivo do governo com essa MP \u00e9 proporcionar condi\u00e7\u00f5es mais [&hellip;]<\/p>\n","protected":false},"author":15,"featured_media":3758,"comment_status":"open","ping_status":"open","sticky":false,"template":"","format":"standard","meta":{"site-sidebar-layout":"default","site-content-layout":"","ast-site-content-layout":"","site-content-style":"default","site-sidebar-style":"default","ast-global-header-display":"","ast-banner-title-visibility":"","ast-main-header-display":"","ast-hfb-above-header-display":"","ast-hfb-below-header-display":"","ast-hfb-mobile-header-display":"","site-post-title":"","ast-breadcrumbs-content":"","ast-featured-img":"","footer-sml-layout":"","theme-transparent-header-meta":"","adv-header-id-meta":"","stick-header-meta":"","header-above-stick-meta":"","header-main-stick-meta":"","header-below-stick-meta":"","astra-migrate-meta-layouts":"default","ast-page-background-enabled":"default","ast-page-background-meta":{"desktop":{"background-color":"var(--ast-global-color-4)","background-image":"","background-repeat":"repeat","background-position":"center center","background-size":"auto","background-attachment":"scroll","background-type":"","background-media":"","overlay-type":"","overlay-color":"","overlay-opacity":"","overlay-gradient":""},"tablet":{"background-color":"","background-image":"","background-repeat":"repeat","background-position":"center center","background-size":"auto","background-attachment":"scroll","background-type":"","background-media":"","overlay-type":"","overlay-color":"","overlay-opacity":"","overlay-gradient":""},"mobile":{"background-color":"","background-image":"","background-repeat":"repeat","background-position":"center center","background-size":"auto","background-attachment":"scroll","background-type":"","background-media":"","overlay-type":"","overlay-color":"","overlay-opacity":"","overlay-gradient":""}},"ast-content-background-meta":{"desktop":{"background-color":"var(--ast-global-color-5)","background-image":"","background-repeat":"repeat","background-position":"center center","background-size":"auto","background-attachment":"scroll","background-type":"","background-media":"","overlay-type":"","overlay-color":"","overlay-opacity":"","overlay-gradient":""},"tablet":{"background-color":"var(--ast-global-color-5)","background-image":"","background-repeat":"repeat","background-position":"center center","background-size":"auto","background-attachment":"scroll","background-type":"","background-media":"","overlay-type":"","overlay-color":"","overlay-opacity":"","overlay-gradient":""},"mobile":{"background-color":"var(--ast-global-color-5)","background-image":"","background-repeat":"repeat","background-position":"center center","background-size":"auto","background-attachment":"scroll","background-type":"","background-media":"","overlay-type":"","overlay-color":"","overlay-opacity":"","overlay-gradient":""}},"footnotes":""},"categories":[1],"tags":[],"class_list":["post-3757","post","type-post","status-publish","format-standard","has-post-thumbnail","hentry","category-sem-categoria"],"_links":{"self":[{"href":"https:\/\/jornalregionalms.com.br\/index.php?rest_route=\/wp\/v2\/posts\/3757","targetHints":{"allow":["GET"]}}],"collection":[{"href":"https:\/\/jornalregionalms.com.br\/index.php?rest_route=\/wp\/v2\/posts"}],"about":[{"href":"https:\/\/jornalregionalms.com.br\/index.php?rest_route=\/wp\/v2\/types\/post"}],"author":[{"embeddable":true,"href":"https:\/\/jornalregionalms.com.br\/index.php?rest_route=\/wp\/v2\/users\/15"}],"replies":[{"embeddable":true,"href":"https:\/\/jornalregionalms.com.br\/index.php?rest_route=%2Fwp%2Fv2%2Fcomments&post=3757"}],"version-history":[{"count":0,"href":"https:\/\/jornalregionalms.com.br\/index.php?rest_route=\/wp\/v2\/posts\/3757\/revisions"}],"wp:featuredmedia":[{"embeddable":true,"href":"https:\/\/jornalregionalms.com.br\/index.php?rest_route=\/wp\/v2\/media\/3758"}],"wp:attachment":[{"href":"https:\/\/jornalregionalms.com.br\/index.php?rest_route=%2Fwp%2Fv2%2Fmedia&parent=3757"}],"wp:term":[{"taxonomy":"category","embeddable":true,"href":"https:\/\/jornalregionalms.com.br\/index.php?rest_route=%2Fwp%2Fv2%2Fcategories&post=3757"},{"taxonomy":"post_tag","embeddable":true,"href":"https:\/\/jornalregionalms.com.br\/index.php?rest_route=%2Fwp%2Fv2%2Ftags&post=3757"}],"curies":[{"name":"wp","href":"https:\/\/api.w.org\/{rel}","templated":true}]}}