{"id":3755,"date":"2025-09-06T00:39:16","date_gmt":"2025-09-06T03:39:16","guid":{"rendered":"https:\/\/jornalregionalms.com.br\/?p=3755"},"modified":"2025-09-06T00:39:16","modified_gmt":"2025-09-06T03:39:16","slug":"indulto-e-golpismo-de-marcha-re-diz-alckmin-em-sao-paulo","status":"publish","type":"post","link":"https:\/\/jornalregionalms.com.br\/?p=3755","title":{"rendered":"&#8220;Indulto \u00e9 golpismo de marcha r\u00e9&#8221;, diz Alckmin em S\u00e3o Paulo"},"content":{"rendered":"<\/p>\n<p><a class=\"\" href=\"https:\/\/agenciabrasil.ebc.com.br\/politica\/noticia\/2025-09\/indulto-e-golpismo-de-marcha-re-diz-alckmin-em-sao-paulo\"><br \/>\n                    <img decoding=\"async\" src=\"https:\/\/cdn.jsdelivr.net\/gh\/sergiosdlima\/assets-ebc@1.0.0\/abr\/assets\/images\/logo-agenciabrasil.svg\" alt=\"Logo Ag\u00eancia Brasil\"><br \/>\n\t\t\t\t<\/a><\/p>\n<p><strong>O vice-presidente da Rep\u00fablica e ministro do Desenvolvimento, Ind\u00fastria, Com\u00e9rcio e Servi\u00e7os, Geraldo Alckmin, criticou na noite desta sexta-feira\u00a0(5), em S\u00e3o Paulo, a proposta que visa\u00a0anistiar condenados\u00a0pela tentativa de golpe de Estado e pelos atos de 8 de janeiro.<\/strong><img decoding=\"async\" src=\"https:\/\/agenciabrasil.ebc.com.br\/ebc.png?id=1657302&#038;o=rss\"><img decoding=\"async\" src=\"https:\/\/agenciabrasil.ebc.com.br\/ebc.gif?id=1657302&#038;o=rss\"><\/p>\n<blockquote>\n<p>\u00a0\u201cIndulto \u00e9 golpismo de marcha r\u00e9\u201d, declarou o vice-presidente,\u00a0ap\u00f3s o leil\u00e3o do t\u00fanel Santos-Guaruj\u00e1.<\/p>\n<\/blockquote>\n<h3>Not\u00edcias relacionadas:<\/h3>\n<ul>\n<li><a href=\"https:\/\/agenciabrasil.ebc.com.br\/economia\/noticia\/2025-09\/grupo-portugues-vence-leilao-do-tunel-santos-guaruja\">Grupo portugu\u00eas vence leil\u00e3o do t\u00fanel Santos-Guaruj\u00e1.<\/a><\/li>\n<\/ul>\n<p>Alckmin destacou ainda que o pa\u00eds preza pela liberdade e democracia e citou a participa\u00e7\u00e3o de brasileiros contra o nazismo e o fascismo na Segunda Guerra Mundial. &#8220;Est\u00e1 na \u00edndole do povo brasileiro a democracia. \u00c9 a democracia que promove inclus\u00e3o\u201d, ressaltou, sem citar o .<\/p>\n<p>Mais cedo, ao bater o martelo durante o leil\u00e3o, o ministro da Fazenda, Fernando Haddad, destacou que a polariza\u00e7\u00e3o faz parte do processo pol\u00edtico e democr\u00e1tico, desde que n\u00e3o seja calcada no autoritarismo.<\/p>\n<p>&#8220;Quando a polariza\u00e7\u00e3o \u00e9 de tipo autorit\u00e1rio, em que se pensa em eliminar o advers\u00e1rio, essa \u00e9 a polariza\u00e7\u00e3o que ningu\u00e9m quer\u201d, afirmou.<\/p>\n<p>O ministro de Portos e Aeroportos,\u00a0Silvio Costa Filho, tamb\u00e9m se posicionou contr\u00e1rio a qualquer possibilidade de vota\u00e7\u00e3o pelo Congresso de um projeto de anistia, e defendeu que as pautas do Legislativo devem ser focadas no imposto de renda e na reforma administrativa.<\/p>\n<p><strong>Diferentemente das autoridades do governo federal, o governador de S\u00e3o Paulo, Tarc\u00edsio de Freitas,\u00a0se recusou a responder as perguntas\u00a0sobre anistia ou o fato de ter ido a Bras\u00edlia durante esta semana para negociar a proposta. Freitas j\u00e1 disse em entrevistas que concederia indulto a Jair Bolsonaro se fosse eleito presidente da Rep\u00fablica.\u00a0<\/strong><\/p>\n<p>Questionado sobre a declara\u00e7\u00e3o do vice-presidente a respeito do indulto, o governador disse que \u201cs\u00f3 falaria sobre o t\u00fanel nesta sexta-feira\u201d. Alckmin n\u00e3o citou o governador\u00a0em sua fala.\u00a0<\/p>\n<h2>Parceria<\/h2>\n<div class=\"dnd-widget-wrapper context-grande_6colunas type-image atom-align-left\">\n<div class=\"dnd-atom-rendered\"><!-- scald=436049:grande_6colunas {\"additionalClasses\":\"\"} --><br \/>\n            <img decoding=\"async\" src=\"https:\/\/agenciabrasil.ebc.com.br\/sites\/default\/files\/thumbnails\/image\/loading_v2.gif\" data-echo=\"https:\/\/imagens.ebc.com.br\/NQb5DAb204KagIyNmKKkI3XMMpY=\/463x0\/smart\/https:\/\/agenciabrasil.ebc.com.br\/sites\/default\/files\/thumbnails\/image\/2025\/09\/05\/leilao_tunel_santos-guaruja_-_eduardo_oliveira_-mpor.jpg?itok=MfPd64_Z\" alt=\"Leil\u00e3o do T\u00fanel Imerso conectando Santos-Guaruja\" title=\"Eduardo Oliveira\/MPOR\"><br \/>\n        <noscript><img decoding=\"async\" src=\"https:\/\/imagens.ebc.com.br\/NQb5DAb204KagIyNmKKkI3XMMpY=\/463x0\/smart\/https:\/\/agenciabrasil.ebc.com.br\/sites\/default\/files\/thumbnails\/image\/2025\/09\/05\/leilao_tunel_santos-guaruja_-_eduardo_oliveira_-mpor.jpg?itok=MfPd64_Z\" alt=\"Leil\u00e3o do T\u00fanel Imerso conectando Santos-Guaruja\" title=\"Eduardo Oliveira\/MPOR\"><\/noscript><br \/>\n    <!-- END scald=436049 --><\/div>\n<div class=\"dnd-caption-wrapper\">\n<h6 class=\"meta\"><!--copyright=436049-->S\u00e3o Paulo (SP) &#8211; 05\/09\/2025 &#8211; Leil\u00e3o do T\u00fanel\u00a0 Santos-Guaruj\u00e1 na B3. Da esquerda para direita, Geraldo Alckmin (vice-presidente), Silvio Costa Filho (ministro de Portos) e Tarc\u00edsio de Freitas (governador de S\u00e3o Paulo). <strong>Foto:<\/strong>\u00a0<strong>Eduardo Oliveira\/MPOR<\/strong><!--END copyright=436049--><\/h6>\n<\/div>\n<\/div>\n<p>O leil\u00e3o do t\u00fanel Santos-Guaruj\u00e1\u00a0<a href=\"https:\/\/agenciabrasil.ebc.com.br\/economia\/noticia\/2025-09\/grupo-portugues-vence-leilao-do-tunel-santos-guaruja\" target=\"_blank\">foi vencido pelo\u00a0grupo portugu\u00eas Mota-Engil<\/a>. Com investimento estimado em R$ 6,8 bilh\u00f5es, o projeto ter\u00e1 aporte p\u00fablico de at\u00e9 R$ 5,14 bilh\u00f5es, dividido igualmente entre o governo de S\u00e3o Paulo e o governo federal. O restante ser\u00e1 coberto pela iniciativa privada.<\/p>\n<p>O ministro Haddad destacou a parceria entre Uni\u00e3o e o estado paulista apesar das diverg\u00eancias pol\u00edticas.&#8221; Os dois governos deram-se as m\u00e3os para chegar no dia de hoje e celebrar essa grande contrata\u00e7\u00e3o. Daqui a alguns anos n\u00f3s vamos celebrar a inaugura\u00e7\u00e3o dessa obra. E tanta gente vai ser beneficiada e n\u00f3s vamos nos lembrar do dia de hoje, que \u00e9 assim que se faz pol\u00edtica, \u00e9 assim que se constr\u00f3i a democracia\u201d.<\/p>\n<p>Silvio Costa Filho tamb\u00e9m destacou que o leil\u00e3o \u00e9 o tipo de a\u00e7\u00e3o\u00a0&#8220;que, de fato, ao final, quem ganha \u00e9 a popula\u00e7\u00e3o brasileira&#8221;. &#8220;Essa converg\u00eancia do governo do Estado de S\u00e3o Paulo com o governo federal, ela \u00e9 muito ben\u00e9fica para o pa\u00eds\u201d.<\/p>\n<p>Em\u00a0discurso durante a cerim\u00f4nia do leil\u00e3o, Tarc\u00edsio de Freitas ressaltou a atua\u00e7\u00e3o de v\u00e1rios \u00f3rg\u00e3os para a concretiza\u00e7\u00e3o do projeto do t\u00fanel, que vai ligar as cidades litor\u00e2neas de Santos e Guaruj\u00e1. &#8220;Parab\u00e9ns a quem modelou, parab\u00e9ns a quem buscou tecnologia, parab\u00e9ns para quem fez a diferen\u00e7a. Parab\u00e9ns para o governo do estado de S\u00e3o Paulo e parab\u00e9ns para o governo federal&#8221;, disse o governador.<\/p>\n","protected":false},"excerpt":{"rendered":"<p>O vice-presidente da Rep\u00fablica e ministro do Desenvolvimento, Ind\u00fastria, Com\u00e9rcio e Servi\u00e7os, Geraldo Alckmin, criticou na noite desta sexta-feira\u00a0(5), em S\u00e3o Paulo, a proposta que visa\u00a0anistiar condenados\u00a0pela tentativa de golpe de Estado e pelos atos de 8 de janeiro. \u00a0\u201cIndulto \u00e9 golpismo de marcha r\u00e9\u201d, declarou o vice-presidente,\u00a0ap\u00f3s o leil\u00e3o do t\u00fanel Santos-Guaruj\u00e1. Not\u00edcias relacionadas: [&hellip;]<\/p>\n","protected":false},"author":1,"featured_media":3756,"comment_status":"open","ping_status":"open","sticky":false,"template":"","format":"standard","meta":{"site-sidebar-layout":"default","site-content-layout":"","ast-site-content-layout":"","site-content-style":"default","site-sidebar-style":"default","ast-global-header-display":"","ast-banner-title-visibility":"","ast-main-header-display":"","ast-hfb-above-header-display":"","ast-hfb-below-header-display":"","ast-hfb-mobile-header-display":"","site-post-title":"","ast-breadcrumbs-content":"","ast-featured-img":"","footer-sml-layout":"","theme-transparent-header-meta":"","adv-header-id-meta":"","stick-header-meta":"","header-above-stick-meta":"","header-main-stick-meta":"","header-below-stick-meta":"","astra-migrate-meta-layouts":"default","ast-page-background-enabled":"default","ast-page-background-meta":{"desktop":{"background-color":"var(--ast-global-color-4)","background-image":"","background-repeat":"repeat","background-position":"center center","background-size":"auto","background-attachment":"scroll","background-type":"","background-media":"","overlay-type":"","overlay-color":"","overlay-opacity":"","overlay-gradient":""},"tablet":{"background-color":"","background-image":"","background-repeat":"repeat","background-position":"center center","background-size":"auto","background-attachment":"scroll","background-type":"","background-media":"","overlay-type":"","overlay-color":"","overlay-opacity":"","overlay-gradient":""},"mobile":{"background-color":"","background-image":"","background-repeat":"repeat","background-position":"center center","background-size":"auto","background-attachment":"scroll","background-type":"","background-media":"","overlay-type":"","overlay-color":"","overlay-opacity":"","overlay-gradient":""}},"ast-content-background-meta":{"desktop":{"background-color":"var(--ast-global-color-5)","background-image":"","background-repeat":"repeat","background-position":"center center","background-size":"auto","background-attachment":"scroll","background-type":"","background-media":"","overlay-type":"","overlay-color":"","overlay-opacity":"","overlay-gradient":""},"tablet":{"background-color":"var(--ast-global-color-5)","background-image":"","background-repeat":"repeat","background-position":"center center","background-size":"auto","background-attachment":"scroll","background-type":"","background-media":"","overlay-type":"","overlay-color":"","overlay-opacity":"","overlay-gradient":""},"mobile":{"background-color":"var(--ast-global-color-5)","background-image":"","background-repeat":"repeat","background-position":"center center","background-size":"auto","background-attachment":"scroll","background-type":"","background-media":"","overlay-type":"","overlay-color":"","overlay-opacity":"","overlay-gradient":""}},"footnotes":""},"categories":[1],"tags":[],"class_list":["post-3755","post","type-post","status-publish","format-standard","has-post-thumbnail","hentry","category-sem-categoria"],"_links":{"self":[{"href":"https:\/\/jornalregionalms.com.br\/index.php?rest_route=\/wp\/v2\/posts\/3755","targetHints":{"allow":["GET"]}}],"collection":[{"href":"https:\/\/jornalregionalms.com.br\/index.php?rest_route=\/wp\/v2\/posts"}],"about":[{"href":"https:\/\/jornalregionalms.com.br\/index.php?rest_route=\/wp\/v2\/types\/post"}],"author":[{"embeddable":true,"href":"https:\/\/jornalregionalms.com.br\/index.php?rest_route=\/wp\/v2\/users\/1"}],"replies":[{"embeddable":true,"href":"https:\/\/jornalregionalms.com.br\/index.php?rest_route=%2Fwp%2Fv2%2Fcomments&post=3755"}],"version-history":[{"count":0,"href":"https:\/\/jornalregionalms.com.br\/index.php?rest_route=\/wp\/v2\/posts\/3755\/revisions"}],"wp:featuredmedia":[{"embeddable":true,"href":"https:\/\/jornalregionalms.com.br\/index.php?rest_route=\/wp\/v2\/media\/3756"}],"wp:attachment":[{"href":"https:\/\/jornalregionalms.com.br\/index.php?rest_route=%2Fwp%2Fv2%2Fmedia&parent=3755"}],"wp:term":[{"taxonomy":"category","embeddable":true,"href":"https:\/\/jornalregionalms.com.br\/index.php?rest_route=%2Fwp%2Fv2%2Fcategories&post=3755"},{"taxonomy":"post_tag","embeddable":true,"href":"https:\/\/jornalregionalms.com.br\/index.php?rest_route=%2Fwp%2Fv2%2Ftags&post=3755"}],"curies":[{"name":"wp","href":"https:\/\/api.w.org\/{rel}","templated":true}]}}