{"id":3753,"date":"2025-09-06T00:39:12","date_gmt":"2025-09-06T03:39:12","guid":{"rendered":"https:\/\/jornalregionalms.com.br\/?p=3753"},"modified":"2025-09-06T00:39:12","modified_gmt":"2025-09-06T03:39:12","slug":"stf-tera-sessoes-extras-para-julgamento-de-bolsonaro","status":"publish","type":"post","link":"https:\/\/jornalregionalms.com.br\/?p=3753","title":{"rendered":"STF ter\u00e1 sess\u00f5es extras para julgamento de Bolsonaro"},"content":{"rendered":"<\/p>\n<p><a class=\"\" href=\"https:\/\/agenciabrasil.ebc.com.br\/justica\/noticia\/2025-09\/stf-tera-sessao-extra-para-continuidade-de-julgamento-de-bolsonaro\"><br \/>\n                    <img decoding=\"async\" src=\"https:\/\/cdn.jsdelivr.net\/gh\/sergiosdlima\/assets-ebc@1.0.0\/abr\/assets\/images\/logo-agenciabrasil.svg\" alt=\"Logo Ag\u00eancia Brasil\"><br \/>\n\t\t\t\t<\/a><\/p>\n<p>O ministro Cristiano Zanin, do Supremo Tribunal Federal (STF),<strong> marcou sess\u00f5es\u00a0extra da Primeira Turma da Corte, na pr\u00f3xima quinta-feira (11), <\/strong>para o julgamento do n\u00facleo 1 da trama golpista, formado pelo ex-presidente Jair Bolsonaro e mais sete aliados.<img decoding=\"async\" src=\"https:\/\/agenciabrasil.ebc.com.br\/ebc.png?id=1657260&#038;o=rss\"><img decoding=\"async\" src=\"https:\/\/agenciabrasil.ebc.com.br\/ebc.gif?id=1657260&#038;o=rss\"><\/p>\n<p>A decis\u00e3o de Zanin, que \u00e9 presidente do colegiado, foi tomada ap\u00f3s o relator da a\u00e7\u00e3o penal, Alexandre de Moraes, solicitar o agendamento de mais uma sess\u00e3o para julgamento do caso. J\u00e1 estavam agendadas sess\u00f5es para os dias 9, 10 e 12 de setembro.\u00a0<\/p>\n<\/p>\n<h3>Not\u00edcias relacionadas:<\/h3>\n<ul>\n<li><a href=\"https:\/\/agenciabrasil.ebc.com.br\/justica\/noticia\/2025-09\/justica-do-rj-mantem-prisao-de-deputado-estadual-th-joias\">Justi\u00e7a do RJ mant\u00e9m pris\u00e3o de deputado estadual TH Joias .<\/a><\/li>\n<li><a href=\"https:\/\/agenciabrasil.ebc.com.br\/justica\/noticia\/2025-09\/marluce-caldas-e-carlos-brandao-tomam-posse-como-ministros-do-stj\">Marluce Caldas e Carlos Brand\u00e3o tomam posse como ministros do STJ.<\/a><\/li>\n<li><a href=\"https:\/\/agenciabrasil.ebc.com.br\/justica\/noticia\/2025-09\/justica-do-rj-mantem-prisao-de-deputado-estadual-th-joias\">Justi\u00e7a do RJ mant\u00e9m pris\u00e3o de deputado estadual TH Joias .<\/a><\/li>\n<\/ul>\n<p>O julgamento come\u00e7ou nesta semana, quando foram ouvidas as sustenta\u00e7\u00f5es das defesas do ex-presidente e dos demais acusados, al\u00e9m da manifesta\u00e7\u00e3o do procurador-geral da Rep\u00fablica, Paulo Gonet, favor\u00e1vel \u00e0 condena\u00e7\u00e3o de todos os r\u00e9us.<\/p>\n<p><strong>A partir de ter\u00e7a-feira (9), colegiado vai iniciar a vota\u00e7\u00e3o que pode condenar Bolsonaro e os demais acusados a mais de 30 anos de pris\u00e3o.<\/strong><\/p>\n<p>Com a decis\u00e3o de Zanin, o julgamento ter\u00e1 mais quatro dias. Em tr\u00eas deles, ser\u00e3o realizadas sess\u00f5es pela manh\u00e3 e \u00e0 tarde. Para viabilizar a sess\u00e3o dupla na pr\u00f3xima quinta-feira, o STF cancelou a sess\u00e3o do plen\u00e1rio que seria realizada \u00e0s 14h.\u00a0<\/p>\n<h2>Agenda de sess\u00f5es:<\/h2>\n<p>Dia 9 \u2013 \u00e0s 9h e \u00e0s 14h;<br \/>\nDia 10 \u2013 \u00e0s 9h;<br \/>\nDia 11 \u2013 \u00e0s 9h e \u00e0s 14h;\u00a0<br \/>\nDia 12 \u2013 \u00e0s 9h e \u00e0s 14h;<\/p>\n<h2>Acusa\u00e7\u00f5es\u00a0<\/h2>\n<p><strong>Pesam contra os acusados a suposta participa\u00e7\u00e3o na elabora\u00e7\u00e3o do plano Punhal\u00a0Verde\u00a0e Amarelo, com planejamento voltado ao sequestro ou homic\u00eddio do ministro Alexandre de Moraes, do presidente Luiz In\u00e1cio Lula da Silva e do vice-presidente, Geraldo Alckmin.<\/strong><\/p>\n<p>Tamb\u00e9m consta na den\u00fancia da PGR a produ\u00e7\u00e3o da chamada \u201cminuta do golpe\u201d, documento que seria de conhecimento de Jair Bolsonaro e serviria para a decreta\u00e7\u00e3o de medidas de estado de defesa e de s\u00edtio no pa\u00eds para tentar reverter o resultado das elei\u00e7\u00f5es de 2022 e impedir a posse do presidente Lula.<\/p>\n<p>A den\u00fancia tamb\u00e9m cita o suposto envolvimento dos acusados com os atos golpistas de 8 de janeiro de 2023.\u00a0<\/p>\n<h2>Crimes<\/h2>\n<p><strong>Os acusados respondem pelos crimes de organiza\u00e7\u00e3o criminosa armada, tentativa de aboli\u00e7\u00e3o violenta do Estado Democr\u00e1tico de Direito, golpe de Estado, dano qualificado pela viol\u00eancia e grave amea\u00e7a e deteriora\u00e7\u00e3o de patrim\u00f4nio tombado.\u00a0Em caso de condena\u00e7\u00e3o, as penas podem chegar a 30 anos de pris\u00e3o.\u00a0<\/strong><\/p>\n<p>A exce\u00e7\u00e3o \u00e9 o caso do ex-diretor da Abin Alexandre Ramagem, que, atualmente, \u00e9 deputado federal. Ele foi beneficiado com a suspens\u00e3o de parte das acusa\u00e7\u00f5es e responde somente a tr\u00eas dos cinco crimes. A regra est\u00e1 prevista na Constitui\u00e7\u00e3o.\u00a0<\/p>\n<p>A suspens\u00e3o vale para os crimes de dano qualificado pela viol\u00eancia e grave amea\u00e7a, contra o patrim\u00f4nio da Uni\u00e3o, e com consider\u00e1vel preju\u00edzo para a v\u00edtima e deteriora\u00e7\u00e3o de patrim\u00f4nio tombado, relacionados aos atos golpistas de 8 de janeiro.\u00a0<\/p>\n<h2>Quem s\u00e3o os r\u00e9us \u00a0<\/h2>\n<p>Jair Bolsonaro\u00a0\u2013 ex-presidente da Rep\u00fablica;<\/p>\n<p>Alexandre Ramagem &#8211; ex-diretor da Ag\u00eancia Brasileira de Intelig\u00eancia (Abin);<\/p>\n<p>Almir Garnier- ex-comandante da Marinha;<\/p>\n<p>Anderson Torres &#8211; ex-ministro da Justi\u00e7a e ex-secret\u00e1rio de seguran\u00e7a do Distrito Federal;<\/p>\n<p>Augusto Heleno &#8211; ex-ministro do Gabinete de Seguran\u00e7a Institucional (GSI);<\/p>\n<p>Paulo S\u00e9rgio Nogueira &#8211; ex-ministro da Defesa;<\/p>\n<p>Walter Braga Netto &#8211; ex-ministro de Bolsonaro\u00a0e candidato \u00e0 vice na chapa de 2022;<\/p>\n<p>Mauro Cid \u2013 ex-ajudante de ordens de Bolsonaro.<\/p>\n","protected":false},"excerpt":{"rendered":"<p>O ministro Cristiano Zanin, do Supremo Tribunal Federal (STF), marcou sess\u00f5es\u00a0extra da Primeira Turma da Corte, na pr\u00f3xima quinta-feira (11), para o julgamento do n\u00facleo 1 da trama golpista, formado pelo ex-presidente Jair Bolsonaro e mais sete aliados. A decis\u00e3o de Zanin, que \u00e9 presidente do colegiado, foi tomada ap\u00f3s o relator da a\u00e7\u00e3o penal, [&hellip;]<\/p>\n","protected":false},"author":28,"featured_media":3754,"comment_status":"open","ping_status":"open","sticky":false,"template":"","format":"standard","meta":{"site-sidebar-layout":"default","site-content-layout":"","ast-site-content-layout":"","site-content-style":"default","site-sidebar-style":"default","ast-global-header-display":"","ast-banner-title-visibility":"","ast-main-header-display":"","ast-hfb-above-header-display":"","ast-hfb-below-header-display":"","ast-hfb-mobile-header-display":"","site-post-title":"","ast-breadcrumbs-content":"","ast-featured-img":"","footer-sml-layout":"","theme-transparent-header-meta":"","adv-header-id-meta":"","stick-header-meta":"","header-above-stick-meta":"","header-main-stick-meta":"","header-below-stick-meta":"","astra-migrate-meta-layouts":"default","ast-page-background-enabled":"default","ast-page-background-meta":{"desktop":{"background-color":"var(--ast-global-color-4)","background-image":"","background-repeat":"repeat","background-position":"center center","background-size":"auto","background-attachment":"scroll","background-type":"","background-media":"","overlay-type":"","overlay-color":"","overlay-opacity":"","overlay-gradient":""},"tablet":{"background-color":"","background-image":"","background-repeat":"repeat","background-position":"center center","background-size":"auto","background-attachment":"scroll","background-type":"","background-media":"","overlay-type":"","overlay-color":"","overlay-opacity":"","overlay-gradient":""},"mobile":{"background-color":"","background-image":"","background-repeat":"repeat","background-position":"center center","background-size":"auto","background-attachment":"scroll","background-type":"","background-media":"","overlay-type":"","overlay-color":"","overlay-opacity":"","overlay-gradient":""}},"ast-content-background-meta":{"desktop":{"background-color":"var(--ast-global-color-5)","background-image":"","background-repeat":"repeat","background-position":"center center","background-size":"auto","background-attachment":"scroll","background-type":"","background-media":"","overlay-type":"","overlay-color":"","overlay-opacity":"","overlay-gradient":""},"tablet":{"background-color":"var(--ast-global-color-5)","background-image":"","background-repeat":"repeat","background-position":"center center","background-size":"auto","background-attachment":"scroll","background-type":"","background-media":"","overlay-type":"","overlay-color":"","overlay-opacity":"","overlay-gradient":""},"mobile":{"background-color":"var(--ast-global-color-5)","background-image":"","background-repeat":"repeat","background-position":"center center","background-size":"auto","background-attachment":"scroll","background-type":"","background-media":"","overlay-type":"","overlay-color":"","overlay-opacity":"","overlay-gradient":""}},"footnotes":""},"categories":[1],"tags":[],"class_list":["post-3753","post","type-post","status-publish","format-standard","has-post-thumbnail","hentry","category-sem-categoria"],"_links":{"self":[{"href":"https:\/\/jornalregionalms.com.br\/index.php?rest_route=\/wp\/v2\/posts\/3753","targetHints":{"allow":["GET"]}}],"collection":[{"href":"https:\/\/jornalregionalms.com.br\/index.php?rest_route=\/wp\/v2\/posts"}],"about":[{"href":"https:\/\/jornalregionalms.com.br\/index.php?rest_route=\/wp\/v2\/types\/post"}],"author":[{"embeddable":true,"href":"https:\/\/jornalregionalms.com.br\/index.php?rest_route=\/wp\/v2\/users\/28"}],"replies":[{"embeddable":true,"href":"https:\/\/jornalregionalms.com.br\/index.php?rest_route=%2Fwp%2Fv2%2Fcomments&post=3753"}],"version-history":[{"count":0,"href":"https:\/\/jornalregionalms.com.br\/index.php?rest_route=\/wp\/v2\/posts\/3753\/revisions"}],"wp:featuredmedia":[{"embeddable":true,"href":"https:\/\/jornalregionalms.com.br\/index.php?rest_route=\/wp\/v2\/media\/3754"}],"wp:attachment":[{"href":"https:\/\/jornalregionalms.com.br\/index.php?rest_route=%2Fwp%2Fv2%2Fmedia&parent=3753"}],"wp:term":[{"taxonomy":"category","embeddable":true,"href":"https:\/\/jornalregionalms.com.br\/index.php?rest_route=%2Fwp%2Fv2%2Fcategories&post=3753"},{"taxonomy":"post_tag","embeddable":true,"href":"https:\/\/jornalregionalms.com.br\/index.php?rest_route=%2Fwp%2Fv2%2Ftags&post=3753"}],"curies":[{"name":"wp","href":"https:\/\/api.w.org\/{rel}","templated":true}]}}