{"id":3751,"date":"2025-09-06T00:39:13","date_gmt":"2025-09-06T03:39:13","guid":{"rendered":"https:\/\/jornalregionalms.com.br\/?p=3751"},"modified":"2025-09-06T00:39:13","modified_gmt":"2025-09-06T03:39:13","slug":"moraes-abre-prazo-para-alegacoes-do-nucleo-2-dos-atos-golpistas","status":"publish","type":"post","link":"https:\/\/jornalregionalms.com.br\/?p=3751","title":{"rendered":"Moraes abre prazo para alega\u00e7\u00f5es do N\u00facleo 2 dos atos golpistas"},"content":{"rendered":"<\/p>\n<p><a class=\"\" href=\"https:\/\/agenciabrasil.ebc.com.br\/justica\/noticia\/2025-09\/moraes-abre-prazo-para-alegacoes-do-nucleo-2-dos-atos-golpistas\"><br \/>\n                    <img decoding=\"async\" src=\"https:\/\/cdn.jsdelivr.net\/gh\/sergiosdlima\/assets-ebc@1.0.0\/abr\/assets\/images\/logo-agenciabrasil.svg\" alt=\"Logo Ag\u00eancia Brasil\"><br \/>\n\t\t\t\t<\/a><\/p>\n<p>O ministro Alexandre de Moraes, do Supremo Tribunal Federal (STF), abriu nesta sexta-feira (5) prazo de 15 dias para a Procuradoria-Geral da Rep\u00fablica (PGR) e as defesas dos r\u00e9us do N\u00facleo 2 da trama golpista apresentarem suas alega\u00e7\u00f5es finais.<img decoding=\"async\" src=\"https:\/\/agenciabrasil.ebc.com.br\/ebc.png?id=1657267&#038;o=rss\"><img decoding=\"async\" src=\"https:\/\/agenciabrasil.ebc.com.br\/ebc.gif?id=1657267&#038;o=rss\"><\/p>\n<p><strong>O grupo \u00e9 acusado pela PGR de organizar a\u00e7\u00f5es para sustentar a tentativa de perman\u00eancia ileg\u00edtima do ex-presidente Jair Bolsonaro no poder, em 2022.<\/strong>\u00a0<\/p>\n<\/p>\n<h3>Not\u00edcias relacionadas:<\/h3>\n<ul>\n<li><a href=\"https:\/\/agenciabrasil.ebc.com.br\/justica\/noticia\/2025-09\/stf-tera-sessao-extra-para-continuidade-de-julgamento-de-bolsonaro\">STF ter\u00e1 sess\u00f5es extras para julgamento de Bolsonaro.<\/a><\/li>\n<li><a href=\"https:\/\/agenciabrasil.ebc.com.br\/justica\/noticia\/2025-09\/gonet-pede-ao-stf-condenacao-de-reus-do-nucleo-4-de-trama-golpista\">Gonet pede ao STF condena\u00e7\u00e3o de r\u00e9us do n\u00facleo 4 de trama golpista.<\/a><\/li>\n<li><a href=\"https:\/\/agenciabrasil.ebc.com.br\/justica\/noticia\/2025-09\/defesa-de-mauro-cid-pede-ao-stf-manutencao-da-delacao-premiada\">Defesa de Mauro Cid pede manuten\u00e7\u00e3o da dela\u00e7\u00e3o premiada\u00a0ao STF.<\/a><\/li>\n<\/ul>\n<p>Pela decis\u00e3o, a procuradoria ser\u00e1 a primeira a entregar as alega\u00e7\u00f5es. Em seguida, o mesmo prazo dever\u00e1 ser cumprido pelos advogados dos r\u00e9us.<\/p>\n<p>S\u00e3o r\u00e9us do n\u00facleo 2:\u00a0\u00a0<\/p>\n<ul>\n<li>Filipe Martins (ex-assessor de assuntos internacionais de Bolsonaro);<\/li>\n<li>Marcelo C\u00e2mara (ex-assessor de Bolsonaro);<\/li>\n<li>Silvinei Vasques (ex-diretor da Pol\u00edcia Rodovi\u00e1ria Federal);<\/li>\n<li>M\u00e1rio Fernandes (general do Ex\u00e9rcito);<\/li>\n<li>Mar\u00edlia de Alencar (ex-subsecret\u00e1ria de Seguran\u00e7a do Distrito Federal);<\/li>\n<li>Fernando de Sousa Oliveira (ex-secret\u00e1rio-adjunto da Secretaria de Seguran\u00e7a do Distrito Federal).\u00a0<\/li>\n<\/ul>\n<p><a href=\"https:\/\/www.whatsapp.com\/channel\/0029VaoRTgrInlqYLSk59B2M\" target=\"_blank\">>> Siga o canal da <strong>Ag\u00eancia Brasil <\/strong>no WhatsApp<\/a><\/p>\n<p><strong>As alega\u00e7\u00f5es fazem parte da \u00faltima fase antes do julgamento dos acusados, que deve ocorrer ainda neste ano na Primeira Turma da Corte.<\/strong><\/p>\n","protected":false},"excerpt":{"rendered":"<p>O ministro Alexandre de Moraes, do Supremo Tribunal Federal (STF), abriu nesta sexta-feira (5) prazo de 15 dias para a Procuradoria-Geral da Rep\u00fablica (PGR) e as defesas dos r\u00e9us do N\u00facleo 2 da trama golpista apresentarem suas alega\u00e7\u00f5es finais. O grupo \u00e9 acusado pela PGR de organizar a\u00e7\u00f5es para sustentar a tentativa de perman\u00eancia ileg\u00edtima [&hellip;]<\/p>\n","protected":false},"author":28,"featured_media":3752,"comment_status":"open","ping_status":"open","sticky":false,"template":"","format":"standard","meta":{"site-sidebar-layout":"default","site-content-layout":"","ast-site-content-layout":"","site-content-style":"default","site-sidebar-style":"default","ast-global-header-display":"","ast-banner-title-visibility":"","ast-main-header-display":"","ast-hfb-above-header-display":"","ast-hfb-below-header-display":"","ast-hfb-mobile-header-display":"","site-post-title":"","ast-breadcrumbs-content":"","ast-featured-img":"","footer-sml-layout":"","theme-transparent-header-meta":"","adv-header-id-meta":"","stick-header-meta":"","header-above-stick-meta":"","header-main-stick-meta":"","header-below-stick-meta":"","astra-migrate-meta-layouts":"default","ast-page-background-enabled":"default","ast-page-background-meta":{"desktop":{"background-color":"var(--ast-global-color-4)","background-image":"","background-repeat":"repeat","background-position":"center center","background-size":"auto","background-attachment":"scroll","background-type":"","background-media":"","overlay-type":"","overlay-color":"","overlay-opacity":"","overlay-gradient":""},"tablet":{"background-color":"","background-image":"","background-repeat":"repeat","background-position":"center center","background-size":"auto","background-attachment":"scroll","background-type":"","background-media":"","overlay-type":"","overlay-color":"","overlay-opacity":"","overlay-gradient":""},"mobile":{"background-color":"","background-image":"","background-repeat":"repeat","background-position":"center center","background-size":"auto","background-attachment":"scroll","background-type":"","background-media":"","overlay-type":"","overlay-color":"","overlay-opacity":"","overlay-gradient":""}},"ast-content-background-meta":{"desktop":{"background-color":"var(--ast-global-color-5)","background-image":"","background-repeat":"repeat","background-position":"center center","background-size":"auto","background-attachment":"scroll","background-type":"","background-media":"","overlay-type":"","overlay-color":"","overlay-opacity":"","overlay-gradient":""},"tablet":{"background-color":"var(--ast-global-color-5)","background-image":"","background-repeat":"repeat","background-position":"center center","background-size":"auto","background-attachment":"scroll","background-type":"","background-media":"","overlay-type":"","overlay-color":"","overlay-opacity":"","overlay-gradient":""},"mobile":{"background-color":"var(--ast-global-color-5)","background-image":"","background-repeat":"repeat","background-position":"center center","background-size":"auto","background-attachment":"scroll","background-type":"","background-media":"","overlay-type":"","overlay-color":"","overlay-opacity":"","overlay-gradient":""}},"footnotes":""},"categories":[1],"tags":[],"class_list":["post-3751","post","type-post","status-publish","format-standard","has-post-thumbnail","hentry","category-sem-categoria"],"_links":{"self":[{"href":"https:\/\/jornalregionalms.com.br\/index.php?rest_route=\/wp\/v2\/posts\/3751","targetHints":{"allow":["GET"]}}],"collection":[{"href":"https:\/\/jornalregionalms.com.br\/index.php?rest_route=\/wp\/v2\/posts"}],"about":[{"href":"https:\/\/jornalregionalms.com.br\/index.php?rest_route=\/wp\/v2\/types\/post"}],"author":[{"embeddable":true,"href":"https:\/\/jornalregionalms.com.br\/index.php?rest_route=\/wp\/v2\/users\/28"}],"replies":[{"embeddable":true,"href":"https:\/\/jornalregionalms.com.br\/index.php?rest_route=%2Fwp%2Fv2%2Fcomments&post=3751"}],"version-history":[{"count":0,"href":"https:\/\/jornalregionalms.com.br\/index.php?rest_route=\/wp\/v2\/posts\/3751\/revisions"}],"wp:featuredmedia":[{"embeddable":true,"href":"https:\/\/jornalregionalms.com.br\/index.php?rest_route=\/wp\/v2\/media\/3752"}],"wp:attachment":[{"href":"https:\/\/jornalregionalms.com.br\/index.php?rest_route=%2Fwp%2Fv2%2Fmedia&parent=3751"}],"wp:term":[{"taxonomy":"category","embeddable":true,"href":"https:\/\/jornalregionalms.com.br\/index.php?rest_route=%2Fwp%2Fv2%2Fcategories&post=3751"},{"taxonomy":"post_tag","embeddable":true,"href":"https:\/\/jornalregionalms.com.br\/index.php?rest_route=%2Fwp%2Fv2%2Ftags&post=3751"}],"curies":[{"name":"wp","href":"https:\/\/api.w.org\/{rel}","templated":true}]}}