{"id":3745,"date":"2025-09-06T00:39:05","date_gmt":"2025-09-06T03:39:05","guid":{"rendered":"https:\/\/jornalregionalms.com.br\/?p=3745"},"modified":"2025-09-06T00:39:05","modified_gmt":"2025-09-06T03:39:05","slug":"cade-aprova-incorporacao-da-brf-pela-marfrig","status":"publish","type":"post","link":"https:\/\/jornalregionalms.com.br\/?p=3745","title":{"rendered":"Cade aprova incorpora\u00e7\u00e3o da BRF pela Marfrig"},"content":{"rendered":"<\/p>\n<p><a class=\"\" href=\"https:\/\/agenciabrasil.ebc.com.br\/economia\/noticia\/2025-09\/cade-aprova-incorporacao-da-brf-pela-marfrig\"><br \/>\n                    <img decoding=\"async\" src=\"https:\/\/cdn.jsdelivr.net\/gh\/sergiosdlima\/assets-ebc@1.0.0\/abr\/assets\/images\/logo-agenciabrasil.svg\" alt=\"Logo Ag\u00eancia Brasil\"><br \/>\n\t\t\t\t<\/a><\/p>\n<p>O <strong>Conselho Administrativo de Defesa Econ\u00f4mica (Cade)<\/strong>, autarquia vinculada ao Minist\u00e9rio da Justi\u00e7a e Seguran\u00e7a P\u00fablica, <strong>aprovou nesta sexta-feira (5), sem restri\u00e7\u00f5es, a incorpora\u00e7\u00e3o da empresa BRF pela multinacional Marfrig<\/strong>.<img decoding=\"async\" src=\"https:\/\/agenciabrasil.ebc.com.br\/ebc.png?id=1657282&#038;o=rss\"><img decoding=\"async\" src=\"https:\/\/agenciabrasil.ebc.com.br\/ebc.gif?id=1657282&#038;o=rss\"><\/p>\n<p>Segundo o Cade, <strong>a opera\u00e7\u00e3o resultar\u00e1 na incorpora\u00e7\u00e3o, pela Marfrig, de todas as a\u00e7\u00f5es da BRF que ainda n\u00e3o estavam sob seu controle. Em contrapartida, os acionistas da companhia incorporada receber\u00e3o pap\u00e9is da Marfrig.<\/strong><\/p>\n<\/p>\n<h3>Not\u00edcias relacionadas:<\/h3>\n<ul>\n<li><a href=\"https:\/\/agenciabrasil.ebc.com.br\/economia\/noticia\/2025-09\/cade-da-30-dias-para-gol-e-azul-detalharem-acordo-de-cooperacao\">Cade d\u00e1 30 dias para Gol e Azul detalharem acordo de coopera\u00e7\u00e3o.<\/a><\/li>\n<li><a href=\"https:\/\/agenciabrasil.ebc.com.br\/justica\/noticia\/2025-08\/justica-suspende-decisao-do-cade-sobre-moratoria-da-soja\">Justi\u00e7a suspende decis\u00e3o do Cade sobre Morat\u00f3ria da Soja.<\/a><\/li>\n<\/ul>\n<p><strong>Segundo a autarquia, o neg\u00f3cio n\u00e3o traz preocupa\u00e7\u00f5es concorrenciais.<\/strong> \u201cA participa\u00e7\u00e3o conjunta das empresas nos mercados com sobreposi\u00e7\u00e3o horizontal, em que ambas ofertam produtos semelhantes e concorrentes, \u00e9 inferior a 20%, percentual abaixo do patamar presumido como posi\u00e7\u00e3o dominante\u201d, disse, em nota.<\/p>\n<p>O Cade tamb\u00e9m verificou que, nos mercados verticalmente integrados, quando uma companhia atua em uma etapa da cadeia produtiva e a outra em est\u00e1gio subsequente ou anterior, a fatia de cada parte \u00e9 inferior a 30%, \u201creduzindo a possibilidade de fechamento de mercado\u201d.<\/p>\n<p><a href=\"https:\/\/www.whatsapp.com\/channel\/0029VaoRTgrInlqYLSk59B2M\" target=\"_blank\">>> Siga o canal da <strong>Ag\u00eancia Brasil <\/strong>no WhatsApp<\/a><\/p>\n<p>A Marfrig \u00e9 uma multinacional brasileira dedicada \u00e0 produ\u00e7\u00e3o de alimentos de alto valor agregado \u00e0 base de prote\u00edna animal, sobretudo bovina, como hamb\u00fargueres e outros produtos prontos para consumo. J\u00e1 a BRF, que passar\u00e1 a integrar o grupo, atua na cria\u00e7\u00e3o, produ\u00e7\u00e3o e abate de aves e su\u00ednos, al\u00e9m da industrializa\u00e7\u00e3o, comercializa\u00e7\u00e3o e distribui\u00e7\u00e3o de carnes <em>in natura<\/em>, produtos processados, massas e margarinas, entre outros.<\/p>\n","protected":false},"excerpt":{"rendered":"<p>O Conselho Administrativo de Defesa Econ\u00f4mica (Cade), autarquia vinculada ao Minist\u00e9rio da Justi\u00e7a e Seguran\u00e7a P\u00fablica, aprovou nesta sexta-feira (5), sem restri\u00e7\u00f5es, a incorpora\u00e7\u00e3o da empresa BRF pela multinacional Marfrig. Segundo o Cade, a opera\u00e7\u00e3o resultar\u00e1 na incorpora\u00e7\u00e3o, pela Marfrig, de todas as a\u00e7\u00f5es da BRF que ainda n\u00e3o estavam sob seu controle. Em contrapartida, [&hellip;]<\/p>\n","protected":false},"author":50,"featured_media":3746,"comment_status":"open","ping_status":"open","sticky":false,"template":"","format":"standard","meta":{"site-sidebar-layout":"default","site-content-layout":"","ast-site-content-layout":"","site-content-style":"default","site-sidebar-style":"default","ast-global-header-display":"","ast-banner-title-visibility":"","ast-main-header-display":"","ast-hfb-above-header-display":"","ast-hfb-below-header-display":"","ast-hfb-mobile-header-display":"","site-post-title":"","ast-breadcrumbs-content":"","ast-featured-img":"","footer-sml-layout":"","theme-transparent-header-meta":"","adv-header-id-meta":"","stick-header-meta":"","header-above-stick-meta":"","header-main-stick-meta":"","header-below-stick-meta":"","astra-migrate-meta-layouts":"default","ast-page-background-enabled":"default","ast-page-background-meta":{"desktop":{"background-color":"var(--ast-global-color-4)","background-image":"","background-repeat":"repeat","background-position":"center center","background-size":"auto","background-attachment":"scroll","background-type":"","background-media":"","overlay-type":"","overlay-color":"","overlay-opacity":"","overlay-gradient":""},"tablet":{"background-color":"","background-image":"","background-repeat":"repeat","background-position":"center center","background-size":"auto","background-attachment":"scroll","background-type":"","background-media":"","overlay-type":"","overlay-color":"","overlay-opacity":"","overlay-gradient":""},"mobile":{"background-color":"","background-image":"","background-repeat":"repeat","background-position":"center center","background-size":"auto","background-attachment":"scroll","background-type":"","background-media":"","overlay-type":"","overlay-color":"","overlay-opacity":"","overlay-gradient":""}},"ast-content-background-meta":{"desktop":{"background-color":"var(--ast-global-color-5)","background-image":"","background-repeat":"repeat","background-position":"center center","background-size":"auto","background-attachment":"scroll","background-type":"","background-media":"","overlay-type":"","overlay-color":"","overlay-opacity":"","overlay-gradient":""},"tablet":{"background-color":"var(--ast-global-color-5)","background-image":"","background-repeat":"repeat","background-position":"center center","background-size":"auto","background-attachment":"scroll","background-type":"","background-media":"","overlay-type":"","overlay-color":"","overlay-opacity":"","overlay-gradient":""},"mobile":{"background-color":"var(--ast-global-color-5)","background-image":"","background-repeat":"repeat","background-position":"center center","background-size":"auto","background-attachment":"scroll","background-type":"","background-media":"","overlay-type":"","overlay-color":"","overlay-opacity":"","overlay-gradient":""}},"footnotes":""},"categories":[126],"tags":[],"class_list":["post-3745","post","type-post","status-publish","format-standard","has-post-thumbnail","hentry","category-policial"],"_links":{"self":[{"href":"https:\/\/jornalregionalms.com.br\/index.php?rest_route=\/wp\/v2\/posts\/3745","targetHints":{"allow":["GET"]}}],"collection":[{"href":"https:\/\/jornalregionalms.com.br\/index.php?rest_route=\/wp\/v2\/posts"}],"about":[{"href":"https:\/\/jornalregionalms.com.br\/index.php?rest_route=\/wp\/v2\/types\/post"}],"author":[{"embeddable":true,"href":"https:\/\/jornalregionalms.com.br\/index.php?rest_route=\/wp\/v2\/users\/50"}],"replies":[{"embeddable":true,"href":"https:\/\/jornalregionalms.com.br\/index.php?rest_route=%2Fwp%2Fv2%2Fcomments&post=3745"}],"version-history":[{"count":0,"href":"https:\/\/jornalregionalms.com.br\/index.php?rest_route=\/wp\/v2\/posts\/3745\/revisions"}],"wp:featuredmedia":[{"embeddable":true,"href":"https:\/\/jornalregionalms.com.br\/index.php?rest_route=\/wp\/v2\/media\/3746"}],"wp:attachment":[{"href":"https:\/\/jornalregionalms.com.br\/index.php?rest_route=%2Fwp%2Fv2%2Fmedia&parent=3745"}],"wp:term":[{"taxonomy":"category","embeddable":true,"href":"https:\/\/jornalregionalms.com.br\/index.php?rest_route=%2Fwp%2Fv2%2Fcategories&post=3745"},{"taxonomy":"post_tag","embeddable":true,"href":"https:\/\/jornalregionalms.com.br\/index.php?rest_route=%2Fwp%2Fv2%2Ftags&post=3745"}],"curies":[{"name":"wp","href":"https:\/\/api.w.org\/{rel}","templated":true}]}}