{"id":3743,"date":"2025-09-06T00:39:06","date_gmt":"2025-09-06T03:39:06","guid":{"rendered":"https:\/\/jornalregionalms.com.br\/?p=3743"},"modified":"2025-09-06T00:39:06","modified_gmt":"2025-09-06T03:39:06","slug":"obra-do-tunel-santos-guaruja-deve-comecar-no-fim-do-ano-diz-ministro","status":"publish","type":"post","link":"https:\/\/jornalregionalms.com.br\/?p=3743","title":{"rendered":"Obra do t\u00fanel Santos-Guaruj\u00e1 deve come\u00e7ar no fim do ano, diz ministro"},"content":{"rendered":"<\/p>\n<p><a class=\"\" href=\"https:\/\/agenciabrasil.ebc.com.br\/economia\/noticia\/2025-09\/obra-do-tunel-santos-guaruja-deve-comecar-no-fim-do-ano-diz-ministro\"><br \/>\n                    <img decoding=\"async\" src=\"https:\/\/cdn.jsdelivr.net\/gh\/sergiosdlima\/assets-ebc@1.0.0\/abr\/assets\/images\/logo-agenciabrasil.svg\" alt=\"Logo Ag\u00eancia Brasil\"><br \/>\n\t\t\t\t<\/a><\/p>\n<p><strong>O ministro de Portos e Aeroportos, Silvio Costa Filho, disse que as obras de constru\u00e7\u00e3o do t\u00fanel que vai ligar as cidades litor\u00e2neas de Santos e Guaruj\u00e1 devem ser iniciadas no final deste ano<\/strong>.\u00a0O <a href=\"https:\/\/agenciabrasil.ebc.com.br\/economia\/noticia\/2025-09\/grupo-portugues-vence-leilao-do-tunel-santos-guaruja\" target=\"_blank\">grupo portugu\u00eas Mota-Engil\u00a0venceu nesta sexta-feira\u00a0(5) o leil\u00e3o<\/a> para a\u00a0constru\u00e7\u00e3o da obra.<img decoding=\"async\" src=\"https:\/\/agenciabrasil.ebc.com.br\/ebc.png?id=1657312&#038;o=rss\"><img decoding=\"async\" src=\"https:\/\/agenciabrasil.ebc.com.br\/ebc.gif?id=1657312&#038;o=rss\"><\/p>\n<p>Segundo o ministro, que participou do leil\u00e3o na Bolsa de Valores de S\u00e3o Paulo (B3), <strong>a\u00a0obra deve gerar cinco mil empregos diretos e \u201cmudar completamente a radiografia da mobilidade urbana na Baixada Santista\u201d.<\/strong><\/p>\n<blockquote>\n<h3>Not\u00edcias relacionadas:<\/h3>\n<ul>\n<li><a href=\"https:\/\/agenciabrasil.ebc.com.br\/economia\/noticia\/2025-09\/grupo-portugues-vence-leilao-do-tunel-santos-guaruja\">Grupo portugu\u00eas vence leil\u00e3o do t\u00fanel Santos-Guaruj\u00e1.<\/a><\/li>\n<\/ul>\n<p>\u201cComo voc\u00eas sabem, hoje o cidad\u00e3o, para sair de Santos e ir para o Guaruj\u00e1, demora entre 45 minutos a 1h15\u00a0em m\u00e9dia. E agora, com o t\u00fanel pronto, vai demorar entre 3 ou 5 minutos para fazer esse trajeto. Isso vai ampliar a log\u00edstica das opera\u00e7\u00f5es, vai fortalecer o turismo de neg\u00f3cios e o turismo de lazer\u201d, destacou o ministro.\n<\/p><\/blockquote>\n<p>Costa Filho disse que o governo federal tamb\u00e9m tem dialogado com o governo de S\u00e3o Paulo para realizar, em breve, outro leil\u00e3o destinado a obras no litoral paulista: do Porto de S\u00e3o Sebasti\u00e3o. A previs\u00e3o, conforme o ministro, \u00e9 que ocorra no primeiro trimestre de 2026.<\/p>\n<p>Durante o leil\u00e3o, autoridades dos governos federal e paulista destacaram a parceria para a constru\u00e7\u00e3o do t\u00fanel, que ter\u00e1 aporte p\u00fablico dividido\u00a0entre os entes federativos.\u00a0<\/p>\n<p>No entanto, o\u00a0vice-presidente Geraldo Alckmin criticou a proposta do governo de S\u00e3o Paulo de privatizar o Porto de Santos.<\/p>\n<p>\u201cS\u00f3 estamos aqui porque o Porto [de Santos] n\u00e3o foi privatizado, porque isso estava no programa de privatiza\u00e7\u00e3o. Mas o que est\u00e1 viabilizando [essa obra do t\u00fanel] \u00e9 a Autoridade Portu\u00e1ria, que est\u00e1 viabilizando a execu\u00e7\u00e3o important\u00edssima dessa obra com a participa\u00e7\u00e3o por parceria p\u00fablico-privada\u201d, disse Alckmin. A Autoridade Portu\u00e1ria \u00e9 um \u00f3rg\u00e3o p\u00fablico, respons\u00e1vel pela gest\u00e3o, administra\u00e7\u00e3o e fiscaliza\u00e7\u00e3o de um porto e suas opera\u00e7\u00f5es.<\/p>\n<p>O ministro M\u00e1rcio Fran\u00e7a, do Empreendedorismo, da Microempresa e da Empresa de Pequeno Porte, explicou que os recursos ser\u00e3o provenientes da pr\u00f3pria Autoridade Portu\u00e1ria, e n\u00e3o da Uni\u00e3o.\u00a0<\/p>\n<p>J\u00e1 Tarc\u00edsio de Freitas disse, sem responder \u00e0s cr\u00edticas,\u00a0que as\u00a0quest\u00f5es pol\u00edticas deveriam ser deixadas de\u00a0lado, em prol dos &#8220;interesses do cidad\u00e3o&#8221;. &#8220;Acho que a gente est\u00e1 dando um exemplo. Acho que a gente tem que celebrar mesmo no dia de hoje aquilo que est\u00e1 acontecendo&#8221;, disse, acrescentando que o projeto de constru\u00e7\u00e3o do t\u00fanel estava em estudos h\u00e1 mais de 100 anos.<\/p>\n<p>Conhecido por sempre bater o martelo com muita for\u00e7a durante os leil\u00f5es na B3, Tarc\u00edsio repetiu o gesto no\u00a0certame ocorrido hoje. Quando foi bater o martelo, Alckmin fez uma brincadeira e disse que n\u00e3o faria da mesma forma que o governador. \u201cEu, como sou anestesista, a m\u00e3o tem que ser cuidadosa, n\u00e3o pode ser na for\u00e7a\u201d, brincou, arrancando risos dos presentes.<\/p>\n<h2>Protesto de moradores<\/h2>\n<p>Durante o certame, moradores de uma comunidade de Santos fizeram um protesto do lado de fora e disseram estar preocupados com poss\u00edveis desapropria\u00e7\u00f5es para a constru\u00e7\u00e3o do t\u00fanel.<\/p>\n<p>Sobre o tema,\u00a0o governador Tarc\u00edsio disse que o governo tem mantido di\u00e1logo com os moradores que ser\u00e3o afetados pela obra. \u201cOs moradores n\u00e3o ser\u00e3o abandonados\u201d, afirmou, ressaltando que o contrato prev\u00ea oferta de op\u00e7\u00f5es de moradia aos afetados.<\/p>\n<p>\u201cNingu\u00e9m vai ter uma casa pior, s\u00f3 vai ter uma casa igual, melhor, na mesma cidade, isso est\u00e1 garantido\u201d.<\/p>\n","protected":false},"excerpt":{"rendered":"<p>O ministro de Portos e Aeroportos, Silvio Costa Filho, disse que as obras de constru\u00e7\u00e3o do t\u00fanel que vai ligar as cidades litor\u00e2neas de Santos e Guaruj\u00e1 devem ser iniciadas no final deste ano.\u00a0O grupo portugu\u00eas Mota-Engil\u00a0venceu nesta sexta-feira\u00a0(5) o leil\u00e3o para a\u00a0constru\u00e7\u00e3o da obra. Segundo o ministro, que participou do leil\u00e3o na Bolsa de [&hellip;]<\/p>\n","protected":false},"author":1,"featured_media":3744,"comment_status":"open","ping_status":"open","sticky":false,"template":"","format":"standard","meta":{"site-sidebar-layout":"default","site-content-layout":"","ast-site-content-layout":"","site-content-style":"default","site-sidebar-style":"default","ast-global-header-display":"","ast-banner-title-visibility":"","ast-main-header-display":"","ast-hfb-above-header-display":"","ast-hfb-below-header-display":"","ast-hfb-mobile-header-display":"","site-post-title":"","ast-breadcrumbs-content":"","ast-featured-img":"","footer-sml-layout":"","theme-transparent-header-meta":"","adv-header-id-meta":"","stick-header-meta":"","header-above-stick-meta":"","header-main-stick-meta":"","header-below-stick-meta":"","astra-migrate-meta-layouts":"default","ast-page-background-enabled":"default","ast-page-background-meta":{"desktop":{"background-color":"var(--ast-global-color-4)","background-image":"","background-repeat":"repeat","background-position":"center center","background-size":"auto","background-attachment":"scroll","background-type":"","background-media":"","overlay-type":"","overlay-color":"","overlay-opacity":"","overlay-gradient":""},"tablet":{"background-color":"","background-image":"","background-repeat":"repeat","background-position":"center center","background-size":"auto","background-attachment":"scroll","background-type":"","background-media":"","overlay-type":"","overlay-color":"","overlay-opacity":"","overlay-gradient":""},"mobile":{"background-color":"","background-image":"","background-repeat":"repeat","background-position":"center center","background-size":"auto","background-attachment":"scroll","background-type":"","background-media":"","overlay-type":"","overlay-color":"","overlay-opacity":"","overlay-gradient":""}},"ast-content-background-meta":{"desktop":{"background-color":"var(--ast-global-color-5)","background-image":"","background-repeat":"repeat","background-position":"center center","background-size":"auto","background-attachment":"scroll","background-type":"","background-media":"","overlay-type":"","overlay-color":"","overlay-opacity":"","overlay-gradient":""},"tablet":{"background-color":"var(--ast-global-color-5)","background-image":"","background-repeat":"repeat","background-position":"center center","background-size":"auto","background-attachment":"scroll","background-type":"","background-media":"","overlay-type":"","overlay-color":"","overlay-opacity":"","overlay-gradient":""},"mobile":{"background-color":"var(--ast-global-color-5)","background-image":"","background-repeat":"repeat","background-position":"center center","background-size":"auto","background-attachment":"scroll","background-type":"","background-media":"","overlay-type":"","overlay-color":"","overlay-opacity":"","overlay-gradient":""}},"footnotes":""},"categories":[126],"tags":[],"class_list":["post-3743","post","type-post","status-publish","format-standard","has-post-thumbnail","hentry","category-policial"],"_links":{"self":[{"href":"https:\/\/jornalregionalms.com.br\/index.php?rest_route=\/wp\/v2\/posts\/3743","targetHints":{"allow":["GET"]}}],"collection":[{"href":"https:\/\/jornalregionalms.com.br\/index.php?rest_route=\/wp\/v2\/posts"}],"about":[{"href":"https:\/\/jornalregionalms.com.br\/index.php?rest_route=\/wp\/v2\/types\/post"}],"author":[{"embeddable":true,"href":"https:\/\/jornalregionalms.com.br\/index.php?rest_route=\/wp\/v2\/users\/1"}],"replies":[{"embeddable":true,"href":"https:\/\/jornalregionalms.com.br\/index.php?rest_route=%2Fwp%2Fv2%2Fcomments&post=3743"}],"version-history":[{"count":0,"href":"https:\/\/jornalregionalms.com.br\/index.php?rest_route=\/wp\/v2\/posts\/3743\/revisions"}],"wp:featuredmedia":[{"embeddable":true,"href":"https:\/\/jornalregionalms.com.br\/index.php?rest_route=\/wp\/v2\/media\/3744"}],"wp:attachment":[{"href":"https:\/\/jornalregionalms.com.br\/index.php?rest_route=%2Fwp%2Fv2%2Fmedia&parent=3743"}],"wp:term":[{"taxonomy":"category","embeddable":true,"href":"https:\/\/jornalregionalms.com.br\/index.php?rest_route=%2Fwp%2Fv2%2Fcategories&post=3743"},{"taxonomy":"post_tag","embeddable":true,"href":"https:\/\/jornalregionalms.com.br\/index.php?rest_route=%2Fwp%2Fv2%2Ftags&post=3743"}],"curies":[{"name":"wp","href":"https:\/\/api.w.org\/{rel}","templated":true}]}}