{"id":3741,"date":"2025-09-06T00:39:04","date_gmt":"2025-09-06T03:39:04","guid":{"rendered":"https:\/\/jornalregionalms.com.br\/?p=3741"},"modified":"2025-09-06T00:39:04","modified_gmt":"2025-09-06T03:39:04","slug":"gilberto-gil-recebe-titulo-de-doutor-honoris-causa-pela-ufrgs","status":"publish","type":"post","link":"https:\/\/jornalregionalms.com.br\/?p=3741","title":{"rendered":"Gilberto Gil recebe t\u00edtulo de Doutor Honoris Causa pela UFRGS"},"content":{"rendered":"<p>Nesta sexta-feira (5), o <strong>cantor e compositor\u00a0Gilberto\u00a0Gil\u00a0recebe o t\u00edtulo de Doutor Honoris Causa<\/strong> <strong>pela Universidade Federal do Rio Grande do Sul,<\/strong> em Porto Alegre.\u00a0A decis\u00e3o considerou a trajet\u00f3ria de\u00a0Gilberto\u00a0Gil\u00a0nas atividades art\u00edsticas, pol\u00edticas e intelectuais, al\u00e9m da postura do artista em defesa da democracia.<img decoding=\"async\" src=\"https:\/\/agenciabrasil.ebc.com.br\/ebc.png?id=1657262&#038;o=rss\"><img decoding=\"async\" src=\"https:\/\/agenciabrasil.ebc.com.br\/ebc.gif?id=1657262&#038;o=rss\"><\/p>\n<p>O m\u00fasico baiano de 83 anos teve papel central no movimento da Tropic\u00e1lia ao lado de Caetano Veloso na d\u00e9cada de 1960 &#8211; num comportamento de <strong>vanguarda que desafiou o per\u00edodo mais sombrio da ditadura militar, levando o m\u00fasico \u00e0 pris\u00e3o<\/strong> e ex\u00edlio em 1968.<\/p>\n<h3><strong>Al\u00e9m do comum<\/strong><\/h3>\n<p><strong>Gilberto<\/strong>\u00a0<strong>Gil\u00a0fez da can\u00e7\u00e3o popular um ve\u00edculo para difundir protestos, inquieta\u00e7\u00f5es e reflex\u00f5es de abrang\u00eancia intelectual incomum<\/strong>, segundo o parecer da universidade.\u00a0<\/p>\n<p>Com dezenas de \u00e1lbuns gravados ao longo da carreira, e um extenso curr\u00edculo de shows no Brasil e no mundo, o m\u00fasico demonstrou por meio da poesia e de posicionamentos p\u00fablicos a defesa da democracia, da diversidade e das diferen\u00e7as.\u00a0<\/p>\n<h3><strong>Atua\u00e7\u00e3o como ministro<\/strong><\/h3>\n<p>A honraria tamb\u00e9m cita o papel de\u00a0Gilberto\u00a0Gil\u00a0como Ministro da Cultura no primeiro mandato do presidente Lula, cargo que o m\u00fasico ocupou entre 2003 e 2008. Enquanto ministro,\u00a0<strong>Gil\u00a0implementou pol\u00edticas p\u00fablicas como o Sistema Nacional de Cultura, o Vale-Cultura e a reformula\u00e7\u00e3o da Lei Rouanet<\/strong>, iniciativas que democratizaram o acesso \u00e0 cultura e que romperam com a no\u00e7\u00e3o elitizada de cultura.\u00a0<\/p>\n<p><strong>Gilberto\u00a0Gil\u00a0j\u00e1 recebeu 11 t\u00edtulos de Doutor Honoris Causa:<\/strong>\u00a0o primeiro deles em 2005 da Universidade Federal da Bahia, onde o m\u00fasico se formou em Administra\u00e7\u00e3o de Empresas em 1964.<\/p>\n<p>  <span class=\"hms hms-format-m-ss\">2:02<\/span><\/p>\n","protected":false},"excerpt":{"rendered":"<p>Nesta sexta-feira (5), o cantor e compositor\u00a0Gilberto\u00a0Gil\u00a0recebe o t\u00edtulo de Doutor Honoris Causa pela Universidade Federal do Rio Grande do Sul, em Porto Alegre.\u00a0A decis\u00e3o considerou a trajet\u00f3ria de\u00a0Gilberto\u00a0Gil\u00a0nas atividades art\u00edsticas, pol\u00edticas e intelectuais, al\u00e9m da postura do artista em defesa da democracia. O m\u00fasico baiano de 83 anos teve papel central no movimento da [&hellip;]<\/p>\n","protected":false},"author":105,"featured_media":3742,"comment_status":"open","ping_status":"open","sticky":false,"template":"","format":"standard","meta":{"site-sidebar-layout":"default","site-content-layout":"","ast-site-content-layout":"","site-content-style":"default","site-sidebar-style":"default","ast-global-header-display":"","ast-banner-title-visibility":"","ast-main-header-display":"","ast-hfb-above-header-display":"","ast-hfb-below-header-display":"","ast-hfb-mobile-header-display":"","site-post-title":"","ast-breadcrumbs-content":"","ast-featured-img":"","footer-sml-layout":"","theme-transparent-header-meta":"","adv-header-id-meta":"","stick-header-meta":"","header-above-stick-meta":"","header-main-stick-meta":"","header-below-stick-meta":"","astra-migrate-meta-layouts":"default","ast-page-background-enabled":"default","ast-page-background-meta":{"desktop":{"background-color":"var(--ast-global-color-4)","background-image":"","background-repeat":"repeat","background-position":"center center","background-size":"auto","background-attachment":"scroll","background-type":"","background-media":"","overlay-type":"","overlay-color":"","overlay-opacity":"","overlay-gradient":""},"tablet":{"background-color":"","background-image":"","background-repeat":"repeat","background-position":"center center","background-size":"auto","background-attachment":"scroll","background-type":"","background-media":"","overlay-type":"","overlay-color":"","overlay-opacity":"","overlay-gradient":""},"mobile":{"background-color":"","background-image":"","background-repeat":"repeat","background-position":"center center","background-size":"auto","background-attachment":"scroll","background-type":"","background-media":"","overlay-type":"","overlay-color":"","overlay-opacity":"","overlay-gradient":""}},"ast-content-background-meta":{"desktop":{"background-color":"var(--ast-global-color-5)","background-image":"","background-repeat":"repeat","background-position":"center center","background-size":"auto","background-attachment":"scroll","background-type":"","background-media":"","overlay-type":"","overlay-color":"","overlay-opacity":"","overlay-gradient":""},"tablet":{"background-color":"var(--ast-global-color-5)","background-image":"","background-repeat":"repeat","background-position":"center center","background-size":"auto","background-attachment":"scroll","background-type":"","background-media":"","overlay-type":"","overlay-color":"","overlay-opacity":"","overlay-gradient":""},"mobile":{"background-color":"var(--ast-global-color-5)","background-image":"","background-repeat":"repeat","background-position":"center center","background-size":"auto","background-attachment":"scroll","background-type":"","background-media":"","overlay-type":"","overlay-color":"","overlay-opacity":"","overlay-gradient":""}},"footnotes":""},"categories":[1],"tags":[],"class_list":["post-3741","post","type-post","status-publish","format-standard","has-post-thumbnail","hentry","category-sem-categoria"],"_links":{"self":[{"href":"https:\/\/jornalregionalms.com.br\/index.php?rest_route=\/wp\/v2\/posts\/3741","targetHints":{"allow":["GET"]}}],"collection":[{"href":"https:\/\/jornalregionalms.com.br\/index.php?rest_route=\/wp\/v2\/posts"}],"about":[{"href":"https:\/\/jornalregionalms.com.br\/index.php?rest_route=\/wp\/v2\/types\/post"}],"author":[{"embeddable":true,"href":"https:\/\/jornalregionalms.com.br\/index.php?rest_route=\/wp\/v2\/users\/105"}],"replies":[{"embeddable":true,"href":"https:\/\/jornalregionalms.com.br\/index.php?rest_route=%2Fwp%2Fv2%2Fcomments&post=3741"}],"version-history":[{"count":0,"href":"https:\/\/jornalregionalms.com.br\/index.php?rest_route=\/wp\/v2\/posts\/3741\/revisions"}],"wp:featuredmedia":[{"embeddable":true,"href":"https:\/\/jornalregionalms.com.br\/index.php?rest_route=\/wp\/v2\/media\/3742"}],"wp:attachment":[{"href":"https:\/\/jornalregionalms.com.br\/index.php?rest_route=%2Fwp%2Fv2%2Fmedia&parent=3741"}],"wp:term":[{"taxonomy":"category","embeddable":true,"href":"https:\/\/jornalregionalms.com.br\/index.php?rest_route=%2Fwp%2Fv2%2Fcategories&post=3741"},{"taxonomy":"post_tag","embeddable":true,"href":"https:\/\/jornalregionalms.com.br\/index.php?rest_route=%2Fwp%2Fv2%2Ftags&post=3741"}],"curies":[{"name":"wp","href":"https:\/\/api.w.org\/{rel}","templated":true}]}}