{"id":3737,"date":"2025-09-06T00:39:01","date_gmt":"2025-09-06T03:39:01","guid":{"rendered":"https:\/\/jornalregionalms.com.br\/?p=3737"},"modified":"2025-09-06T00:39:01","modified_gmt":"2025-09-06T03:39:01","slug":"brasil-esporte-estreia-domingo-na-tv-brasil-com-foco-em-vida-saudavel","status":"publish","type":"post","link":"https:\/\/jornalregionalms.com.br\/?p=3737","title":{"rendered":"Brasil Esporte estreia domingo na TV Brasil com foco em vida saud\u00e1vel"},"content":{"rendered":"<\/p>\n<p><a class=\"\" href=\"https:\/\/agenciabrasil.ebc.com.br\/esportes\/noticia\/2025-09\/brasil-esporte-estreia-domingo-na-tv-brasil-com-foco-em-vida-saudavel\"><br \/>\n                    <img decoding=\"async\" src=\"https:\/\/cdn.jsdelivr.net\/gh\/sergiosdlima\/assets-ebc@1.0.0\/abr\/assets\/images\/logo-agenciabrasil.svg\" alt=\"Logo Ag\u00eancia Brasil\"><br \/>\n\t\t\t\t<\/a><\/p>\n<p>Estreia na <strong>TV Brasil <\/strong>neste domingo (7) o Brasil Esporte, um programa semanal para quem curte esportes e busca um estilo de vida saud\u00e1vel. A nova atra\u00e7\u00e3o do jornalismo esportivo ser\u00e1 uma revista eletr\u00f4nica descontra\u00edda, com espa\u00e7o para reportagens, entrevistas, debates sobre jogos de futebol e quadros especiais sobre treinamento, nutri\u00e7\u00e3o e sa\u00fade. Outros destaques ser\u00e3o o esporte paral\u00edmpico, que ser\u00e1 abordado durante todo o ano, e os esportes eletr\u00f4nicos. O Brasil Esporte vai ao ar\u00a0\u00e0s 20h30 e ter\u00e1 uma hora de dura\u00e7\u00e3o.<img decoding=\"async\" src=\"https:\/\/agenciabrasil.ebc.com.br\/ebc.png?id=1656846&#038;o=rss\"><img decoding=\"async\" src=\"https:\/\/agenciabrasil.ebc.com.br\/ebc.gif?id=1656846&#038;o=rss\"><\/p>\n<p>\u201cO programa vai mostrar atletas e competi\u00e7\u00f5es de alto rendimento, e tamb\u00e9m vai estimular a pessoa que est\u00e1 em casa a fazer atividade f\u00edsica, praticar esporte. Quem movimenta o corpo vive mais. A nossa miss\u00e3o \u00e9 torcer pelos atletas e promover a cultura do exerc\u00edcio f\u00edsico&#8221;, pontuou Paulo Roberto Garritano, gerente de esportes da Empresa Brasil de Comunica\u00e7\u00e3o (EBC).<\/p>\n<\/p>\n<h3>Not\u00edcias relacionadas:<\/h3>\n<ul>\n<li><a href=\"https:\/\/agenciabrasil.ebc.com.br\/esportes\/noticia\/2025-09\/yago-dora-e-campeao-mundial-de-surfe-profissional\">Yago Dora \u00e9 campe\u00e3o mundial de surfe profissional.<\/a><\/li>\n<li><a href=\"https:\/\/agenciabrasil.ebc.com.br\/esportes\/noticia\/2025-09\/brasil-e-campeao-da-americup-de-basquete-apos16-anos-de-jejum\">Brasil \u00e9 campe\u00e3o da AmeriCup de basquete ap\u00f3s 16 anos de jejum.<\/a><\/li>\n<li><a href=\"https:\/\/agenciabrasil.ebc.com.br\/esportes\/noticia\/2025-08\/lauro-chaman-leva-o-tricampeonato-mundial-de-paraciclismo-na-belgica\">Lauro Chaman leva tricampeonato Mundial de Paraciclismo na B\u00e9lgica.<\/a><\/li>\n<\/ul>\n<p>Durante o Brasil Esporte, o p\u00fablico poder\u00e1 conferir dicas sobre como incorporar a atividade f\u00edsica e funcional na rotina di\u00e1ria. O programa tamb\u00e9m ter\u00e1 entrevistas com atletas, t\u00e9cnicos e demais profissionais envolvidos com modalidades esportivas.<\/p>\n<p>\u201cEstamos acostumados a ver o produto final do esporte, com foco no resultado do atleta, mas nos esquecemos que h\u00e1 m\u00e9dicos, fisioterapeutas, preparadores f\u00edsicos, psic\u00f3logos, jornalistas, historiadores. Todos com influ\u00eancia direta no esporte. E al\u00e9m do atleta de alto rendimento, o esporte \u00e9 o caminho para a educa\u00e7\u00e3o, forma\u00e7\u00e3o de profissionais. O esporte merece ser discutido com a dimens\u00e3o que ele representa no nosso pa\u00eds, e \u00e9 a partir disso que vamos nos debru\u00e7ar aos domingos\u201d, adiantou Maur\u00edcio Costa, que revezar\u00e1 a apresenta\u00e7\u00e3o do programa com Mar\u00edlia Arrigoni.<\/p>\n<p><a href=\"https:\/\/www.instagram.com\/agencia.brasil\" target=\"_blank\">>> Siga o perfil da <strong>Ag\u00eancia Brasil <\/strong>no Instagram<\/a><\/p>\n<h2>Edi\u00e7\u00e3o de estreia no domingo (7)<\/h2>\n<p>O primeiro Brasil Esporte incluir\u00e1 tr\u00eas quadros especiais. &#8220;Que treta \u00e9 essa&#8221; ser\u00e1 um deles, com um debate bem humorado sobre os principais assuntos\u00a0da semana. J\u00e1 o &#8220;Bola Laranja&#8221; abordar\u00e1 as novidades do basquete no Brasil e no mundo, com o rep\u00f3rter Igor Santos. O terceiro quadro ser\u00e1 o &#8220;Eficientes&#8221; que mostrara o dia a dia do esporte paral\u00edmpico no pa\u00eds com o rep\u00f3rter Lincoln Chaves.\u00a0<\/p>\n<p>O programa de estreia vai abordar o aumento alarmante do excesso de peso ou obesidade entre crian\u00e7as entre cinco e nove anos no pa\u00eds. Atualmente, 14,2% das crian\u00e7as brasileiras com menos de cinco anos de idade \u2013 tr\u00eas em cada 10 &#8211; t\u00eam excesso de peso ou obesidade, quase o triplo da m\u00e9dia global (5,6%). Entre os adolescentes a taxa \u00e9 ainda mais gritante: 33% est\u00e3o com excesso de peso, o equivalente a um ter\u00e7o dos adolescentes brasileiros, quando a m\u00e9dia mundial \u00e9 de 18,2%. Os dados constam do levantamento de 2023 do Sistema de Vigil\u00e2ncia Alimentar e Nutricional (Sisvan), do Minist\u00e9rio da Sa\u00fade.<\/p>\n<p>Os \u00edndices crescentes de sobrepeso no Brasil e no mundo preocupam os profissionais de sa\u00fade, j\u00e1 que a obesidade infantil est\u00e1 relacionada com o risco aumentado de hipertens\u00e3o arterial, diabetes tipo 2, doen\u00e7as cardiovasculares, c\u00e2ncer e outras doen\u00e7as cr\u00f4nicas na vida adulta. A Organiza\u00e7\u00e3o Mundial de Sa\u00fade (OMS) projeta para 2035 um total de 75 milh\u00f5es de crian\u00e7as com obesidade em todo o mundo.<\/p>\n<p>O tema ser\u00e1 debatido ao vivo no Brasil Esporte com a\u00a0endocrinologista Ana Carolina Nader, especializada\u00a0em obesidade infantil, e o mestre em artes marciais Felipe Trope\u00e7o.\u00a0<\/p>\n<p>&#8220;O programa vai al\u00e9m das competi\u00e7\u00f5es e resultados, ser\u00e1 um programa com um abordagem muito maior. Sempre girando ao redor do esporte vamos falar de sa\u00fade, estimulo \u00e0 atividade f\u00edsica, lan\u00e7amentos de filmes e livros. \u00c9 fun\u00e7\u00e3o da comunica\u00e7\u00e3o p\u00fablica expandir esse conhecimento. O mundo esportivo \u00e9 gigante&#8221;, concluiu\u00a0Andr\u00e9\u00a0Basbaum, presidente da\u00a0Empresa Brasil de Comunica\u00e7\u00e3o\u00a0(EBC), que faz a gest\u00e3o da\u00a0TV Brasil.<\/p>\n","protected":false},"excerpt":{"rendered":"<p>Estreia na TV Brasil neste domingo (7) o Brasil Esporte, um programa semanal para quem curte esportes e busca um estilo de vida saud\u00e1vel. A nova atra\u00e7\u00e3o do jornalismo esportivo ser\u00e1 uma revista eletr\u00f4nica descontra\u00edda, com espa\u00e7o para reportagens, entrevistas, debates sobre jogos de futebol e quadros especiais sobre treinamento, nutri\u00e7\u00e3o e sa\u00fade. Outros destaques [&hellip;]<\/p>\n","protected":false},"author":15,"featured_media":3738,"comment_status":"open","ping_status":"open","sticky":false,"template":"","format":"standard","meta":{"site-sidebar-layout":"default","site-content-layout":"","ast-site-content-layout":"","site-content-style":"default","site-sidebar-style":"default","ast-global-header-display":"","ast-banner-title-visibility":"","ast-main-header-display":"","ast-hfb-above-header-display":"","ast-hfb-below-header-display":"","ast-hfb-mobile-header-display":"","site-post-title":"","ast-breadcrumbs-content":"","ast-featured-img":"","footer-sml-layout":"","theme-transparent-header-meta":"","adv-header-id-meta":"","stick-header-meta":"","header-above-stick-meta":"","header-main-stick-meta":"","header-below-stick-meta":"","astra-migrate-meta-layouts":"default","ast-page-background-enabled":"default","ast-page-background-meta":{"desktop":{"background-color":"var(--ast-global-color-4)","background-image":"","background-repeat":"repeat","background-position":"center center","background-size":"auto","background-attachment":"scroll","background-type":"","background-media":"","overlay-type":"","overlay-color":"","overlay-opacity":"","overlay-gradient":""},"tablet":{"background-color":"","background-image":"","background-repeat":"repeat","background-position":"center center","background-size":"auto","background-attachment":"scroll","background-type":"","background-media":"","overlay-type":"","overlay-color":"","overlay-opacity":"","overlay-gradient":""},"mobile":{"background-color":"","background-image":"","background-repeat":"repeat","background-position":"center center","background-size":"auto","background-attachment":"scroll","background-type":"","background-media":"","overlay-type":"","overlay-color":"","overlay-opacity":"","overlay-gradient":""}},"ast-content-background-meta":{"desktop":{"background-color":"var(--ast-global-color-5)","background-image":"","background-repeat":"repeat","background-position":"center center","background-size":"auto","background-attachment":"scroll","background-type":"","background-media":"","overlay-type":"","overlay-color":"","overlay-opacity":"","overlay-gradient":""},"tablet":{"background-color":"var(--ast-global-color-5)","background-image":"","background-repeat":"repeat","background-position":"center center","background-size":"auto","background-attachment":"scroll","background-type":"","background-media":"","overlay-type":"","overlay-color":"","overlay-opacity":"","overlay-gradient":""},"mobile":{"background-color":"var(--ast-global-color-5)","background-image":"","background-repeat":"repeat","background-position":"center center","background-size":"auto","background-attachment":"scroll","background-type":"","background-media":"","overlay-type":"","overlay-color":"","overlay-opacity":"","overlay-gradient":""}},"footnotes":""},"categories":[1],"tags":[],"class_list":["post-3737","post","type-post","status-publish","format-standard","has-post-thumbnail","hentry","category-sem-categoria"],"_links":{"self":[{"href":"https:\/\/jornalregionalms.com.br\/index.php?rest_route=\/wp\/v2\/posts\/3737","targetHints":{"allow":["GET"]}}],"collection":[{"href":"https:\/\/jornalregionalms.com.br\/index.php?rest_route=\/wp\/v2\/posts"}],"about":[{"href":"https:\/\/jornalregionalms.com.br\/index.php?rest_route=\/wp\/v2\/types\/post"}],"author":[{"embeddable":true,"href":"https:\/\/jornalregionalms.com.br\/index.php?rest_route=\/wp\/v2\/users\/15"}],"replies":[{"embeddable":true,"href":"https:\/\/jornalregionalms.com.br\/index.php?rest_route=%2Fwp%2Fv2%2Fcomments&post=3737"}],"version-history":[{"count":0,"href":"https:\/\/jornalregionalms.com.br\/index.php?rest_route=\/wp\/v2\/posts\/3737\/revisions"}],"wp:featuredmedia":[{"embeddable":true,"href":"https:\/\/jornalregionalms.com.br\/index.php?rest_route=\/wp\/v2\/media\/3738"}],"wp:attachment":[{"href":"https:\/\/jornalregionalms.com.br\/index.php?rest_route=%2Fwp%2Fv2%2Fmedia&parent=3737"}],"wp:term":[{"taxonomy":"category","embeddable":true,"href":"https:\/\/jornalregionalms.com.br\/index.php?rest_route=%2Fwp%2Fv2%2Fcategories&post=3737"},{"taxonomy":"post_tag","embeddable":true,"href":"https:\/\/jornalregionalms.com.br\/index.php?rest_route=%2Fwp%2Fv2%2Ftags&post=3737"}],"curies":[{"name":"wp","href":"https:\/\/api.w.org\/{rel}","templated":true}]}}