{"id":3733,"date":"2025-09-05T12:32:39","date_gmt":"2025-09-05T15:32:39","guid":{"rendered":"https:\/\/jornalregionalms.com.br\/?p=3733"},"modified":"2025-09-05T12:32:39","modified_gmt":"2025-09-05T15:32:39","slug":"veiculos-da-ebc-transmitem-desfile-civico-militar-do-7-de-setembro","status":"publish","type":"post","link":"https:\/\/jornalregionalms.com.br\/?p=3733","title":{"rendered":"Ve\u00edculos da EBC transmitem Desfile C\u00edvico-Militar do 7 de setembro"},"content":{"rendered":"<\/p>\n<p><a class=\"\" href=\"https:\/\/agenciabrasil.ebc.com.br\/geral\/noticia\/2025-09\/veiculos-da-ebc-transmitem-desfile-civico-militar-do-7-de-setembro\"><br \/>\n                    <img decoding=\"async\" src=\"https:\/\/cdn.jsdelivr.net\/gh\/sergiosdlima\/assets-ebc@1.0.0\/abr\/assets\/images\/logo-agenciabrasil.svg\" alt=\"Logo Ag\u00eancia Brasil\"><br \/>\n\t\t\t\t<\/a><\/p>\n<p>A\u00a0<strong>Empresa Brasil de Comunica\u00e7\u00e3o (EBC)<\/strong>\u00a0prepara transmiss\u00e3o e cobertura especiais do Dia da Independ\u00eancia, neste domingo, 7 de setembro. O tradicional Desfile C\u00edvico-Militar de Bras\u00edlia (DF) ganha espa\u00e7o nos ve\u00edculos da institui\u00e7\u00e3o, levando aos lares de milh\u00f5es de brasileiros imagens, informa\u00e7\u00f5es e an\u00e1lises sobre a data. O tema das celebra\u00e7\u00f5es deste ano \u00e9 \u2018Brasil Soberano\u2019. <strong>O in\u00edcio do Desfile na capital federal est\u00e1 previsto para as 9 horas.<\/strong><img decoding=\"async\" src=\"https:\/\/agenciabrasil.ebc.com.br\/ebc.png?id=1657150&#038;o=rss\"><img decoding=\"async\" src=\"https:\/\/agenciabrasil.ebc.com.br\/ebc.gif?id=1657150&#038;o=rss\"><\/p>\n<p>O diretor-presidente da\u00a0<strong>EBC<\/strong>, Andre Basbaum, destaca a relev\u00e2ncia da iniciativa: \u201cPara a\u00a0<strong>EBC<\/strong>, o 7 de Setembro equivale a uma Copa do Mundo. \u00c9 um momento de mobiliza\u00e7\u00e3o total, em que tradi\u00e7\u00e3o, expertise, carinho e vontade se unem para entregar uma cobertura \u00e0 altura da celebra\u00e7\u00e3o da nossa soberania&#8221;.<\/p>\n<\/p>\n<h3>Not\u00edcias relacionadas:<\/h3>\n<ul>\n<li><a href=\"https:\/\/agenciabrasil.ebc.com.br\/geral\/noticia\/2025-08\/ebc-participa-da-construcao-da-tv-30-e-celebra-assinatura-de-decreto\">EBC participa da constru\u00e7\u00e3o da TV 3.0 e celebra assinatura de decreto.<\/a><\/li>\n<li><a href=\"https:\/\/agenciabrasil.ebc.com.br\/esportes\/noticia\/2025-09\/confut-tv-brasil-participa-de-grande-forum-sobre-mercado-de-futebol\">Confut: TV Brasil participa de grande f\u00f3rum sobre mercado de futebol.<\/a><\/li>\n<li><a href=\"https:\/\/agenciabrasil.ebc.com.br\/geral\/noticia\/2025-08\/parceria-entre-ebc-e-ufes-retoma-radio-fm-em-vitoria\">Parceria entre EBC e UFES retoma R\u00e1dio FM em Vit\u00f3ria.<\/a><\/li>\n<\/ul>\n<p>Basbaum lembra que a empresa refor\u00e7a o papel essencial da comunica\u00e7\u00e3o p\u00fablica na valoriza\u00e7\u00e3o da identidade nacional, alinhando-se ao tema do evento, \u2018Brasil Soberano\u2019.<\/p>\n<blockquote>\n<p>&#8220;A cobertura do 7 de Setembro \u00e9 um marco no calend\u00e1rio da <strong>EBC<\/strong> e manteremos o padr\u00e3o de excel\u00eancia que o p\u00fablico j\u00e1 conhece, oferecendo uma transmiss\u00e3o ampla, informativa e acess\u00edvel a todos os brasileiros e em diferentes canais\u201d, completa.<\/p>\n<\/blockquote>\n<p>&#8220;Este ano, o 7 de Setembro ainda tem um diferencial, que \u00e9 o de reafirmar a soberania do pa\u00eds e a for\u00e7a de suas institui\u00e7\u00f5es democr\u00e1ticas. E a transmiss\u00e3o da <strong>EBC<\/strong> vai corresponder a este momento, trazendo detalhes de cada eixo que ser\u00e3o tratados no desfile&#8221;, complementa o diretor-geral da <strong>EBC<\/strong>, Br\u00e1ulio Ribeiro.<\/p>\n<p><a href=\"https:\/\/www.whatsapp.com\/channel\/0029VaoRTgrInlqYLSk59B2M\" target=\"_blank\">>> Siga o canal da <strong>Ag\u00eancia Brasil <\/strong>no WhatsApp<\/a><\/p>\n<div class=\"dnd-widget-wrapper context-cheio_8colunas type-image\">\n<div class=\"dnd-atom-rendered\"><!-- scald=398492:cheio_8colunas --><br \/>\n            <img decoding=\"async\" src=\"https:\/\/agenciabrasil.ebc.com.br\/sites\/default\/files\/thumbnails\/image\/loading_v2.gif\" data-echo=\"https:\/\/imagens.ebc.com.br\/kQyBi2uObG8VEkgnl5YIR4Larm8=\/754x0\/smart\/https:\/\/agenciabrasil.ebc.com.br\/sites\/default\/files\/thumbnails\/image\/2024\/09\/07\/pzzb5377.jpg?itok=thZaYj7q\" alt=\"Bras\u00edlia, DF 07\/09\/2024 Presidente Luiz In\u00e1cio Lula da Silva acompanhado de diversos ministros e autoridades, participa do desfile de 7 de setembro na Esplanada dos Minist\u00e9rios  Foto: Fabio Rodrigues-Pozzebom\" title=\"Ag\u00eancia Brasil\"><br \/>\n        <noscript><img decoding=\"async\" src=\"https:\/\/imagens.ebc.com.br\/kQyBi2uObG8VEkgnl5YIR4Larm8=\/754x0\/smart\/https:\/\/agenciabrasil.ebc.com.br\/sites\/default\/files\/thumbnails\/image\/2024\/09\/07\/pzzb5377.jpg?itok=thZaYj7q\" alt=\"Bras\u00edlia, DF 07\/09\/2024 Presidente Luiz In\u00e1cio Lula da Silva acompanhado de diversos ministros e autoridades, participa do desfile de 7 de setembro na Esplanada dos Minist\u00e9rios  Foto: Fabio Rodrigues-Pozzebom\" title=\"Ag\u00eancia Brasil\"><\/noscript><br \/>\n    <!-- END scald=398492 --><\/div>\n<div class=\"dnd-caption-wrapper\">\n<h6 class=\"meta\"><!--copyright=398492-->For\u00e7as Armadas participam do Desfile de\u00a07 de setembro na Esplanada dos Minist\u00e9rios em 2024 <strong>Foto: Fabio Rodrigues-Pozzebom\/Ag\u00eancia Brasil<\/strong><!--END copyright=398492--><\/h6>\n<\/div>\n<\/div>\n<h2>Ve\u00edculos p\u00fablicos<\/h2>\n<p>A programa\u00e7\u00e3o da\u00a0<strong>TV Brasil<\/strong>\u00a0come\u00e7a logo cedo, \u00e0s 8h, com a expectativa para a cerim\u00f4nia e a chegada do p\u00fablico. Al\u00e9m de Bras\u00edlia, haver\u00e1 entradas tamb\u00e9m do Rio de Janeiro e de S\u00e3o Paulo. <strong>A transmiss\u00e3o especial do desfile come\u00e7a a partir das 9h, com especialistas comentando os s\u00edmbolos da festa e o significado hist\u00f3rico do 7 de setembro.<\/strong><\/p>\n<p>Na\u00a0<strong>R\u00e1dio Nacional<\/strong>, boletins jornal\u00edsticos ao longo do dia v\u00e3o atualizar os ouvintes sobre o andamento do Desfile. A\u00a0<strong>R\u00e1dio Nacional da Amaz\u00f4nia<\/strong>\u00a0apresenta ainda edi\u00e7\u00f5es especiais do programa <em>Natureza Viva<\/em>, \u00e0s 9h, e <em>Ponto de Encontro<\/em>, \u00e0s 10h.<\/p>\n<p>A\u00a0<strong>Ag\u00eancia Brasil<\/strong>\u00a0e a\u00a0<strong>Radioag\u00eancia Nacional<\/strong>\u00a0integram a cobertura factual direcionada ao p\u00fablico amplo e tamb\u00e9m a outros ve\u00edculos de comunica\u00e7\u00e3o que queiram aproveitar os materiais, seja em texto, foto ou \u00e1udio.<\/p>\n<h2>Rede Gov<\/h2>\n<p><strong>No\u00a0Canal Gov, a transmiss\u00e3o ter\u00e1 in\u00edcio \u00e0s 8h<\/strong>, com a apresenta\u00e7\u00e3o de um programa especial com reportagens, entradas ao vivo da Esplanada dos Minist\u00e9rios, do Rio de Janeiro e de S\u00e3o Paulo, e convidados especiais. Al\u00e9m da participa\u00e7\u00e3o do p\u00fablico via redes sociais, a emissora contar\u00e1 com representantes do governo federal e de cada uma das For\u00e7as Armadas, que v\u00e3o falar sobre os detalhes da cerim\u00f4nia.<\/p>\n<p>J\u00e1 a\u00a0<strong>R\u00e1dio Gov<\/strong>\u00a0entrar\u00e1 em rede, ao vivo. Emissoras de r\u00e1dio de todo o pa\u00eds poder\u00e3o retransmitir o desfile pelo mesmo sinal de sat\u00e9lite do programa <em>A Voz do Brasil<\/em> ou por\u00a0<em>streaming<\/em>. Para os ouvintes, a cobertura completa estar\u00e1 dispon\u00edvel no <em>player<\/em> do portal, no endere\u00e7o <a href=\"http:\/\/radiogov.ebc.com.br\/\">radiogov.ebc.com.br<\/a>.<\/p>\n<p>\u00a0<\/p>\n<div class=\"dnd-widget-wrapper context-cheio_8colunas type-image\">\n<div class=\"dnd-atom-rendered\"><!-- scald=398511:cheio_8colunas --><br \/>\n            <img decoding=\"async\" src=\"https:\/\/agenciabrasil.ebc.com.br\/sites\/default\/files\/thumbnails\/image\/loading_v2.gif\" data-echo=\"https:\/\/imagens.ebc.com.br\/APihf7FgpzU6Vg_MAtispuzMUDI=\/754x0\/smart\/https:\/\/agenciabrasil.ebc.com.br\/sites\/default\/files\/thumbnails\/image\/2024\/09\/07\/pzzb4868.jpg?itok=N9Id-LwG\" alt=\"Bras\u00edlia, DF 07\/09\/2024 Presidente Luiz In\u00e1cio Lula da Silva acompanhado de diversos ministros e autoridades, participa do desfile de 7 de setembro na Esplanada dos Minist\u00e9rios  Foto: Fabio Rodrigues-Pozzebom\" title=\"Ag\u00eancia Brasil\"><br \/>\n        <noscript><img decoding=\"async\" src=\"https:\/\/imagens.ebc.com.br\/APihf7FgpzU6Vg_MAtispuzMUDI=\/754x0\/smart\/https:\/\/agenciabrasil.ebc.com.br\/sites\/default\/files\/thumbnails\/image\/2024\/09\/07\/pzzb4868.jpg?itok=N9Id-LwG\" alt=\"Bras\u00edlia, DF 07\/09\/2024 Presidente Luiz In\u00e1cio Lula da Silva acompanhado de diversos ministros e autoridades, participa do desfile de 7 de setembro na Esplanada dos Minist\u00e9rios  Foto: Fabio Rodrigues-Pozzebom\" title=\"Ag\u00eancia Brasil\"><\/noscript><br \/>\n    <!-- END scald=398511 --><\/div>\n<div class=\"dnd-caption-wrapper\">\n<h6 class=\"meta\">Presidente Luiz In\u00e1cio Lula da Silva\u00a0participa do desfile de 7 de setembro na Esplanada dos Minist\u00e9rios em 2024 <strong>Foto: Fabio Rodrigues-Pozzebom\/Ag\u00eancia Brasil<\/strong><!--END copyright=398511--><\/h6>\n<\/div>\n<\/div>\n<h2>Redes sociais<\/h2>\n<p>As equipes de redes sociais da <strong>EBC<\/strong> estar\u00e3o com rep\u00f3rteres produzindo conte\u00fado exclusivo para os perfis do\u00a0<a href=\"https:\/\/www.instagram.com\/canalgov\"><strong>Canal Gov<\/strong><\/a>, da\u00a0<a href=\"https:\/\/www.instagram.com\/ebc\"><strong>EBC<\/strong><\/a>\u00a0e da\u00a0<a href=\"https:\/\/www.instagram.com\/agencia.brasil\/\" target=\"_blank\"><strong>Ag\u00eancia Brasil<\/strong><\/a>\u00a0no Instagram, al\u00e9m de publica\u00e7\u00f5es no TikTok do\u00a0<a href=\"https:\/\/www.tiktok.com\/@canalgov\" target=\"_blank\"><strong>Canal Gov<\/strong><\/a>\u00a0e da\u00a0<a href=\"https:\/\/www.tiktok.com\/@ebc\" target=\"_blank\"><strong>EBC<\/strong><\/a>, bem como\u00a0<em>highlights<\/em>\u00a0no X da\u00a0<a href=\"https:\/\/x.com\/tvbrasil\" target=\"_blank\"><strong>TV Brasil<\/strong><\/a>.<\/p>\n<p>Pelo Youtube da\u00a0<a href=\"https:\/\/www.youtube.com\/@tvbrasil\"><strong>TV Brasil<\/strong><\/a>\u00a0e\u00a0<a href=\"https:\/\/www.youtube.com\/@canalgov\" target=\"_blank\"><strong>Canal Gov<\/strong><\/a>, tamb\u00e9m \u00e9 poss\u00edvel assistir ao Desfile. Al\u00e9m das transmiss\u00f5es em seus ve\u00edculos, a\u00a0<strong>EBC<\/strong>\u00a0ser\u00e1 a respons\u00e1vel pela gera\u00e7\u00e3o de imagens para os demais canais de televis\u00e3o. Para garantir a qualidade e todos os detalhes da cerim\u00f4nia para os telespectadores, a cobertura conta com cerca de 22 c\u00e2meras que ser\u00e3o distribu\u00eddas ao longo do percurso.<\/p>\n","protected":false},"excerpt":{"rendered":"<p>A\u00a0Empresa Brasil de Comunica\u00e7\u00e3o (EBC)\u00a0prepara transmiss\u00e3o e cobertura especiais do Dia da Independ\u00eancia, neste domingo, 7 de setembro. O tradicional Desfile C\u00edvico-Militar de Bras\u00edlia (DF) ganha espa\u00e7o nos ve\u00edculos da institui\u00e7\u00e3o, levando aos lares de milh\u00f5es de brasileiros imagens, informa\u00e7\u00f5es e an\u00e1lises sobre a data. O tema das celebra\u00e7\u00f5es deste ano \u00e9 \u2018Brasil Soberano\u2019. O [&hellip;]<\/p>\n","protected":false},"author":62,"featured_media":3734,"comment_status":"open","ping_status":"open","sticky":false,"template":"","format":"standard","meta":{"site-sidebar-layout":"default","site-content-layout":"","ast-site-content-layout":"","site-content-style":"default","site-sidebar-style":"default","ast-global-header-display":"","ast-banner-title-visibility":"","ast-main-header-display":"","ast-hfb-above-header-display":"","ast-hfb-below-header-display":"","ast-hfb-mobile-header-display":"","site-post-title":"","ast-breadcrumbs-content":"","ast-featured-img":"","footer-sml-layout":"","theme-transparent-header-meta":"","adv-header-id-meta":"","stick-header-meta":"","header-above-stick-meta":"","header-main-stick-meta":"","header-below-stick-meta":"","astra-migrate-meta-layouts":"default","ast-page-background-enabled":"default","ast-page-background-meta":{"desktop":{"background-color":"var(--ast-global-color-4)","background-image":"","background-repeat":"repeat","background-position":"center center","background-size":"auto","background-attachment":"scroll","background-type":"","background-media":"","overlay-type":"","overlay-color":"","overlay-opacity":"","overlay-gradient":""},"tablet":{"background-color":"","background-image":"","background-repeat":"repeat","background-position":"center center","background-size":"auto","background-attachment":"scroll","background-type":"","background-media":"","overlay-type":"","overlay-color":"","overlay-opacity":"","overlay-gradient":""},"mobile":{"background-color":"","background-image":"","background-repeat":"repeat","background-position":"center center","background-size":"auto","background-attachment":"scroll","background-type":"","background-media":"","overlay-type":"","overlay-color":"","overlay-opacity":"","overlay-gradient":""}},"ast-content-background-meta":{"desktop":{"background-color":"var(--ast-global-color-5)","background-image":"","background-repeat":"repeat","background-position":"center center","background-size":"auto","background-attachment":"scroll","background-type":"","background-media":"","overlay-type":"","overlay-color":"","overlay-opacity":"","overlay-gradient":""},"tablet":{"background-color":"var(--ast-global-color-5)","background-image":"","background-repeat":"repeat","background-position":"center center","background-size":"auto","background-attachment":"scroll","background-type":"","background-media":"","overlay-type":"","overlay-color":"","overlay-opacity":"","overlay-gradient":""},"mobile":{"background-color":"var(--ast-global-color-5)","background-image":"","background-repeat":"repeat","background-position":"center center","background-size":"auto","background-attachment":"scroll","background-type":"","background-media":"","overlay-type":"","overlay-color":"","overlay-opacity":"","overlay-gradient":""}},"footnotes":""},"categories":[1],"tags":[],"class_list":["post-3733","post","type-post","status-publish","format-standard","has-post-thumbnail","hentry","category-sem-categoria"],"_links":{"self":[{"href":"https:\/\/jornalregionalms.com.br\/index.php?rest_route=\/wp\/v2\/posts\/3733","targetHints":{"allow":["GET"]}}],"collection":[{"href":"https:\/\/jornalregionalms.com.br\/index.php?rest_route=\/wp\/v2\/posts"}],"about":[{"href":"https:\/\/jornalregionalms.com.br\/index.php?rest_route=\/wp\/v2\/types\/post"}],"author":[{"embeddable":true,"href":"https:\/\/jornalregionalms.com.br\/index.php?rest_route=\/wp\/v2\/users\/62"}],"replies":[{"embeddable":true,"href":"https:\/\/jornalregionalms.com.br\/index.php?rest_route=%2Fwp%2Fv2%2Fcomments&post=3733"}],"version-history":[{"count":0,"href":"https:\/\/jornalregionalms.com.br\/index.php?rest_route=\/wp\/v2\/posts\/3733\/revisions"}],"wp:featuredmedia":[{"embeddable":true,"href":"https:\/\/jornalregionalms.com.br\/index.php?rest_route=\/wp\/v2\/media\/3734"}],"wp:attachment":[{"href":"https:\/\/jornalregionalms.com.br\/index.php?rest_route=%2Fwp%2Fv2%2Fmedia&parent=3733"}],"wp:term":[{"taxonomy":"category","embeddable":true,"href":"https:\/\/jornalregionalms.com.br\/index.php?rest_route=%2Fwp%2Fv2%2Fcategories&post=3733"},{"taxonomy":"post_tag","embeddable":true,"href":"https:\/\/jornalregionalms.com.br\/index.php?rest_route=%2Fwp%2Fv2%2Ftags&post=3733"}],"curies":[{"name":"wp","href":"https:\/\/api.w.org\/{rel}","templated":true}]}}