{"id":3257,"date":"2025-08-28T05:17:36","date_gmt":"2025-08-28T08:17:36","guid":{"rendered":"https:\/\/jornalregionalms.com.br\/?p=3257"},"modified":"2025-08-28T05:17:36","modified_gmt":"2025-08-28T08:17:36","slug":"tv-3-0-tecnologia-vai-mudar-forma-como-brasileiros-assistem-televisao","status":"publish","type":"post","link":"https:\/\/jornalregionalms.com.br\/?p=3257","title":{"rendered":"TV 3.0: tecnologia vai mudar forma como brasileiros assistem televis\u00e3o"},"content":{"rendered":"<\/p>\n<p><a class=\"\" href=\"https:\/\/agenciabrasil.ebc.com.br\/politica\/noticia\/2025-08\/nova-tecnologia-vai-mudar-forma-como-brasileiros-assistem-televisao\"><br \/>\n                    <img decoding=\"async\" src=\"https:\/\/cdn.jsdelivr.net\/gh\/sergiosdlima\/assets-ebc@1.0.0\/abr\/assets\/images\/logo-agenciabrasil.svg\" alt=\"Logo Ag\u00eancia Brasil\"><br \/>\n\t\t\t\t<\/a><\/p>\n<p>O presidente Luiz In\u00e1cio Lula da Silva assina nesta quarta-feira (27), no Pal\u00e1cio do Planalto, o decreto que regulamenta a TV 3.0, a nova gera\u00e7\u00e3o da tecnologia de televis\u00e3o aberta e gratuita brasileira. Segundo o Minist\u00e9rio das Comunica\u00e7\u00f5es, a tecnologia vai revolucionar a forma como os brasileiros assistem televis\u00e3o.<img decoding=\"async\" src=\"https:\/\/agenciabrasil.ebc.com.br\/ebc.png?id=1655966&#038;o=rss\"><img decoding=\"async\" src=\"https:\/\/agenciabrasil.ebc.com.br\/ebc.gif?id=1655966&#038;o=rss\"><\/p>\n<p><strong>&#8220;Com mais interatividade, qualidade de som, imagem superior e maior integra\u00e7\u00e3o com a internet, o novo sistema moderniza o setor e coloca o pa\u00eds na vanguarda da radiodifus\u00e3o mundial&#8221;, diz a pasta.<\/strong><\/p>\n<\/p>\n<h3>Not\u00edcias relacionadas:<\/h3>\n<ul>\n<li><a href=\"https:\/\/agenciabrasil.ebc.com.br\/geral\/noticia\/2024-04\/nova-tecnologia-de-tv-30-conectara-canais-abertos-com-internet\"> Nova tecnologia de TV 3.0 conectar\u00e1 canais abertos com a internet.<\/a><\/li>\n<li><a href=\"https:\/\/agenciabrasil.ebc.com.br\/geral\/noticia\/2024-04\/tv-30-viabilizara-servicos-por-meio-de-canais-abertos\">TV 3.0 viabilizar\u00e1 servi\u00e7os por meio de canais abertos.<\/a><\/li>\n<\/ul>\n<p>Considerada &#8220;a televis\u00e3o do futuro&#8221;, a TV 3.0 vai integrar os servi\u00e7os de internet (<em>broadband<\/em>) \u00e0 habitual transmiss\u00e3o de sons e imagens (<em>broadcast<\/em>), possibilitando o uso de aplicativos que permitir\u00e3o aos telespectadores interagir com parte da programa\u00e7\u00e3o e at\u00e9 mesmo fazer compras diretamente de seu televisor, abrindo novas possibilidades de gera\u00e7\u00e3o de receitas \u00e0s emissoras.<\/p>\n<p><a href=\"https:\/\/agenciabrasil.ebc.com.br\/geral\/noticia\/2025-08\/entenda-o-que-e-e-como-vai-funcionar-nova-tecnologia-da-tv-30\" target=\"_blank\"><strong>>>>>Entenda o que \u00e9 e como vai funcionar a tecnologia da TV 3.0<\/strong><\/a><\/p>\n<p>No ano passado, os membros do conselho deliberativo do F\u00f3rum do Sistema Brasileiro de Televis\u00e3o Digital (SBTVD), entidade respons\u00e1vel pela nova gera\u00e7\u00e3o, recomendaram ao governo federal a ado\u00e7\u00e3o do <a href=\"https:\/\/agenciabrasil.ebc.com.br\/geral\/noticia\/2024-07\/forum-recomenda-sistema-atsc-30-para-tv-digital-no-pais\" target=\"_blank\">sistema ATSC 3.0<\/a> (do ingl\u00eas, Comit\u00ea de Sistema Avan\u00e7ado de Televis\u00e3o) como padr\u00e3o t\u00e9cnico\u00a0para a evolu\u00e7\u00e3o tecnol\u00f3gica da TV digital. Isso deve\u00a0ser confirmado pelo decreto presidencial. O decreto\u00a0tamb\u00e9m deve estabelecer as novas funcionalidade, bem como um cronograma de migra\u00e7\u00e3o, que deve ser gradativo, come\u00e7ando pelas grandes cidades, como foi com a TV digital. A previs\u00e3o \u00e9 que parte da popula\u00e7\u00e3o brasileira j\u00e1 consiga desfrutar da TV 3.0 durante as transmiss\u00f5es da Copa do Mundo de 2026.<\/p>\n<blockquote>\n<p>&#8220;A televis\u00e3o aberta da era digital permitir\u00e1 mais interatividade e personaliza\u00e7\u00e3o, como vota\u00e7\u00f5es em tempo real, conte\u00fados estendidos, servi\u00e7os de governo digital, alertas de emerg\u00eancia, novos recursos de acessibilidade, publicidade e conte\u00fados personalizados, e at\u00e9 T-commerce, com compras pelo controle remoto. A TV3.0 representa mais do que uma evolu\u00e7\u00e3o tecnol\u00f3gica, ela simboliza a renova\u00e7\u00e3o de um compromisso hist\u00f3rico da radiodifus\u00e3o com a informa\u00e7\u00e3o, a cultura e a \u00e9tica&#8221;, afirma o executivo Raymundo Barros, diretor de Estrat\u00e9gia de Tecnologia da Globo e presidente do F\u00f3rum SBTVD, em entrevista \u00e0 <strong>Ag\u00eancia Brasil<\/strong>.<\/p>\n<\/blockquote>\n<p><strong>Uma das principais inova\u00e7\u00f5es da TV 3.0 \u00e9 justamente sua interface baseada em aplicativos, em que as emissoras ter\u00e3o condi\u00e7\u00f5es t\u00e9cnicas de passar a oferecer, al\u00e9m do sinal aberto j\u00e1 transmitido em tempo real, conte\u00fados adicionais sob demanda, como s\u00e9ries, jogos, programas e outras possibilidades.<\/strong><\/p>\n<p>&#8220;Isso muda a forma como o telespectador acessa a programa\u00e7\u00e3o. Em vez de &#8216;ca\u00e7ar&#8217; a TV aberta dentro do aparelho, os canais voltam a estar em posi\u00e7\u00e3o de destaque em um cat\u00e1logo de aplicativos, com \u00edcones equivalentes aos canais tradicionais. E n\u00e3o \u00e9 por isso que a troca r\u00e1pida entre canais desaparecer\u00e1: a pesquisa mostrou o quanto \u00e9 importante manter essa cultura do zapeamento e isso se traduz na troca r\u00e1pida entre os aplicativos das emissoras na TV 3.0. Esse modelo devolve visibilidade \u00e0 TV aberta nos receptores e abre espa\u00e7o para interatividade, personaliza\u00e7\u00e3o e integra\u00e7\u00e3o com servi\u00e7os internet&#8221;, destacou Marcelo Moreno, professor da Universidade Federal de Juiz de Fora (UFJF), coordenador do GT Codifica\u00e7\u00e3o de Aplica\u00e7\u00f5es do F\u00f3rum SBTVD e dos maiores especialistas em TV digital no pa\u00eds.<\/p>\n<p>\n<a href=\"https:\/\/www.whatsapp.com\/channel\/0029VaoRTgrInlqYLSk59B2M\" target=\"_blank\">>> Siga o canal da <strong>Ag\u00eancia Brasil <\/strong>no WhatsApp<\/a><\/p>\n<h2>Retomada do protagonismo<\/h2>\n<p>Professor titular do Departamento de Sistemas de Computa\u00e7\u00e3o do Centro de Inform\u00e1tica da Universidade Federal da Para\u00edba (UFPB), o engenheiro Guido Lemos, que atuou no desenvolvimento do programa Ginga, incorporado ao padr\u00e3o do Sistema Brasileiro de Televis\u00e3o Digital, avalia que a TV 3.0 pode impulsionar a retomada de relev\u00e2ncia da televis\u00e3o na oferta preferencial de conte\u00fados, que est\u00e1 sob amea\u00e7a com a emerg\u00eancia, cada vez forte, dos servi\u00e7os de m\u00eddia sob demanda (OTT, na sigla em ingl\u00eas), como os canais de <em>streaming<\/em>, diretamente instalados nos aparelhos de TV.<\/p>\n<blockquote>\n<p>&#8220;Quando voc\u00ea olha o que que t\u00e1 acontecendo nas TVs que est\u00e3o instaladas em v\u00e1rias resid\u00eancias do Brasil, principalmente o pessoal de renda mais alta, que tem acesso \u00e0 internet e consegue sustentar fluxos de v\u00eddeo nos aparelhos de televis\u00e3o,\u00a0observa que a maioria dessas TVs n\u00e3o est\u00e1\u00a0conectada\u00a0em antena de recep\u00e7\u00e3o de TV aberta&#8221;, observa.<\/p>\n<\/blockquote>\n<p><strong>Os novos aparelhos da TV 3.0 dever\u00e3o vir de f\u00e1brica com a primeira tela apresentando um cat\u00e1logo de canais de televis\u00e3o abertos, o que n\u00e3o vem ocorrendo na interface atual das SmartTVs, essas que conectam com a internet, que d\u00e3o prioridade aos aplicativos de OTT.<\/strong> &#8220;A proemin\u00eancia do \u00edcone do DTV Mais na primeira tela, do bot\u00e3o DTV Mais no controle remoto, de certa forma, \u00e9 uma reconquista do espa\u00e7o que a TV aberta perdeu na primeira tela e no controle remoto dos receptores de TV. Ent\u00e3o, com isso, esse processo de diminui\u00e7\u00e3o do n\u00famero de usu\u00e1rios pode ser revertido&#8221;, acrescenta Lemos.<\/p>\n<p>Nos \u00faltimos anos, a propor\u00e7\u00e3o de domic\u00edlios brasileiros com sinal de televis\u00e3o e com assinatura de servi\u00e7os por TV fechada tem ca\u00eddo, enquanto os <a href=\"https:\/\/agenciabrasil.ebc.com.br\/geral\/noticia\/2024-08\/presenca-de-tv-diminui-e-421-dos-lares-com-televisao-tem-streaming\" target=\"_blank\">servi\u00e7os de <em>streaming<\/em><\/a> t\u00eam aumentado, chegando a quatro de cada dez lares com televis\u00e3o.<\/p>\n<h2>Campo p\u00fablico<\/h2>\n<p><strong>No campo p\u00fablico, a TV 3.0 deve assegurar destaque para emissoras de car\u00e1ter educativo, por meio da cria\u00e7\u00e3o do que est\u00e1 sendo chamado de Plataforma Comum de Comunica\u00e7\u00e3o P\u00fablica e do chamado Governo Digital, este \u00faltimo dedicado a garantir acesso a servi\u00e7os p\u00fablicos diretamente pela televis\u00e3o, promovendo maior integra\u00e7\u00e3o entre Estado e cidad\u00e3o<\/strong>. Mesmo em localidades onde o sinal de emissoras p\u00fablicas n\u00e3o chega\u00a0por antena de radiodifus\u00e3o, a conex\u00e3o pela\u00a0internet poder\u00e1 suprir essa lacuna.<\/p>\n<blockquote>\n<p>&#8220;Haver\u00e1 uma plataforma comum que vai compor os canais da Uni\u00e3o e, com isso, todo televisor que tenha conex\u00e3o com a internet vai poder acessar o conte\u00fado dessas emissoras p\u00fablicas. Cabe destacar que mais de 50% dos televisores hoje no Brasil s\u00e3o conectados \u00e0 internet&#8221;, afirma\u00a0Carlos Neiva, vice-presidente de Rela\u00e7\u00f5es Institucionais, Rede e Tecnologia da Associa\u00e7\u00e3o Brasileira de Televis\u00f5es e R\u00e1dios Legislativas (Astral) e coordenador da Rede Legislativa de R\u00e1dio e TV da C\u00e2mara dos Deputados.<\/p>\n<\/blockquote>\n<p>&#8220;N\u00e3o ser\u00e3o mais apenas canais, mas aplicativos. E a rede legislativa ter\u00e1 seu aplicativo, a <strong>TV Brasil<\/strong>, o <strong>Canal Gov<\/strong>. E esses aplicativos ter\u00e3o n\u00e3o apenas o conte\u00fado linear [grande de programa\u00e7\u00e3o convencional], mas tamb\u00e9m o conte\u00fado por demanda, ou seja, personificado. \u00c9 a mesma experi\u00eancia, por exemplo, que voc\u00ea tem no YouTube ou numa plataforma de<em> streaming<\/em>&#8220;, acrescenta.<\/p>\n<p>Para viabilizar essa plataforma, segundo Marcelo Moreno, da UFJF, j\u00e1 est\u00e3o em andamento projetos entre academia e setor privado dedicados a criar aplicativos e ferramentas espec\u00edficas para a comunica\u00e7\u00e3o p\u00fablica, &#8220;garantindo que ela tamb\u00e9m tire proveito de funcionalidades avan\u00e7adas como personaliza\u00e7\u00e3o, interatividade e novos formatos audiovisuais&#8221;.<\/p>\n<h2>Principais desafios<\/h2>\n<p><strong>Dois desafios fundamentais da TV 3.0, no entanto, est\u00e3o relacionados aos custos de migra\u00e7\u00e3o, como licenciamento de tecnologia e aquisi\u00e7\u00e3o de transmissores, por parte das emissoras, e compra de conversores e receptores, por parte dos usu\u00e1rios<\/strong>. E tamb\u00e9m a universaliza\u00e7\u00e3o do acesso \u00e0 internet de qualidade, uma realidade ainda distante do conjunto da popula\u00e7\u00e3o.<\/p>\n<p>Segundo <a href=\"https:\/\/cetic.br\/pt\/noticia\/em-duas-decadas-proporcao-de-lares-urbanos-brasileiros-com-internet-passou-de-13-para-85-aponta-tic-domicilios-2024\/#:~:text=Segundo%20indicador%20de%20conectividade%20significativa%20criado%20pelo,no%20Brasil%20t%C3%AAm%20condi%C3%A7%C3%B5es%20satisfat%C3%B3rias%20de%20conectividade\" target=\"_blank\">indicador de conectividade significativa<\/a> criado pelo Centro Regional de Estudos para o Desenvolvimento da Sociedade da Informa\u00e7\u00e3o (Cetic.br),\u00a0que inclui fatores como custo e velocidade da conex\u00e3o, presen\u00e7a de banda larga fixa nos domic\u00edlios e acesso por m\u00faltiplos dispositivos, apenas 22% dos indiv\u00edduos com 10 anos ou mais no Brasil t\u00eam condi\u00e7\u00f5es satisfat\u00f3rias de conectividade.<\/p>\n<p><strong>Em duas d\u00e9cadas, a propor\u00e7\u00e3o de lares urbanos brasileiros com Internet passou de 13% para 85%, mostra a\u00a0TIC Domic\u00edlios 2024 &#8211; cetic.br<\/strong><\/p>\n<p>Est\u00e3o nessa situa\u00e7\u00e3o 73% dos indiv\u00edduos da classe A (mais rica), 33% dos habitantes da Regi\u00e3o Sul e 28% dos homens, mas apenas com 16% de\u00a0mulheres, 11% dos que vivem no Nordeste, e 3% dos indiv\u00edduos das classes DE (a mais pobre).<\/p>\n","protected":false},"excerpt":{"rendered":"<p>O presidente Luiz In\u00e1cio Lula da Silva assina nesta quarta-feira (27), no Pal\u00e1cio do Planalto, o decreto que regulamenta a TV 3.0, a nova gera\u00e7\u00e3o da tecnologia de televis\u00e3o aberta e gratuita brasileira. Segundo o Minist\u00e9rio das Comunica\u00e7\u00f5es, a tecnologia vai revolucionar a forma como os brasileiros assistem televis\u00e3o. &#8220;Com mais interatividade, qualidade de som, [&hellip;]<\/p>\n","protected":false},"author":3,"featured_media":3258,"comment_status":"open","ping_status":"open","sticky":false,"template":"","format":"standard","meta":{"site-sidebar-layout":"default","site-content-layout":"","ast-site-content-layout":"","site-content-style":"default","site-sidebar-style":"default","ast-global-header-display":"","ast-banner-title-visibility":"","ast-main-header-display":"","ast-hfb-above-header-display":"","ast-hfb-below-header-display":"","ast-hfb-mobile-header-display":"","site-post-title":"","ast-breadcrumbs-content":"","ast-featured-img":"","footer-sml-layout":"","theme-transparent-header-meta":"","adv-header-id-meta":"","stick-header-meta":"","header-above-stick-meta":"","header-main-stick-meta":"","header-below-stick-meta":"","astra-migrate-meta-layouts":"default","ast-page-background-enabled":"default","ast-page-background-meta":{"desktop":{"background-color":"var(--ast-global-color-4)","background-image":"","background-repeat":"repeat","background-position":"center center","background-size":"auto","background-attachment":"scroll","background-type":"","background-media":"","overlay-type":"","overlay-color":"","overlay-opacity":"","overlay-gradient":""},"tablet":{"background-color":"","background-image":"","background-repeat":"repeat","background-position":"center center","background-size":"auto","background-attachment":"scroll","background-type":"","background-media":"","overlay-type":"","overlay-color":"","overlay-opacity":"","overlay-gradient":""},"mobile":{"background-color":"","background-image":"","background-repeat":"repeat","background-position":"center center","background-size":"auto","background-attachment":"scroll","background-type":"","background-media":"","overlay-type":"","overlay-color":"","overlay-opacity":"","overlay-gradient":""}},"ast-content-background-meta":{"desktop":{"background-color":"var(--ast-global-color-5)","background-image":"","background-repeat":"repeat","background-position":"center center","background-size":"auto","background-attachment":"scroll","background-type":"","background-media":"","overlay-type":"","overlay-color":"","overlay-opacity":"","overlay-gradient":""},"tablet":{"background-color":"var(--ast-global-color-5)","background-image":"","background-repeat":"repeat","background-position":"center center","background-size":"auto","background-attachment":"scroll","background-type":"","background-media":"","overlay-type":"","overlay-color":"","overlay-opacity":"","overlay-gradient":""},"mobile":{"background-color":"var(--ast-global-color-5)","background-image":"","background-repeat":"repeat","background-position":"center center","background-size":"auto","background-attachment":"scroll","background-type":"","background-media":"","overlay-type":"","overlay-color":"","overlay-opacity":"","overlay-gradient":""}},"footnotes":""},"categories":[1],"tags":[],"class_list":["post-3257","post","type-post","status-publish","format-standard","has-post-thumbnail","hentry","category-sem-categoria"],"_links":{"self":[{"href":"https:\/\/jornalregionalms.com.br\/index.php?rest_route=\/wp\/v2\/posts\/3257","targetHints":{"allow":["GET"]}}],"collection":[{"href":"https:\/\/jornalregionalms.com.br\/index.php?rest_route=\/wp\/v2\/posts"}],"about":[{"href":"https:\/\/jornalregionalms.com.br\/index.php?rest_route=\/wp\/v2\/types\/post"}],"author":[{"embeddable":true,"href":"https:\/\/jornalregionalms.com.br\/index.php?rest_route=\/wp\/v2\/users\/3"}],"replies":[{"embeddable":true,"href":"https:\/\/jornalregionalms.com.br\/index.php?rest_route=%2Fwp%2Fv2%2Fcomments&post=3257"}],"version-history":[{"count":0,"href":"https:\/\/jornalregionalms.com.br\/index.php?rest_route=\/wp\/v2\/posts\/3257\/revisions"}],"wp:featuredmedia":[{"embeddable":true,"href":"https:\/\/jornalregionalms.com.br\/index.php?rest_route=\/wp\/v2\/media\/3258"}],"wp:attachment":[{"href":"https:\/\/jornalregionalms.com.br\/index.php?rest_route=%2Fwp%2Fv2%2Fmedia&parent=3257"}],"wp:term":[{"taxonomy":"category","embeddable":true,"href":"https:\/\/jornalregionalms.com.br\/index.php?rest_route=%2Fwp%2Fv2%2Fcategories&post=3257"},{"taxonomy":"post_tag","embeddable":true,"href":"https:\/\/jornalregionalms.com.br\/index.php?rest_route=%2Fwp%2Fv2%2Ftags&post=3257"}],"curies":[{"name":"wp","href":"https:\/\/api.w.org\/{rel}","templated":true}]}}