{"id":3247,"date":"2025-08-28T05:17:32","date_gmt":"2025-08-28T08:17:32","guid":{"rendered":"https:\/\/jornalregionalms.com.br\/?p=3247"},"modified":"2025-08-28T05:17:32","modified_gmt":"2025-08-28T08:17:32","slug":"stf-derruba-regra-militar-que-veta-casados-em-cursos-de-formacao","status":"publish","type":"post","link":"https:\/\/jornalregionalms.com.br\/?p=3247","title":{"rendered":"STF derruba regra militar que veta casados em cursos de forma\u00e7\u00e3o"},"content":{"rendered":"<\/p>\n<p><a class=\"\" href=\"https:\/\/agenciabrasil.ebc.com.br\/justica\/noticia\/2025-08\/stf-derruba-regra-militar-que-veta-casados-em-cursos-de-formacao\"><br \/>\n                    <img decoding=\"async\" src=\"https:\/\/cdn.jsdelivr.net\/gh\/sergiosdlima\/assets-ebc@1.0.0\/abr\/assets\/images\/logo-agenciabrasil.svg\" alt=\"Logo Ag\u00eancia Brasil\"><br \/>\n\t\t\t\t<\/a><\/p>\n<p><strong>Por unanimidade, o Supremo Tribunal Federal (STF) decidiu nesta ter\u00e7a-feira (27) derrubar a regra que impede o acesso de candidatos casados e com filhos aos cursos de forma\u00e7\u00e3o de oficiais e pra\u00e7as das For\u00e7as Amadas.<\/strong><img decoding=\"async\" src=\"https:\/\/agenciabrasil.ebc.com.br\/ebc.png?id=1656102&#038;o=rss\"><img decoding=\"async\" src=\"https:\/\/agenciabrasil.ebc.com.br\/ebc.gif?id=1656102&#038;o=rss\"><\/p>\n<p>A quest\u00e3o foi decidida durante o julgamento no qual <strong>a Corte julgou inconstitucional o Artigo 144-A, da <a href=\"https:\/\/www.planalto.gov.br\/ccivil_03\/leis\/l6880.htm\" target=\"_blank\">Lei 6.880\/1980 (Estatuto dos Militares)<\/a>. <\/strong>Pelo dispositivo, n\u00e3o ter filhos ou dependentes, n\u00e3o ser casado ou ter uni\u00e3o est\u00e1vel s\u00e3o condi\u00e7\u00f5es essenciais para ingresso e perman\u00eancia nos cursos que exigem regime de internato para forma\u00e7\u00e3o na carreira militar.<\/p>\n<\/p>\n<h3>Not\u00edcias relacionadas:<\/h3>\n<ul>\n<li><a href=\"https:\/\/agenciabrasil.ebc.com.br\/justica\/noticia\/2025-08\/ministros-do-stf-elogiam-reconducao-de-gonet-pgr\">Ministros do STF elogiam recondu\u00e7\u00e3o de Gonet \u00e0 PGR .<\/a><\/li>\n<li><a href=\"https:\/\/agenciabrasil.ebc.com.br\/justica\/noticia\/2025-08\/stf-impede-repatriacao-imediata-de-criancas-para-o-exterior\">STF impede repatria\u00e7\u00e3o imediata de crian\u00e7as para exterior.<\/a><\/li>\n<li><a href=\"https:\/\/agenciabrasil.ebc.com.br\/justica\/noticia\/2025-08\/desvios-de-emendas-stf-marca-para-quinta-interrogatorio-de-deputados\">Desvios de emendas: STF marca para quinta interrogat\u00f3rio de deputados .<\/a><\/li>\n<\/ul>\n<p>O caso chegou ao Supremo por meio de um recurso de um militar casado que n\u00e3o conseguiu se inscrever em um curso de forma\u00e7\u00e3o de sargentos em 2021.<\/p>\n<p>Ao analisar o caso, o relator do processo, <strong>ministro Luiz Fux, entendeu que a norma \u00e9 um &#8220;retrocesso&#8221;<\/strong>. Para o ministro, a incompatibilidade da vida pessoal do candidato com a dedica\u00e7\u00e3o exclusiva ao curso deve ser avaliada durante o desempenho do candidato, e n\u00e3o como condi\u00e7\u00e3o pr\u00e9via para ingresso no curso.<\/p>\n<p><a href=\"https:\/\/www.whatsapp.com\/channel\/0029VaoRTgrInlqYLSk59B2M\" target=\"_blank\">>> Siga o canal da <strong>Ag\u00eancia Brasil <\/strong>no WhatsApp<\/a><\/p>\n<p>&#8220;A exig\u00eancia de n\u00e3o ser casado, n\u00e3o possuir filhos, n\u00e3o ter uni\u00e3o est\u00e1vel, n\u00e3o ter pessoas para cuidar, como condi\u00e7\u00e3o restritiva para ingresso militar, n\u00e3o impossibilita o desempenho eficaz das fun\u00e7\u00f5es militares&#8221;, disse o ministro.<\/p>\n<p><strong>Fl\u00e1vio Dino\u00a0acompanhou o relator e entendeu que as restri\u00e7\u00f5es s\u00e3o inconstitucionais<\/strong>. &#8220;H\u00e1 outras profiss\u00f5es que demandam longas aus\u00eancias. Os garimpeiros da Amaz\u00f4nia brasileira ficam cinco anos fora de casa, motoristas de caminh\u00e3o ficam fora de casa quase o ano todo. N\u00e3o vejo proporcionalidade nessa restri\u00e7\u00e3o em rela\u00e7\u00e3o \u00e0 forma\u00e7\u00e3o militar&#8221;, afirmou.<\/p>\n<p>O entendimento do relator tamb\u00e9m foi seguido pelos ministros Cristiano Zanin, Andr\u00e9 Mendon\u00e7a, Nunes Marques, Alexandre de Moraes, Edson Fachin, Dias Toffoli, C\u00e1rmen L\u00facia, Gilmar Mendes e Lu\u00eds Roberto Barroso.\u00a0<\/p>\n<p><strong>A decis\u00e3o do Supremo dever\u00e1 aplicada para os novos processos seletivos que forem realizados pelas For\u00e7as Armadas.\u00a0<\/strong><br \/>\n\u00a0<\/p>\n","protected":false},"excerpt":{"rendered":"<p>Por unanimidade, o Supremo Tribunal Federal (STF) decidiu nesta ter\u00e7a-feira (27) derrubar a regra que impede o acesso de candidatos casados e com filhos aos cursos de forma\u00e7\u00e3o de oficiais e pra\u00e7as das For\u00e7as Amadas. A quest\u00e3o foi decidida durante o julgamento no qual a Corte julgou inconstitucional o Artigo 144-A, da Lei 6.880\/1980 (Estatuto [&hellip;]<\/p>\n","protected":false},"author":28,"featured_media":3248,"comment_status":"open","ping_status":"open","sticky":false,"template":"","format":"standard","meta":{"site-sidebar-layout":"default","site-content-layout":"","ast-site-content-layout":"","site-content-style":"default","site-sidebar-style":"default","ast-global-header-display":"","ast-banner-title-visibility":"","ast-main-header-display":"","ast-hfb-above-header-display":"","ast-hfb-below-header-display":"","ast-hfb-mobile-header-display":"","site-post-title":"","ast-breadcrumbs-content":"","ast-featured-img":"","footer-sml-layout":"","theme-transparent-header-meta":"","adv-header-id-meta":"","stick-header-meta":"","header-above-stick-meta":"","header-main-stick-meta":"","header-below-stick-meta":"","astra-migrate-meta-layouts":"default","ast-page-background-enabled":"default","ast-page-background-meta":{"desktop":{"background-color":"var(--ast-global-color-4)","background-image":"","background-repeat":"repeat","background-position":"center center","background-size":"auto","background-attachment":"scroll","background-type":"","background-media":"","overlay-type":"","overlay-color":"","overlay-opacity":"","overlay-gradient":""},"tablet":{"background-color":"","background-image":"","background-repeat":"repeat","background-position":"center center","background-size":"auto","background-attachment":"scroll","background-type":"","background-media":"","overlay-type":"","overlay-color":"","overlay-opacity":"","overlay-gradient":""},"mobile":{"background-color":"","background-image":"","background-repeat":"repeat","background-position":"center center","background-size":"auto","background-attachment":"scroll","background-type":"","background-media":"","overlay-type":"","overlay-color":"","overlay-opacity":"","overlay-gradient":""}},"ast-content-background-meta":{"desktop":{"background-color":"var(--ast-global-color-5)","background-image":"","background-repeat":"repeat","background-position":"center center","background-size":"auto","background-attachment":"scroll","background-type":"","background-media":"","overlay-type":"","overlay-color":"","overlay-opacity":"","overlay-gradient":""},"tablet":{"background-color":"var(--ast-global-color-5)","background-image":"","background-repeat":"repeat","background-position":"center center","background-size":"auto","background-attachment":"scroll","background-type":"","background-media":"","overlay-type":"","overlay-color":"","overlay-opacity":"","overlay-gradient":""},"mobile":{"background-color":"var(--ast-global-color-5)","background-image":"","background-repeat":"repeat","background-position":"center center","background-size":"auto","background-attachment":"scroll","background-type":"","background-media":"","overlay-type":"","overlay-color":"","overlay-opacity":"","overlay-gradient":""}},"footnotes":""},"categories":[1],"tags":[],"class_list":["post-3247","post","type-post","status-publish","format-standard","has-post-thumbnail","hentry","category-sem-categoria"],"_links":{"self":[{"href":"https:\/\/jornalregionalms.com.br\/index.php?rest_route=\/wp\/v2\/posts\/3247","targetHints":{"allow":["GET"]}}],"collection":[{"href":"https:\/\/jornalregionalms.com.br\/index.php?rest_route=\/wp\/v2\/posts"}],"about":[{"href":"https:\/\/jornalregionalms.com.br\/index.php?rest_route=\/wp\/v2\/types\/post"}],"author":[{"embeddable":true,"href":"https:\/\/jornalregionalms.com.br\/index.php?rest_route=\/wp\/v2\/users\/28"}],"replies":[{"embeddable":true,"href":"https:\/\/jornalregionalms.com.br\/index.php?rest_route=%2Fwp%2Fv2%2Fcomments&post=3247"}],"version-history":[{"count":0,"href":"https:\/\/jornalregionalms.com.br\/index.php?rest_route=\/wp\/v2\/posts\/3247\/revisions"}],"wp:featuredmedia":[{"embeddable":true,"href":"https:\/\/jornalregionalms.com.br\/index.php?rest_route=\/wp\/v2\/media\/3248"}],"wp:attachment":[{"href":"https:\/\/jornalregionalms.com.br\/index.php?rest_route=%2Fwp%2Fv2%2Fmedia&parent=3247"}],"wp:term":[{"taxonomy":"category","embeddable":true,"href":"https:\/\/jornalregionalms.com.br\/index.php?rest_route=%2Fwp%2Fv2%2Fcategories&post=3247"},{"taxonomy":"post_tag","embeddable":true,"href":"https:\/\/jornalregionalms.com.br\/index.php?rest_route=%2Fwp%2Fv2%2Ftags&post=3247"}],"curies":[{"name":"wp","href":"https:\/\/api.w.org\/{rel}","templated":true}]}}