{"id":3245,"date":"2025-08-28T05:17:28","date_gmt":"2025-08-28T08:17:28","guid":{"rendered":"https:\/\/jornalregionalms.com.br\/?p=3245"},"modified":"2025-08-28T05:17:28","modified_gmt":"2025-08-28T08:17:28","slug":"vendas-da-industria-de-maquinas-sobem-14-no-ano-ate-julho","status":"publish","type":"post","link":"https:\/\/jornalregionalms.com.br\/?p=3245","title":{"rendered":"Vendas da ind\u00fastria de m\u00e1quinas sobem 14% no ano at\u00e9 julho"},"content":{"rendered":"<\/p>\n<p><a class=\"\" href=\"https:\/\/agenciabrasil.ebc.com.br\/economia\/noticia\/2025-08\/vendas-da-industria-de-maquinas-sobem-14-no-ano-ate-julho\"><br \/>\n                    <img decoding=\"async\" src=\"https:\/\/cdn.jsdelivr.net\/gh\/sergiosdlima\/assets-ebc@1.0.0\/abr\/assets\/images\/logo-agenciabrasil.svg\" alt=\"Logo Ag\u00eancia Brasil\"><br \/>\n\t\t\t\t<\/a><\/p>\n<p><strong>A receita de vendas da ind\u00fastria de m\u00e1quinas e equipamentos atingiu R$ 174,5 bilh\u00f5es nos sete primeiros meses do ano, 13,9% acima do registrado no mesmo per\u00edodo de 2024. <\/strong>Os dados, divulgados nesta quarta-feira (27), s\u00e3o da Associa\u00e7\u00e3o Brasileira da Ind\u00fastria de M\u00e1quinas e Equipamentos (Abimaq).<img decoding=\"async\" src=\"https:\/\/agenciabrasil.ebc.com.br\/ebc.png?id=1656144&#038;o=rss\"><img decoding=\"async\" src=\"https:\/\/agenciabrasil.ebc.com.br\/ebc.gif?id=1656144&#038;o=rss\"><\/p>\n<blockquote>\n<p>\u201cNo ano ( de janeiro a julho) o setor registrou expans\u00e3o na receita, mas diminuiu a taxa de crescimento de 15,1% em junho de 2025 para 13,9% em julho de 2025. O desempenho de 2025 foi favorecido pela base de compara\u00e7\u00e3o fraca, mas tamb\u00e9m pela amplia\u00e7\u00e3o dos investimentos na agricultura e nas \u00e1reas da constru\u00e7\u00e3o civil\u201d, disse a entidade, em nota.<\/p>\n<\/blockquote>\n<h3>Not\u00edcias relacionadas:<\/h3>\n<ul>\n<li><a href=\"https:\/\/agenciabrasil.ebc.com.br\/economia\/noticia\/2025-08\/governo-anuncia-r-12-bi-de-credito-para-inovacao-da-industria-40\">Governo anuncia R$ 12 bi de cr\u00e9dito para inova\u00e7\u00e3o da ind\u00fastria 4.0.<\/a><\/li>\n<\/ul>\n<p><strong>De janeiro a julho, a receita das vendas internas do setor somou R$ 133,8\u00a0 bilh\u00f5es, 18,2% superior ao registrado no mesmo per\u00edodo do ano passado. J\u00e1 as exporta\u00e7\u00f5es do setor totalizaram US$ 7,05 bilh\u00f5es <\/strong>nos sete primeiros meses de 2025, uma queda de 4,4% na compara\u00e7\u00e3o com o mesmo per\u00edodo de 2024. No m\u00eas de julho, antes do in\u00edcio do tarifa\u00e7o estadunidense contra o Brasil, o setor exportou US$ 1,2 bilh\u00e3o, uma diminui\u00e7\u00e3o de 4,8% em rela\u00e7\u00e3o ao resultado de julho de 2024.\u00a0\u00a0<\/p>\n<blockquote>\n<p>\u201cApesar da queda, houve, entre os grupos de produtos exportados, incremento nas vendas de m\u00e1quinas agr\u00edcolas e de m\u00e1quinas para bens de consumo n\u00e3o dur\u00e1veis. O maior crescimento ocorreu nas vendas para os pa\u00edses da Am\u00e9rica do Sul e em maior escala na Argentina, Chile e Peru\u201d, destacou a Abimaq em nota.<\/p>\n<\/blockquote>\n<p>Segundo a entidade, no acumulado de 2025, houve mudan\u00e7as importantes nos principais destinos das exporta\u00e7\u00f5es brasileiras de m\u00e1quinas e equipamentos. As vendas para a Am\u00e9rica do Norte ca\u00edram 11,6%, enquanto para a Europa e para a Am\u00e9rica do Sul as exporta\u00e7\u00f5es cresceram 10,7% e 15,9%, respectivamente.<\/p>\n<p>Na Am\u00e9rica do Sul, o destaque foi a Argentina, com aumento de 52,4% nas exporta\u00e7\u00f5es brasileiras, puxado pela amplia\u00e7\u00e3o das vendas de m\u00e1quinas para agricultura (+104%) e para constru\u00e7\u00e3o civil (+87%). Para os Estados Unidos, que representam 26,1% das exporta\u00e7\u00f5es do setor em 2025, houve queda de 10,6% nas vendas, principalmente devido \u00e0 retra\u00e7\u00e3o na demanda por m\u00e1quinas para constru\u00e7\u00e3o civil (-21%).<\/p>\n<p>J\u00e1 as importa\u00e7\u00f5es mantiveram a trajet\u00f3ria de crescimento, somando US$ 18,6 bilh\u00f5es de janeiro a julho, alta de 10,5% em rela\u00e7\u00e3o a 2024.<\/p>\n<blockquote>\n<p>\u201cAs importa\u00e7\u00f5es crescentes de m\u00e1quinas e equipamentos, em praticamente todas as atividades da economia brasileira, refletem a perda de competitividade do setor. Em 2025 a participa\u00e7\u00e3o de bens importados no consumo nacional de m\u00e1quinas e equipamentos atingiu 46%\u201d, destacou a Abimaq.<\/p>\n<\/blockquote>\n<p><strong>De acordo com a entidade, os dados do setor mostram clara amplia\u00e7\u00e3o da presen\u00e7a de m\u00e1quinas importadas no mercado brasileiro, e de forma mais intensa vindas do mercado chin\u00eas.<\/strong> Em dez anos, a China quase dobrou a sua participa\u00e7\u00e3o no total de m\u00e1quinas importadas pelo Brasil (de 16,6% em 2015 para 32% em 2025).<\/p>\n","protected":false},"excerpt":{"rendered":"<p>A receita de vendas da ind\u00fastria de m\u00e1quinas e equipamentos atingiu R$ 174,5 bilh\u00f5es nos sete primeiros meses do ano, 13,9% acima do registrado no mesmo per\u00edodo de 2024. Os dados, divulgados nesta quarta-feira (27), s\u00e3o da Associa\u00e7\u00e3o Brasileira da Ind\u00fastria de M\u00e1quinas e Equipamentos (Abimaq). \u201cNo ano ( de janeiro a julho) o setor [&hellip;]<\/p>\n","protected":false},"author":50,"featured_media":3246,"comment_status":"open","ping_status":"open","sticky":false,"template":"","format":"standard","meta":{"site-sidebar-layout":"default","site-content-layout":"","ast-site-content-layout":"","site-content-style":"default","site-sidebar-style":"default","ast-global-header-display":"","ast-banner-title-visibility":"","ast-main-header-display":"","ast-hfb-above-header-display":"","ast-hfb-below-header-display":"","ast-hfb-mobile-header-display":"","site-post-title":"","ast-breadcrumbs-content":"","ast-featured-img":"","footer-sml-layout":"","theme-transparent-header-meta":"","adv-header-id-meta":"","stick-header-meta":"","header-above-stick-meta":"","header-main-stick-meta":"","header-below-stick-meta":"","astra-migrate-meta-layouts":"default","ast-page-background-enabled":"default","ast-page-background-meta":{"desktop":{"background-color":"var(--ast-global-color-4)","background-image":"","background-repeat":"repeat","background-position":"center center","background-size":"auto","background-attachment":"scroll","background-type":"","background-media":"","overlay-type":"","overlay-color":"","overlay-opacity":"","overlay-gradient":""},"tablet":{"background-color":"","background-image":"","background-repeat":"repeat","background-position":"center center","background-size":"auto","background-attachment":"scroll","background-type":"","background-media":"","overlay-type":"","overlay-color":"","overlay-opacity":"","overlay-gradient":""},"mobile":{"background-color":"","background-image":"","background-repeat":"repeat","background-position":"center center","background-size":"auto","background-attachment":"scroll","background-type":"","background-media":"","overlay-type":"","overlay-color":"","overlay-opacity":"","overlay-gradient":""}},"ast-content-background-meta":{"desktop":{"background-color":"var(--ast-global-color-5)","background-image":"","background-repeat":"repeat","background-position":"center center","background-size":"auto","background-attachment":"scroll","background-type":"","background-media":"","overlay-type":"","overlay-color":"","overlay-opacity":"","overlay-gradient":""},"tablet":{"background-color":"var(--ast-global-color-5)","background-image":"","background-repeat":"repeat","background-position":"center center","background-size":"auto","background-attachment":"scroll","background-type":"","background-media":"","overlay-type":"","overlay-color":"","overlay-opacity":"","overlay-gradient":""},"mobile":{"background-color":"var(--ast-global-color-5)","background-image":"","background-repeat":"repeat","background-position":"center center","background-size":"auto","background-attachment":"scroll","background-type":"","background-media":"","overlay-type":"","overlay-color":"","overlay-opacity":"","overlay-gradient":""}},"footnotes":""},"categories":[126],"tags":[],"class_list":["post-3245","post","type-post","status-publish","format-standard","has-post-thumbnail","hentry","category-policial"],"_links":{"self":[{"href":"https:\/\/jornalregionalms.com.br\/index.php?rest_route=\/wp\/v2\/posts\/3245","targetHints":{"allow":["GET"]}}],"collection":[{"href":"https:\/\/jornalregionalms.com.br\/index.php?rest_route=\/wp\/v2\/posts"}],"about":[{"href":"https:\/\/jornalregionalms.com.br\/index.php?rest_route=\/wp\/v2\/types\/post"}],"author":[{"embeddable":true,"href":"https:\/\/jornalregionalms.com.br\/index.php?rest_route=\/wp\/v2\/users\/50"}],"replies":[{"embeddable":true,"href":"https:\/\/jornalregionalms.com.br\/index.php?rest_route=%2Fwp%2Fv2%2Fcomments&post=3245"}],"version-history":[{"count":0,"href":"https:\/\/jornalregionalms.com.br\/index.php?rest_route=\/wp\/v2\/posts\/3245\/revisions"}],"wp:featuredmedia":[{"embeddable":true,"href":"https:\/\/jornalregionalms.com.br\/index.php?rest_route=\/wp\/v2\/media\/3246"}],"wp:attachment":[{"href":"https:\/\/jornalregionalms.com.br\/index.php?rest_route=%2Fwp%2Fv2%2Fmedia&parent=3245"}],"wp:term":[{"taxonomy":"category","embeddable":true,"href":"https:\/\/jornalregionalms.com.br\/index.php?rest_route=%2Fwp%2Fv2%2Fcategories&post=3245"},{"taxonomy":"post_tag","embeddable":true,"href":"https:\/\/jornalregionalms.com.br\/index.php?rest_route=%2Fwp%2Fv2%2Ftags&post=3245"}],"curies":[{"name":"wp","href":"https:\/\/api.w.org\/{rel}","templated":true}]}}