{"id":3243,"date":"2025-08-28T05:17:29","date_gmt":"2025-08-28T08:17:29","guid":{"rendered":"https:\/\/jornalregionalms.com.br\/?p=3243"},"modified":"2025-08-28T05:17:29","modified_gmt":"2025-08-28T08:17:29","slug":"gecex-sobretaxa-resinas-plasticas-dos-estados-unidos-e-do-canada","status":"publish","type":"post","link":"https:\/\/jornalregionalms.com.br\/?p=3243","title":{"rendered":"Gecex sobretaxa resinas pl\u00e1sticas dos Estados Unidos e do Canad\u00e1"},"content":{"rendered":"<\/p>\n<p><a class=\"\" href=\"https:\/\/agenciabrasil.ebc.com.br\/economia\/noticia\/2025-08\/gecex-sobretaxa-resinas-plasticas-dos-estados-unidos-e-do-canada\"><br \/>\n                    <img decoding=\"async\" src=\"https:\/\/cdn.jsdelivr.net\/gh\/sergiosdlima\/assets-ebc@1.0.0\/abr\/assets\/images\/logo-agenciabrasil.svg\" alt=\"Logo Ag\u00eancia Brasil\"><br \/>\n\t\t\t\t<\/a><\/p>\n<p><strong>Em meio \u00e0 guerra comercial com os Estados Unidos, o Brasil decidiu aplicar uma cobran\u00e7a provis\u00f3ria por seis meses sobre a importa\u00e7\u00e3o de resinas de polietileno (tipo de pl\u00e1stico) dos Estados Unidos e do Canad\u00e1. <\/strong>A decis\u00e3o foi tomada nesta quarta-feira (27) pelo Comit\u00ea Executivo de Gest\u00e3o da C\u00e2mara de Com\u00e9rcio Exterior (Gecex\/Camex).<img decoding=\"async\" src=\"https:\/\/agenciabrasil.ebc.com.br\/ebc.png?id=1656145&#038;o=rss\"><img decoding=\"async\" src=\"https:\/\/agenciabrasil.ebc.com.br\/ebc.gif?id=1656145&#038;o=rss\"><\/p>\n<p>Entre as principais medidas est\u00e1 uma cobran\u00e7a provis\u00f3ria contra a importa\u00e7\u00e3o de resinas de polietileno (tipo de pl\u00e1stico) dos Estados Unidos e do Canad\u00e1, v\u00e1lida por at\u00e9 seis meses. Tamb\u00e9m foi definida a aplica\u00e7\u00e3o de tarifas antidumping &#8211;\u00a0sobretaxas usadas para evitar concorr\u00eancia desleal \u2014 sobre folhas met\u00e1licas de a\u00e7o carbono da China e sobre fibras de poli\u00e9ster de quatro pa\u00edses asi\u00e1ticos: China, \u00cdndia, Tail\u00e2ndia e Vietn\u00e3.<\/p>\n<\/p>\n<h3>Not\u00edcias relacionadas:<\/h3>\n<ul>\n<li><a href=\"https:\/\/agenciabrasil.ebc.com.br\/internacional\/noticia\/2025-08\/alckmin-tarifaco-de-trump-afeta-33-das-exportacoes-brasileiras\">Alckmin: tarifa\u00e7o de Trump afeta 3,3% das exporta\u00e7\u00f5es brasileiras.<\/a><\/li>\n<\/ul>\n<p><strong>Apesar das tens\u00f5es com o governo estadunidense, o Minist\u00e9rio do Desenvolvimento, Ind\u00fastria, Com\u00e9rcio e Servi\u00e7os (Mdic) informou que a medida n\u00e3o tem rela\u00e7\u00e3o<a href=\"https:\/\/agenciabrasil.ebc.com.br\/economia\/noticia\/2025-08\/tarifaco-sobre-parte-das-exportacoes-brasileiras-entra-em-vigor-hoje\"> com a guerra comercial<\/a>. <\/strong>Segundo a pasta, respons\u00e1vel pelo Gecex\/Camex, as a\u00e7\u00f5es foram definidas ap\u00f3s investiga\u00e7\u00f5es amparadas pelas regras de com\u00e9rcio internacional, com o objetivo \u00e9 proteger a ind\u00fastria nacional de pre\u00e7os muito baixos praticados por empresas estrangeiras que podem prejudicar a produ\u00e7\u00e3o brasileira.<\/p>\n<h2>Limita\u00e7\u00e3o de res\u00edduos<\/h2>\n<p><strong>O comit\u00ea tamb\u00e9m imp\u00f4s restri\u00e7\u00f5es \u00e0 entrada de res\u00edduos s\u00f3lidos, como papel e vidro.<\/strong> O limite foi sugerido por f\u00f3runs ligados \u00e0 economia circular e por um comit\u00ea que representa catadores de materiais recicl\u00e1veis.<\/p>\n<h2>Impostos zerados<\/h2>\n<p><strong>Por outro lado, o Gecex\/Camex reduziu a zero o imposto de importa\u00e7\u00e3o de sete produtos, incluindo itens para a ind\u00fastria da sa\u00fade. <\/strong>A ideia \u00e9 facilitar o acesso a insumos importantes e diminuir custos para os consumidores. O Mdic n\u00e3o divulgou a lista desses bens.<\/p>\n<p>Tamb\u00e9m tiveram a tarifa zerada diversos equipamentos classificados como bens de capital e de tecnologia da informa\u00e7\u00e3o e comunica\u00e7\u00e3o. Por meio do mecanismo conhecido como ex-tarif\u00e1rio, essas isen\u00e7\u00f5es permitem atrair mais investimentos e ajudam a modernizar f\u00e1bricas no Brasil.<\/p>\n<h2>Plano Brasil Soberano<\/h2>\n<p>O Gecex\/Camex aprovou ainda mudan\u00e7as na Resolu\u00e7\u00e3o n\u00ba 633\/2024, que faz parte do <a href=\"https:\/\/agenciabrasil.ebc.com.br\/economia\/noticia\/2025-08\/saiba-quais-sao-medidas-do-plano-brasil-soberano\">Plano Brasil Soberano<\/a>, lan\u00e7ado na semana passada. Com a altera\u00e7\u00e3o, os financiamentos \u00e0s exporta\u00e7\u00f5es dever\u00e3o seguir as novas regras do Fundo Garantidor de Exporta\u00e7\u00f5es (FGCE), que oferece garantias em opera\u00e7\u00f5es de opera\u00e7\u00f5es de cr\u00e9dito internacional.<\/p>\n<p>O Plano Brasil Soberano foi criado para compensar empresas brasileiras afetadas pelas tarifas impostas pelos Estados Unidos \u00e0s exporta\u00e7\u00f5es nacionais.<\/p>\n","protected":false},"excerpt":{"rendered":"<p>Em meio \u00e0 guerra comercial com os Estados Unidos, o Brasil decidiu aplicar uma cobran\u00e7a provis\u00f3ria por seis meses sobre a importa\u00e7\u00e3o de resinas de polietileno (tipo de pl\u00e1stico) dos Estados Unidos e do Canad\u00e1. A decis\u00e3o foi tomada nesta quarta-feira (27) pelo Comit\u00ea Executivo de Gest\u00e3o da C\u00e2mara de Com\u00e9rcio Exterior (Gecex\/Camex). Entre as [&hellip;]<\/p>\n","protected":false},"author":68,"featured_media":3244,"comment_status":"open","ping_status":"open","sticky":false,"template":"","format":"standard","meta":{"site-sidebar-layout":"default","site-content-layout":"","ast-site-content-layout":"","site-content-style":"default","site-sidebar-style":"default","ast-global-header-display":"","ast-banner-title-visibility":"","ast-main-header-display":"","ast-hfb-above-header-display":"","ast-hfb-below-header-display":"","ast-hfb-mobile-header-display":"","site-post-title":"","ast-breadcrumbs-content":"","ast-featured-img":"","footer-sml-layout":"","theme-transparent-header-meta":"","adv-header-id-meta":"","stick-header-meta":"","header-above-stick-meta":"","header-main-stick-meta":"","header-below-stick-meta":"","astra-migrate-meta-layouts":"default","ast-page-background-enabled":"default","ast-page-background-meta":{"desktop":{"background-color":"var(--ast-global-color-4)","background-image":"","background-repeat":"repeat","background-position":"center center","background-size":"auto","background-attachment":"scroll","background-type":"","background-media":"","overlay-type":"","overlay-color":"","overlay-opacity":"","overlay-gradient":""},"tablet":{"background-color":"","background-image":"","background-repeat":"repeat","background-position":"center center","background-size":"auto","background-attachment":"scroll","background-type":"","background-media":"","overlay-type":"","overlay-color":"","overlay-opacity":"","overlay-gradient":""},"mobile":{"background-color":"","background-image":"","background-repeat":"repeat","background-position":"center center","background-size":"auto","background-attachment":"scroll","background-type":"","background-media":"","overlay-type":"","overlay-color":"","overlay-opacity":"","overlay-gradient":""}},"ast-content-background-meta":{"desktop":{"background-color":"var(--ast-global-color-5)","background-image":"","background-repeat":"repeat","background-position":"center center","background-size":"auto","background-attachment":"scroll","background-type":"","background-media":"","overlay-type":"","overlay-color":"","overlay-opacity":"","overlay-gradient":""},"tablet":{"background-color":"var(--ast-global-color-5)","background-image":"","background-repeat":"repeat","background-position":"center center","background-size":"auto","background-attachment":"scroll","background-type":"","background-media":"","overlay-type":"","overlay-color":"","overlay-opacity":"","overlay-gradient":""},"mobile":{"background-color":"var(--ast-global-color-5)","background-image":"","background-repeat":"repeat","background-position":"center center","background-size":"auto","background-attachment":"scroll","background-type":"","background-media":"","overlay-type":"","overlay-color":"","overlay-opacity":"","overlay-gradient":""}},"footnotes":""},"categories":[126],"tags":[],"class_list":["post-3243","post","type-post","status-publish","format-standard","has-post-thumbnail","hentry","category-policial"],"_links":{"self":[{"href":"https:\/\/jornalregionalms.com.br\/index.php?rest_route=\/wp\/v2\/posts\/3243","targetHints":{"allow":["GET"]}}],"collection":[{"href":"https:\/\/jornalregionalms.com.br\/index.php?rest_route=\/wp\/v2\/posts"}],"about":[{"href":"https:\/\/jornalregionalms.com.br\/index.php?rest_route=\/wp\/v2\/types\/post"}],"author":[{"embeddable":true,"href":"https:\/\/jornalregionalms.com.br\/index.php?rest_route=\/wp\/v2\/users\/68"}],"replies":[{"embeddable":true,"href":"https:\/\/jornalregionalms.com.br\/index.php?rest_route=%2Fwp%2Fv2%2Fcomments&post=3243"}],"version-history":[{"count":0,"href":"https:\/\/jornalregionalms.com.br\/index.php?rest_route=\/wp\/v2\/posts\/3243\/revisions"}],"wp:featuredmedia":[{"embeddable":true,"href":"https:\/\/jornalregionalms.com.br\/index.php?rest_route=\/wp\/v2\/media\/3244"}],"wp:attachment":[{"href":"https:\/\/jornalregionalms.com.br\/index.php?rest_route=%2Fwp%2Fv2%2Fmedia&parent=3243"}],"wp:term":[{"taxonomy":"category","embeddable":true,"href":"https:\/\/jornalregionalms.com.br\/index.php?rest_route=%2Fwp%2Fv2%2Fcategories&post=3243"},{"taxonomy":"post_tag","embeddable":true,"href":"https:\/\/jornalregionalms.com.br\/index.php?rest_route=%2Fwp%2Fv2%2Ftags&post=3243"}],"curies":[{"name":"wp","href":"https:\/\/api.w.org\/{rel}","templated":true}]}}