{"id":3241,"date":"2025-08-28T05:17:24","date_gmt":"2025-08-28T08:17:24","guid":{"rendered":"https:\/\/jornalregionalms.com.br\/?p=3241"},"modified":"2025-08-28T05:17:24","modified_gmt":"2025-08-28T08:17:24","slug":"festival-de-cinema-de-veneza-comeca-hoje-e-vai-ate-6-de-setembro","status":"publish","type":"post","link":"https:\/\/jornalregionalms.com.br\/?p=3241","title":{"rendered":"Festival de Cinema de Veneza come\u00e7a hoje e vai at\u00e9 6 de setembro"},"content":{"rendered":"<p>Come\u00e7a hoje (27) na It\u00e1lia um dos eventos de cinema mais tradicionais do mundo. O Festival de Cinema de Veneza.\u00a0O filme de abertura ser\u00e1 \u201cLa Grazia\u201d, do italiano Paolo Sorrentino, que tem em seu curr\u00edculo pr\u00eamios no Oscar, Globo de Ouro, Cannes e no pr\u00f3prio Festival de Veneza.<img decoding=\"async\" src=\"https:\/\/agenciabrasil.ebc.com.br\/ebc.png?id=1656043&#038;o=rss\"><img decoding=\"async\" src=\"https:\/\/agenciabrasil.ebc.com.br\/ebc.gif?id=1656043&#038;o=rss\"><\/p>\n<p>Outros 20\u00a0trabalhos concorrem este ano ao Le\u00e3o de Ouro, entre eles, obras dirigidas pelo mexicano Guilhermo Del Toro, a americana Kathryn Bigelow, o grego Yorgos Lanthimos e o franc\u00eas Fran\u00e7ois Ozon. Pelo menos outros dez filmes participam fora da competi\u00e7\u00e3o com exibi\u00e7\u00f5es de estreia mundial.\u00a0<\/p>\n<p>Outro destaque deste primeiro dia \u00e9 a\u00a0entrega do Le\u00e3o de Ouro honor\u00e1rio pelo conjunto da obra\u00a0para o diretor e roteirista alem\u00e3o Werner Herzog; o lend\u00e1rio diretor Francis Ford Coppola \u00e9 que far\u00e1 a entrega da honraria.<\/p>\n<p>Na quinta-feira (28), Herzog faz a estreia mundial de seu mais recente trabalho, o document\u00e1rio Ghost Elephants. A obra aborda a viagem de um ambientalista e apresentador at\u00e9 a Angola para registrar e estudar os chamados elefantes fantasmas, uma popula\u00e7\u00e3o isolada que vive em florestas africanas e que raramente \u00e9 avistada. O filme participa fora da competi\u00e7\u00e3o.<\/p>\n<p>O j\u00fari desta edi\u00e7\u00e3o ser\u00e1 presidido pelo diretor e roteirista americano Alexander Payne; que tem entre os integrantes, a atriz Fernanda Torres.\u00a0<\/p>\n<p>Eventos especiais como \u201ctapete vermelho\u201d e \u201ccoletivas de imprensa\u201d que acontecem a partir desta quarta-feira (27) poder\u00e3o ser acompanhadas pelo Youtube do Festival de Veneza no endere\u00e7o youtube.com\/biennaleChannel.<\/p>\n<p>A programa\u00e7\u00e3o do Festival de Veneza segue at\u00e9 o dia 6 de setembro, quando ser\u00e3o anunciados os vencedores.\u00a0<\/p>\n<p>  <span class=\"hms hms-format-m-ss\">1:53<\/span><\/p>\n","protected":false},"excerpt":{"rendered":"<p>Come\u00e7a hoje (27) na It\u00e1lia um dos eventos de cinema mais tradicionais do mundo. O Festival de Cinema de Veneza.\u00a0O filme de abertura ser\u00e1 \u201cLa Grazia\u201d, do italiano Paolo Sorrentino, que tem em seu curr\u00edculo pr\u00eamios no Oscar, Globo de Ouro, Cannes e no pr\u00f3prio Festival de Veneza. Outros 20\u00a0trabalhos concorrem este ano ao Le\u00e3o [&hellip;]<\/p>\n","protected":false},"author":27,"featured_media":3242,"comment_status":"open","ping_status":"open","sticky":false,"template":"","format":"standard","meta":{"site-sidebar-layout":"default","site-content-layout":"","ast-site-content-layout":"","site-content-style":"default","site-sidebar-style":"default","ast-global-header-display":"","ast-banner-title-visibility":"","ast-main-header-display":"","ast-hfb-above-header-display":"","ast-hfb-below-header-display":"","ast-hfb-mobile-header-display":"","site-post-title":"","ast-breadcrumbs-content":"","ast-featured-img":"","footer-sml-layout":"","theme-transparent-header-meta":"","adv-header-id-meta":"","stick-header-meta":"","header-above-stick-meta":"","header-main-stick-meta":"","header-below-stick-meta":"","astra-migrate-meta-layouts":"default","ast-page-background-enabled":"default","ast-page-background-meta":{"desktop":{"background-color":"var(--ast-global-color-4)","background-image":"","background-repeat":"repeat","background-position":"center center","background-size":"auto","background-attachment":"scroll","background-type":"","background-media":"","overlay-type":"","overlay-color":"","overlay-opacity":"","overlay-gradient":""},"tablet":{"background-color":"","background-image":"","background-repeat":"repeat","background-position":"center center","background-size":"auto","background-attachment":"scroll","background-type":"","background-media":"","overlay-type":"","overlay-color":"","overlay-opacity":"","overlay-gradient":""},"mobile":{"background-color":"","background-image":"","background-repeat":"repeat","background-position":"center center","background-size":"auto","background-attachment":"scroll","background-type":"","background-media":"","overlay-type":"","overlay-color":"","overlay-opacity":"","overlay-gradient":""}},"ast-content-background-meta":{"desktop":{"background-color":"var(--ast-global-color-5)","background-image":"","background-repeat":"repeat","background-position":"center center","background-size":"auto","background-attachment":"scroll","background-type":"","background-media":"","overlay-type":"","overlay-color":"","overlay-opacity":"","overlay-gradient":""},"tablet":{"background-color":"var(--ast-global-color-5)","background-image":"","background-repeat":"repeat","background-position":"center center","background-size":"auto","background-attachment":"scroll","background-type":"","background-media":"","overlay-type":"","overlay-color":"","overlay-opacity":"","overlay-gradient":""},"mobile":{"background-color":"var(--ast-global-color-5)","background-image":"","background-repeat":"repeat","background-position":"center center","background-size":"auto","background-attachment":"scroll","background-type":"","background-media":"","overlay-type":"","overlay-color":"","overlay-opacity":"","overlay-gradient":""}},"footnotes":""},"categories":[1],"tags":[],"class_list":["post-3241","post","type-post","status-publish","format-standard","has-post-thumbnail","hentry","category-sem-categoria"],"_links":{"self":[{"href":"https:\/\/jornalregionalms.com.br\/index.php?rest_route=\/wp\/v2\/posts\/3241","targetHints":{"allow":["GET"]}}],"collection":[{"href":"https:\/\/jornalregionalms.com.br\/index.php?rest_route=\/wp\/v2\/posts"}],"about":[{"href":"https:\/\/jornalregionalms.com.br\/index.php?rest_route=\/wp\/v2\/types\/post"}],"author":[{"embeddable":true,"href":"https:\/\/jornalregionalms.com.br\/index.php?rest_route=\/wp\/v2\/users\/27"}],"replies":[{"embeddable":true,"href":"https:\/\/jornalregionalms.com.br\/index.php?rest_route=%2Fwp%2Fv2%2Fcomments&post=3241"}],"version-history":[{"count":0,"href":"https:\/\/jornalregionalms.com.br\/index.php?rest_route=\/wp\/v2\/posts\/3241\/revisions"}],"wp:featuredmedia":[{"embeddable":true,"href":"https:\/\/jornalregionalms.com.br\/index.php?rest_route=\/wp\/v2\/media\/3242"}],"wp:attachment":[{"href":"https:\/\/jornalregionalms.com.br\/index.php?rest_route=%2Fwp%2Fv2%2Fmedia&parent=3241"}],"wp:term":[{"taxonomy":"category","embeddable":true,"href":"https:\/\/jornalregionalms.com.br\/index.php?rest_route=%2Fwp%2Fv2%2Fcategories&post=3241"},{"taxonomy":"post_tag","embeddable":true,"href":"https:\/\/jornalregionalms.com.br\/index.php?rest_route=%2Fwp%2Fv2%2Ftags&post=3241"}],"curies":[{"name":"wp","href":"https:\/\/api.w.org\/{rel}","templated":true}]}}