{"id":3239,"date":"2025-08-28T05:17:25","date_gmt":"2025-08-28T08:17:25","guid":{"rendered":"https:\/\/jornalregionalms.com.br\/?p=3239"},"modified":"2025-08-28T05:17:25","modified_gmt":"2025-08-28T08:17:25","slug":"minc-fara-mapeamento-de-salas-publicas-de-exibicao-cinematografica","status":"publish","type":"post","link":"https:\/\/jornalregionalms.com.br\/?p=3239","title":{"rendered":"MinC far\u00e1 mapeamento de salas p\u00fablicas de exibi\u00e7\u00e3o cinematogr\u00e1fica"},"content":{"rendered":"<p>O Minist\u00e9rio da Cultura lan\u00e7ou uma chamada p\u00fablica para o mapeamento nacional de espa\u00e7os p\u00fablicos de exibi\u00e7\u00e3o cinematogr\u00e1fica. O levantamento \u00e9 realizado em parceria com a Rede Nacional de Ensino e Pesquisa.<img decoding=\"async\" src=\"https:\/\/agenciabrasil.ebc.com.br\/ebc.png?id=1656139&#038;o=rss\"><img decoding=\"async\" src=\"https:\/\/agenciabrasil.ebc.com.br\/ebc.gif?id=1656139&#038;o=rss\"><\/p>\n<p>Gestores de espa\u00e7os em universidades, institutos federais e museus podem cadastrar seus espa\u00e7os. Administradores de locais culturais que receberam suporte da Lei Paulo Gustavo tamb\u00e9m podem participar.<\/p>\n<p>O objetivo da chamada \u00e9 dar o primeiro passo para a cria\u00e7\u00e3o da Rede de Salas P\u00fablicas de Cinema, que busca ampliar e democratizar o acesso \u00e0 produ\u00e7\u00e3o audiovisual do Brasil.<\/p>\n<p>Com o mapeamento, ser\u00e3o coletadas informa\u00e7\u00f5es sobre infraestrutura, modelo de gest\u00e3o e programa\u00e7\u00e3o desses espa\u00e7os de exibi\u00e7\u00e3o.<\/p>\n<p>O Minist\u00e9rio, por meio das informa\u00e7\u00f5es coletadas, vai poder desenvolver a\u00e7\u00f5es eficientes para a adapta\u00e7\u00e3o e moderniza\u00e7\u00e3o das salas.<\/p>\n<p>O cadastro deve ser feito at\u00e9 19 de setembro por meio de um formul\u00e1rio dispon\u00edvel no endere\u00e7o\u00a0<a href=\"http:\/\/mapa.cultura.gov.br\/\" target=\"_blank\">mapa.cultura.gov.br<\/a>.<\/p>\n<p><em>*Com supervis\u00e3o de Rafael Gasparotto<\/em><\/p>\n<p>  <span class=\"hms hms-format-m-ss\">1:09<\/span><\/p>\n","protected":false},"excerpt":{"rendered":"<p>O Minist\u00e9rio da Cultura lan\u00e7ou uma chamada p\u00fablica para o mapeamento nacional de espa\u00e7os p\u00fablicos de exibi\u00e7\u00e3o cinematogr\u00e1fica. O levantamento \u00e9 realizado em parceria com a Rede Nacional de Ensino e Pesquisa. Gestores de espa\u00e7os em universidades, institutos federais e museus podem cadastrar seus espa\u00e7os. Administradores de locais culturais que receberam suporte da Lei Paulo [&hellip;]<\/p>\n","protected":false},"author":1,"featured_media":3240,"comment_status":"open","ping_status":"open","sticky":false,"template":"","format":"standard","meta":{"site-sidebar-layout":"default","site-content-layout":"","ast-site-content-layout":"","site-content-style":"default","site-sidebar-style":"default","ast-global-header-display":"","ast-banner-title-visibility":"","ast-main-header-display":"","ast-hfb-above-header-display":"","ast-hfb-below-header-display":"","ast-hfb-mobile-header-display":"","site-post-title":"","ast-breadcrumbs-content":"","ast-featured-img":"","footer-sml-layout":"","theme-transparent-header-meta":"","adv-header-id-meta":"","stick-header-meta":"","header-above-stick-meta":"","header-main-stick-meta":"","header-below-stick-meta":"","astra-migrate-meta-layouts":"default","ast-page-background-enabled":"default","ast-page-background-meta":{"desktop":{"background-color":"var(--ast-global-color-4)","background-image":"","background-repeat":"repeat","background-position":"center center","background-size":"auto","background-attachment":"scroll","background-type":"","background-media":"","overlay-type":"","overlay-color":"","overlay-opacity":"","overlay-gradient":""},"tablet":{"background-color":"","background-image":"","background-repeat":"repeat","background-position":"center center","background-size":"auto","background-attachment":"scroll","background-type":"","background-media":"","overlay-type":"","overlay-color":"","overlay-opacity":"","overlay-gradient":""},"mobile":{"background-color":"","background-image":"","background-repeat":"repeat","background-position":"center center","background-size":"auto","background-attachment":"scroll","background-type":"","background-media":"","overlay-type":"","overlay-color":"","overlay-opacity":"","overlay-gradient":""}},"ast-content-background-meta":{"desktop":{"background-color":"var(--ast-global-color-5)","background-image":"","background-repeat":"repeat","background-position":"center center","background-size":"auto","background-attachment":"scroll","background-type":"","background-media":"","overlay-type":"","overlay-color":"","overlay-opacity":"","overlay-gradient":""},"tablet":{"background-color":"var(--ast-global-color-5)","background-image":"","background-repeat":"repeat","background-position":"center center","background-size":"auto","background-attachment":"scroll","background-type":"","background-media":"","overlay-type":"","overlay-color":"","overlay-opacity":"","overlay-gradient":""},"mobile":{"background-color":"var(--ast-global-color-5)","background-image":"","background-repeat":"repeat","background-position":"center center","background-size":"auto","background-attachment":"scroll","background-type":"","background-media":"","overlay-type":"","overlay-color":"","overlay-opacity":"","overlay-gradient":""}},"footnotes":""},"categories":[1],"tags":[],"class_list":["post-3239","post","type-post","status-publish","format-standard","has-post-thumbnail","hentry","category-sem-categoria"],"_links":{"self":[{"href":"https:\/\/jornalregionalms.com.br\/index.php?rest_route=\/wp\/v2\/posts\/3239","targetHints":{"allow":["GET"]}}],"collection":[{"href":"https:\/\/jornalregionalms.com.br\/index.php?rest_route=\/wp\/v2\/posts"}],"about":[{"href":"https:\/\/jornalregionalms.com.br\/index.php?rest_route=\/wp\/v2\/types\/post"}],"author":[{"embeddable":true,"href":"https:\/\/jornalregionalms.com.br\/index.php?rest_route=\/wp\/v2\/users\/1"}],"replies":[{"embeddable":true,"href":"https:\/\/jornalregionalms.com.br\/index.php?rest_route=%2Fwp%2Fv2%2Fcomments&post=3239"}],"version-history":[{"count":0,"href":"https:\/\/jornalregionalms.com.br\/index.php?rest_route=\/wp\/v2\/posts\/3239\/revisions"}],"wp:featuredmedia":[{"embeddable":true,"href":"https:\/\/jornalregionalms.com.br\/index.php?rest_route=\/wp\/v2\/media\/3240"}],"wp:attachment":[{"href":"https:\/\/jornalregionalms.com.br\/index.php?rest_route=%2Fwp%2Fv2%2Fmedia&parent=3239"}],"wp:term":[{"taxonomy":"category","embeddable":true,"href":"https:\/\/jornalregionalms.com.br\/index.php?rest_route=%2Fwp%2Fv2%2Fcategories&post=3239"},{"taxonomy":"post_tag","embeddable":true,"href":"https:\/\/jornalregionalms.com.br\/index.php?rest_route=%2Fwp%2Fv2%2Ftags&post=3239"}],"curies":[{"name":"wp","href":"https:\/\/api.w.org\/{rel}","templated":true}]}}