{"id":3231,"date":"2025-08-27T16:05:44","date_gmt":"2025-08-27T19:05:44","guid":{"rendered":"https:\/\/jornalregionalms.com.br\/?p=3231"},"modified":"2025-08-27T16:05:44","modified_gmt":"2025-08-27T19:05:44","slug":"entenda-o-que-e-e-como-vai-funcionar-a-nova-tecnologia-da-tv-3-0","status":"publish","type":"post","link":"https:\/\/jornalregionalms.com.br\/?p=3231","title":{"rendered":"Entenda o que \u00e9 e como vai funcionar a nova tecnologia da TV 3.0"},"content":{"rendered":"<\/p>\n<p><a class=\"\" href=\"https:\/\/agenciabrasil.ebc.com.br\/geral\/noticia\/2025-08\/entenda-o-que-e-e-como-vai-funcionar-nova-tecnologia-da-tv-30\"><br \/>\n                    <img decoding=\"async\" src=\"https:\/\/cdn.jsdelivr.net\/gh\/sergiosdlima\/assets-ebc@1.0.0\/abr\/assets\/images\/logo-agenciabrasil.svg\" alt=\"Logo Ag\u00eancia Brasil\"><br \/>\n\t\t\t\t<\/a><\/p>\n<p>O presidente Luiz In\u00e1cio Lula da Silva <a href=\"https:\/\/agenciabrasil.ebc.com.br\/politica\/noticia\/2025-08\/lula-assina-decreto-da-tv-30-novo-sistema-deve-comecar-em-2026\">assinou nesta quarta-feira<\/a> (27) o decreto de implementa\u00e7\u00e3o da TV 3.0, considerada a nova gera\u00e7\u00e3o da tecnologia de televis\u00e3o aberta e gratuita brasileira. <strong>A expectativa do governo \u00e9 de que a TV 3.0 entre no ar em junho de 2026, a tempo da pr\u00f3xima Copa do Mundo. Entenda como o modelo vai funcionar na pr\u00e1tica<\/strong>.\u00a0<img decoding=\"async\" src=\"https:\/\/agenciabrasil.ebc.com.br\/ebc.png?id=1656083&#038;o=rss\"><img decoding=\"async\" src=\"https:\/\/agenciabrasil.ebc.com.br\/ebc.gif?id=1656083&#038;o=rss\"><\/p>\n<h2>O que muda com o novo sistema?\u00a0<\/h2>\n<p>O modelo \u00e9 uma evolu\u00e7\u00e3o da atual TV digital, que teve in\u00edcio em 2007. <a href=\"https:\/\/agenciabrasil.ebc.com.br\/politica\/noticia\/2025-08\/nova-tecnologia-vai-mudar-forma-como-brasileiros-assistem-televisao\">Considerada a \u201ctelevis\u00e3o do futuro&#8221;<\/a>, a TV 3.0 vai integrar os servi\u00e7os de internet (<em>broadband<\/em>) \u00e0 habitual transmiss\u00e3o de sons e imagens (<em>broadcast<\/em>), possibilitando o uso de aplicativos que permitir\u00e3o aos telespectadores interagir com parte da programa\u00e7\u00e3o.\u00a0<\/p>\n<\/p>\n<h3>Not\u00edcias relacionadas:<\/h3>\n<ul>\n<li><a href=\"https:\/\/agenciabrasil.ebc.com.br\/politica\/noticia\/2025-08\/lula-assina-decreto-da-tv-30-novo-sistema-deve-comecar-em-2026\">Lula assina decreto da TV 3.0; novo sistema deve come\u00e7ar em 2026.<\/a><\/li>\n<li><a href=\"https:\/\/agenciabrasil.ebc.com.br\/politica\/noticia\/2025-08\/nova-tecnologia-vai-mudar-forma-como-brasileiros-assistem-televisao\">TV 3.0: tecnologia vai mudar forma como brasileiros assistem televis\u00e3o.<\/a><\/li>\n<\/ul>\n<p><strong>Uma das principais inova\u00e7\u00f5es da TV 3.0 \u00e9 justamente sua interface baseada em aplicativos, em que as emissoras ter\u00e3o condi\u00e7\u00f5es t\u00e9cnicas de passar a oferecer, al\u00e9m do sinal aberto j\u00e1 transmitido em tempo real, conte\u00fados adicionais sob demanda, como s\u00e9ries, jogos, programas e outras possibilidades.\u00a0<\/strong><\/p>\n<p>Al\u00e9m de mais qualidade de som e imagem, o novo sistema amplia as possibilidades de intera\u00e7\u00e3o e personaliza\u00e7\u00e3o. <strong>Gra\u00e7as \u00e0 integra\u00e7\u00e3o com a internet, o telespectador poder\u00e1 interagir com a programa\u00e7\u00e3o<\/strong> &#8211; votando em tempo real em um <em>reality show <\/em>pela pr\u00f3pria tela da TV, por exemplo.<\/p>\n<p>O sistema permitir\u00e1 fazer compras diretamente de seu televisor, abrindo novas possibilidades de gera\u00e7\u00e3o de receitas \u00e0s emissoras. Tamb\u00e9m ser\u00e1 poss\u00edvel acessar e consultar servi\u00e7os p\u00fablicos por meio de aplicativos dispon\u00edveis no aparelho, como o<a href=\"https:\/\/www.gov.br\/pt-br\"> Gov.BR<\/a>.\u00a0<\/p>\n<p><strong>O sistema permitir\u00e1, ainda, a informa\u00e7\u00e3o em tempo real de alertas de emerg\u00eancia sobre desastres<\/strong>, de forma altamente personalizada, a partir da recep\u00e7\u00e3o de sinal pela antena, sem a necessidade da conex\u00e3o \u00e0 internet.\u00a0\u00a0<\/p>\n<p>O telespectador poder\u00e1, por exemplo, escolher uma c\u00e2mera espec\u00edfica para assistir a um jogo de futebol \u2013 e ainda optar por ouvir o narrador ou apenas o som ambiente do est\u00e1dio.<\/p>\n<div class=\"dnd-widget-wrapper context-cheio_8colunas type-image atom-align-center\">\n<div class=\"dnd-atom-rendered\"><!-- scald=435081:cheio_8colunas {\"additionalClasses\":\"\"} --><br \/>\n            <img decoding=\"async\" src=\"https:\/\/agenciabrasil.ebc.com.br\/sites\/default\/files\/thumbnails\/image\/loading_v2.gif\" data-echo=\"https:\/\/imagens.ebc.com.br\/EyRhuifKS9cjd-hjWWM4yBnKwgw=\/754x0\/smart\/https:\/\/agenciabrasil.ebc.com.br\/sites\/default\/files\/thumbnails\/image\/2025\/08\/27\/0d9a0668.jpg?itok=Xlf6Djyw\" alt=\"Bras\u00edlia (DF), 27\/08\/2025 - O presidente Luiz In\u00e1cio Lula da Silva durante cerim\u00f4nia de assinatura do decreto que regulamenta a TV 3.0 no no Pal\u00e1cio do Planalto. Foto: Jos\u00e9 Cruz\/Ag\u00eancia Brasil\" title=\"Jos\u00e9 Cruz\/Ag\u00eancia Brasil\"><br \/>\n        <noscript><img decoding=\"async\" src=\"https:\/\/imagens.ebc.com.br\/EyRhuifKS9cjd-hjWWM4yBnKwgw=\/754x0\/smart\/https:\/\/agenciabrasil.ebc.com.br\/sites\/default\/files\/thumbnails\/image\/2025\/08\/27\/0d9a0668.jpg?itok=Xlf6Djyw\" alt=\"Bras\u00edlia (DF), 27\/08\/2025 - O presidente Luiz In\u00e1cio Lula da Silva durante cerim\u00f4nia de assinatura do decreto que regulamenta a TV 3.0 no no Pal\u00e1cio do Planalto. Foto: Jos\u00e9 Cruz\/Ag\u00eancia Brasil\" title=\"Jos\u00e9 Cruz\/Ag\u00eancia Brasil\"><\/noscript><br \/>\n    <!-- END scald=435081 --><\/div>\n<div class=\"dnd-caption-wrapper\">\n<h6 class=\"meta rtecenter\">Cerim\u00f4nia de assinatura do decreto que regulamenta a TV 3.0 no no Pal\u00e1cio do Planalto\u00a0<strong>Foto: Jos\u00e9 Cruz\/Ag\u00eancia Brasil<\/strong><!--END copyright=435081--><\/h6>\n<\/div>\n<\/div>\n<h2>A TV 3.0 ser\u00e1 gratuita?\u00a0<\/h2>\n<p>Sim. Trata-se de uma tecnologia para servi\u00e7o de radiodifus\u00e3o, que continua livre, aberta e gratuita.\u00a0<\/p>\n<h2>Como vou acessar?<\/h2>\n<p>Os novos aparelhos da TV 3.0 dever\u00e3o vir de f\u00e1brica com a primeira tela apresentando um cat\u00e1logo de canais de televis\u00e3o abertos &#8211; o que n\u00e3o vem ocorrendo na interface atual das SmartTVs, que se conectam com a internet e d\u00e3o prioridade aos aplicativos on demand.\u00a0\u00a0<\/p>\n<p>A troca de canais de forma num\u00e9rica ser\u00e1 substitu\u00edda. Nos novos modelos, os canais ser\u00e3o acessados por aplicativos das emissoras, semelhante aos bot\u00f5es para acesso \u00e0s plataformas de streaming.\u00a0\u00a0<\/p>\n<h2>A\u00a0 TV 3.0 precisa de internet para funcionar?<\/h2>\n<p>N\u00e3o \u00e9 necess\u00e1rio ter internet para ter acesso \u00e0 TV 3.0. No entanto, as TVs conectadas v\u00e3o propiciar mais op\u00e7\u00f5es de conte\u00fado, como a possibilidade de interatividade com os produtos que s\u00e3o distribu\u00eddos pela TV aberta.\u00a0<\/p>\n<h2>Ser\u00e1 preciso trocar o meu aparelho de TV?<\/h2>\n<p>De acordo com o Minist\u00e9rio das Comunica\u00e7\u00f5es, caixas conversoras ou mesmo soundbars conversores poder\u00e3o ser instalados junto aos televisores atuais, fazendo com que sejam convertidos para o novo padr\u00e3o sem a necessidade de troca de aparelhos.\u00a0<\/p>\n<h2>Quando o novo modelo entra em vigor?<\/h2>\n<p>A migra\u00e7\u00e3o ser\u00e1 gradativa, com in\u00edcio nas grandes capitais. A expectativa do governo \u00e9 que a estreia da TV 3.0 ocorra em junho do ano que vem, acompanhando a transmiss\u00e3o da Copa do Mundo de futebol. A transi\u00e7\u00e3o total para o novo modelo, com cobertura em todo territ\u00f3rio, poder\u00e1 ser conclu\u00edda em at\u00e9 15 anos.\u00a0\u00a0<\/p>\n<p><strong>\u00a0Assista a uma simula\u00e7\u00e3o das funcionalidade da TV 3.0, realizada hoje na cerim\u00f4nia de assinatura do decreto:<\/strong><\/p>\n<p><iframe allow=\"accelerometer; autoplay; clipboard-write; encrypted-media; gyroscope; picture-in-picture; web-share\" allowfullscreen=\"\" frameborder=\"0\" height=\"315\" referrerpolicy=\"strict-origin-when-cross-origin\" src=\"https:\/\/www.youtube.com\/embed\/HnbASXg0WRE?si=4UDSReZ8sDABoxvb&#038;start=781\" title=\"YouTube video player\" width=\"560\" sandbox=\"allow-scripts allow-same-origin\"><\/iframe><\/p>\n","protected":false},"excerpt":{"rendered":"<p>O presidente Luiz In\u00e1cio Lula da Silva assinou nesta quarta-feira (27) o decreto de implementa\u00e7\u00e3o da TV 3.0, considerada a nova gera\u00e7\u00e3o da tecnologia de televis\u00e3o aberta e gratuita brasileira. A expectativa do governo \u00e9 de que a TV 3.0 entre no ar em junho de 2026, a tempo da pr\u00f3xima Copa do Mundo. Entenda [&hellip;]<\/p>\n","protected":false},"author":15,"featured_media":3232,"comment_status":"open","ping_status":"open","sticky":false,"template":"","format":"standard","meta":{"site-sidebar-layout":"default","site-content-layout":"","ast-site-content-layout":"","site-content-style":"default","site-sidebar-style":"default","ast-global-header-display":"","ast-banner-title-visibility":"","ast-main-header-display":"","ast-hfb-above-header-display":"","ast-hfb-below-header-display":"","ast-hfb-mobile-header-display":"","site-post-title":"","ast-breadcrumbs-content":"","ast-featured-img":"","footer-sml-layout":"","theme-transparent-header-meta":"","adv-header-id-meta":"","stick-header-meta":"","header-above-stick-meta":"","header-main-stick-meta":"","header-below-stick-meta":"","astra-migrate-meta-layouts":"default","ast-page-background-enabled":"default","ast-page-background-meta":{"desktop":{"background-color":"var(--ast-global-color-4)","background-image":"","background-repeat":"repeat","background-position":"center center","background-size":"auto","background-attachment":"scroll","background-type":"","background-media":"","overlay-type":"","overlay-color":"","overlay-opacity":"","overlay-gradient":""},"tablet":{"background-color":"","background-image":"","background-repeat":"repeat","background-position":"center center","background-size":"auto","background-attachment":"scroll","background-type":"","background-media":"","overlay-type":"","overlay-color":"","overlay-opacity":"","overlay-gradient":""},"mobile":{"background-color":"","background-image":"","background-repeat":"repeat","background-position":"center center","background-size":"auto","background-attachment":"scroll","background-type":"","background-media":"","overlay-type":"","overlay-color":"","overlay-opacity":"","overlay-gradient":""}},"ast-content-background-meta":{"desktop":{"background-color":"var(--ast-global-color-5)","background-image":"","background-repeat":"repeat","background-position":"center center","background-size":"auto","background-attachment":"scroll","background-type":"","background-media":"","overlay-type":"","overlay-color":"","overlay-opacity":"","overlay-gradient":""},"tablet":{"background-color":"var(--ast-global-color-5)","background-image":"","background-repeat":"repeat","background-position":"center center","background-size":"auto","background-attachment":"scroll","background-type":"","background-media":"","overlay-type":"","overlay-color":"","overlay-opacity":"","overlay-gradient":""},"mobile":{"background-color":"var(--ast-global-color-5)","background-image":"","background-repeat":"repeat","background-position":"center center","background-size":"auto","background-attachment":"scroll","background-type":"","background-media":"","overlay-type":"","overlay-color":"","overlay-opacity":"","overlay-gradient":""}},"footnotes":""},"categories":[1],"tags":[],"class_list":["post-3231","post","type-post","status-publish","format-standard","has-post-thumbnail","hentry","category-sem-categoria"],"_links":{"self":[{"href":"https:\/\/jornalregionalms.com.br\/index.php?rest_route=\/wp\/v2\/posts\/3231","targetHints":{"allow":["GET"]}}],"collection":[{"href":"https:\/\/jornalregionalms.com.br\/index.php?rest_route=\/wp\/v2\/posts"}],"about":[{"href":"https:\/\/jornalregionalms.com.br\/index.php?rest_route=\/wp\/v2\/types\/post"}],"author":[{"embeddable":true,"href":"https:\/\/jornalregionalms.com.br\/index.php?rest_route=\/wp\/v2\/users\/15"}],"replies":[{"embeddable":true,"href":"https:\/\/jornalregionalms.com.br\/index.php?rest_route=%2Fwp%2Fv2%2Fcomments&post=3231"}],"version-history":[{"count":0,"href":"https:\/\/jornalregionalms.com.br\/index.php?rest_route=\/wp\/v2\/posts\/3231\/revisions"}],"wp:featuredmedia":[{"embeddable":true,"href":"https:\/\/jornalregionalms.com.br\/index.php?rest_route=\/wp\/v2\/media\/3232"}],"wp:attachment":[{"href":"https:\/\/jornalregionalms.com.br\/index.php?rest_route=%2Fwp%2Fv2%2Fmedia&parent=3231"}],"wp:term":[{"taxonomy":"category","embeddable":true,"href":"https:\/\/jornalregionalms.com.br\/index.php?rest_route=%2Fwp%2Fv2%2Fcategories&post=3231"},{"taxonomy":"post_tag","embeddable":true,"href":"https:\/\/jornalregionalms.com.br\/index.php?rest_route=%2Fwp%2Fv2%2Ftags&post=3231"}],"curies":[{"name":"wp","href":"https:\/\/api.w.org\/{rel}","templated":true}]}}