{"id":3223,"date":"2025-08-27T16:05:37","date_gmt":"2025-08-27T19:05:37","guid":{"rendered":"https:\/\/jornalregionalms.com.br\/?p=3223"},"modified":"2025-08-27T16:05:37","modified_gmt":"2025-08-27T19:05:37","slug":"suplicy-passa-mal-e-e-internado-em-niteroi","status":"publish","type":"post","link":"https:\/\/jornalregionalms.com.br\/?p=3223","title":{"rendered":"Suplicy passa mal e \u00e9 internado em Niter\u00f3i"},"content":{"rendered":"<\/p>\n<p><a class=\"\" href=\"https:\/\/agenciabrasil.ebc.com.br\/politica\/noticia\/2025-08\/suplicy-passa-mal-e-e-internado-em-marica\"><br \/>\n                    <img decoding=\"async\" src=\"https:\/\/cdn.jsdelivr.net\/gh\/sergiosdlima\/assets-ebc@1.0.0\/abr\/assets\/images\/logo-agenciabrasil.svg\" alt=\"Logo Ag\u00eancia Brasil\"><br \/>\n\t\t\t\t<\/a><\/p>\n<p>O deputado estadual de S\u00e3o Paulo, Eduardo Suplicy (PT-SP), foi levado \u00e0s pressas na manh\u00e3 desta ter\u00e7a-feira (27) para o Hospital Municipal Dr. Ernesto Che Guevara, em Maric\u00e1, no estado do Rio de Janeiro.<img decoding=\"async\" src=\"https:\/\/agenciabrasil.ebc.com.br\/ebc.png?id=1656000&#038;o=rss\"><img decoding=\"async\" src=\"https:\/\/agenciabrasil.ebc.com.br\/ebc.gif?id=1656000&#038;o=rss\"><\/p>\n<p>O parlamentar participava do Congresso Mundial da Rede B\u00e1sica, quando precisou ser hospitalizado devido a um mal-estar. Posteriormente, ele foi encaminhado ao Hospital Niter\u00f3i, onde permanece em observa\u00e7\u00e3o.<\/p>\n<\/p>\n<h3>Not\u00edcias relacionadas:<\/h3>\n<ul>\n<li><a href=\"https:\/\/agenciabrasil.ebc.com.br\/direitos-humanos\/noticia\/2025-05\/suplicy-pede-investigacao-sobre-sumico-de-usuarios-da-cracolandia\">Suplicy pede investiga\u00e7\u00e3o sobre sumi\u00e7o de usu\u00e1rios da Cracol\u00e2ndia.<\/a><\/li>\n<li><a href=\"https:\/\/agenciabrasil.ebc.com.br\/politica\/noticia\/2016-10\/eduardo-suplicy-e-o-vereador-mais-votado-do-pais\">Eduardo Suplicy \u00e9 o vereador mais votado do pa\u00eds.<\/a><\/li>\n<\/ul>\n<p>M\u00e9dicos identificaram que a causa do mal-estar foi uma arritmia card\u00edaca, uma altera\u00e7\u00e3o no ritmo do cora\u00e7\u00e3o, o que causa batimentos irregulares.<\/p>\n<p>A rede D\u2019OR, empresa que opera o hospital, informou &#8211; por nota &#8211; que o deputado encontra-se l\u00facido, orientado, est\u00e1vel e se alimentando normalmente.<\/p>\n<p><a href=\"https:\/\/www.whatsapp.com\/channel\/0029VaoRTgrInlqYLSk59B2M\" target=\"_blank\">>> Siga o canal da <strong>Ag\u00eancia Brasil <\/strong>no WhatsApp<\/a><br \/>\n\u00a0<\/p>\n<p>,<\/p>\n","protected":false},"excerpt":{"rendered":"<p>O deputado estadual de S\u00e3o Paulo, Eduardo Suplicy (PT-SP), foi levado \u00e0s pressas na manh\u00e3 desta ter\u00e7a-feira (27) para o Hospital Municipal Dr. Ernesto Che Guevara, em Maric\u00e1, no estado do Rio de Janeiro. O parlamentar participava do Congresso Mundial da Rede B\u00e1sica, quando precisou ser hospitalizado devido a um mal-estar. Posteriormente, ele foi encaminhado [&hellip;]<\/p>\n","protected":false},"author":92,"featured_media":3224,"comment_status":"open","ping_status":"open","sticky":false,"template":"","format":"standard","meta":{"site-sidebar-layout":"default","site-content-layout":"","ast-site-content-layout":"","site-content-style":"default","site-sidebar-style":"default","ast-global-header-display":"","ast-banner-title-visibility":"","ast-main-header-display":"","ast-hfb-above-header-display":"","ast-hfb-below-header-display":"","ast-hfb-mobile-header-display":"","site-post-title":"","ast-breadcrumbs-content":"","ast-featured-img":"","footer-sml-layout":"","theme-transparent-header-meta":"","adv-header-id-meta":"","stick-header-meta":"","header-above-stick-meta":"","header-main-stick-meta":"","header-below-stick-meta":"","astra-migrate-meta-layouts":"default","ast-page-background-enabled":"default","ast-page-background-meta":{"desktop":{"background-color":"var(--ast-global-color-4)","background-image":"","background-repeat":"repeat","background-position":"center center","background-size":"auto","background-attachment":"scroll","background-type":"","background-media":"","overlay-type":"","overlay-color":"","overlay-opacity":"","overlay-gradient":""},"tablet":{"background-color":"","background-image":"","background-repeat":"repeat","background-position":"center center","background-size":"auto","background-attachment":"scroll","background-type":"","background-media":"","overlay-type":"","overlay-color":"","overlay-opacity":"","overlay-gradient":""},"mobile":{"background-color":"","background-image":"","background-repeat":"repeat","background-position":"center center","background-size":"auto","background-attachment":"scroll","background-type":"","background-media":"","overlay-type":"","overlay-color":"","overlay-opacity":"","overlay-gradient":""}},"ast-content-background-meta":{"desktop":{"background-color":"var(--ast-global-color-5)","background-image":"","background-repeat":"repeat","background-position":"center center","background-size":"auto","background-attachment":"scroll","background-type":"","background-media":"","overlay-type":"","overlay-color":"","overlay-opacity":"","overlay-gradient":""},"tablet":{"background-color":"var(--ast-global-color-5)","background-image":"","background-repeat":"repeat","background-position":"center center","background-size":"auto","background-attachment":"scroll","background-type":"","background-media":"","overlay-type":"","overlay-color":"","overlay-opacity":"","overlay-gradient":""},"mobile":{"background-color":"var(--ast-global-color-5)","background-image":"","background-repeat":"repeat","background-position":"center center","background-size":"auto","background-attachment":"scroll","background-type":"","background-media":"","overlay-type":"","overlay-color":"","overlay-opacity":"","overlay-gradient":""}},"footnotes":""},"categories":[1],"tags":[],"class_list":["post-3223","post","type-post","status-publish","format-standard","has-post-thumbnail","hentry","category-sem-categoria"],"_links":{"self":[{"href":"https:\/\/jornalregionalms.com.br\/index.php?rest_route=\/wp\/v2\/posts\/3223","targetHints":{"allow":["GET"]}}],"collection":[{"href":"https:\/\/jornalregionalms.com.br\/index.php?rest_route=\/wp\/v2\/posts"}],"about":[{"href":"https:\/\/jornalregionalms.com.br\/index.php?rest_route=\/wp\/v2\/types\/post"}],"author":[{"embeddable":true,"href":"https:\/\/jornalregionalms.com.br\/index.php?rest_route=\/wp\/v2\/users\/92"}],"replies":[{"embeddable":true,"href":"https:\/\/jornalregionalms.com.br\/index.php?rest_route=%2Fwp%2Fv2%2Fcomments&post=3223"}],"version-history":[{"count":0,"href":"https:\/\/jornalregionalms.com.br\/index.php?rest_route=\/wp\/v2\/posts\/3223\/revisions"}],"wp:featuredmedia":[{"embeddable":true,"href":"https:\/\/jornalregionalms.com.br\/index.php?rest_route=\/wp\/v2\/media\/3224"}],"wp:attachment":[{"href":"https:\/\/jornalregionalms.com.br\/index.php?rest_route=%2Fwp%2Fv2%2Fmedia&parent=3223"}],"wp:term":[{"taxonomy":"category","embeddable":true,"href":"https:\/\/jornalregionalms.com.br\/index.php?rest_route=%2Fwp%2Fv2%2Fcategories&post=3223"},{"taxonomy":"post_tag","embeddable":true,"href":"https:\/\/jornalregionalms.com.br\/index.php?rest_route=%2Fwp%2Fv2%2Ftags&post=3223"}],"curies":[{"name":"wp","href":"https:\/\/api.w.org\/{rel}","templated":true}]}}