{"id":3219,"date":"2025-08-27T16:05:34","date_gmt":"2025-08-27T19:05:34","guid":{"rendered":"https:\/\/jornalregionalms.com.br\/?p=3219"},"modified":"2025-08-27T16:05:34","modified_gmt":"2025-08-27T19:05:34","slug":"lula-assina-decreto-da-tv-3-0-novo-sistema-deve-comecar-em-2026","status":"publish","type":"post","link":"https:\/\/jornalregionalms.com.br\/?p=3219","title":{"rendered":"Lula assina decreto da TV 3.0; novo sistema deve come\u00e7ar em 2026"},"content":{"rendered":"<\/p>\n<p><a class=\"\" href=\"https:\/\/agenciabrasil.ebc.com.br\/politica\/noticia\/2025-08\/lula-assina-decreto-da-tv-30-novo-sistema-deve-comecar-em-2026\"><br \/>\n                    <img decoding=\"async\" src=\"https:\/\/cdn.jsdelivr.net\/gh\/sergiosdlima\/assets-ebc@1.0.0\/abr\/assets\/images\/logo-agenciabrasil.svg\" alt=\"Logo Ag\u00eancia Brasil\"><br \/>\n\t\t\t\t<\/a><\/p>\n<p><strong>O presidente Luiz In\u00e1cio Lula da Silva assinou nesta quarta-feira (27), em cerim\u00f4nia no Pal\u00e1cio do Planalto, o decreto de implementa\u00e7\u00e3o da <a href=\"https:\/\/agenciabrasil.ebc.com.br\/politica\/noticia\/2025-08\/nova-tecnologia-vai-mudar-forma-como-brasileiros-assistem-televisao\" target=\"_blank\">TV 3.0<\/a>, considerada a nova gera\u00e7\u00e3o da tecnologia de televis\u00e3o aberta e gratuita brasileira.<\/strong> O evento contou com a presen\u00e7a e o apoio de representantes das principais emissoras de televis\u00e3o aberta do pa\u00eds.<img decoding=\"async\" src=\"https:\/\/agenciabrasil.ebc.com.br\/ebc.png?id=1656012&#038;o=rss\"><img decoding=\"async\" src=\"https:\/\/agenciabrasil.ebc.com.br\/ebc.gif?id=1656012&#038;o=rss\"><\/p>\n<p>Em breve discurso, o presidente disse que esta \u00e9 uma demanda importante de sua equipe de comunica\u00e7\u00e3o. O ministro-chefe da Secretaria de Comunica\u00e7\u00e3o Social (Secom), Sid\u00f4nio Palmeira, afirmou que a TV 3.0 \u00e9 tamb\u00e9m uma quest\u00e3o de soberania nacional &#8211; o Brasil ser\u00e1 o primeiro pa\u00eds das Am\u00e9ricas a implantar a nova tecnologia.\u00a0<\/p>\n<blockquote>\n<h3>Not\u00edcias relacionadas:<\/h3>\n<ul>\n<li><a href=\"https:\/\/agenciabrasil.ebc.com.br\/politica\/noticia\/2025-08\/nova-tecnologia-vai-mudar-forma-como-brasileiros-assistem-televisao\">TV 3.0: tecnologia vai mudar forma como brasileiros assistem televis\u00e3o.<\/a><\/li>\n<li><a href=\"https:\/\/agenciabrasil.ebc.com.br\/geral\/noticia\/2025-08\/entenda-o-que-e-e-como-vai-funcionar-nova-tecnologia-da-tv-30\">Entenda o que \u00e9 e como vai funcionar a nova tecnologia da TV 3.0.<\/a><\/li>\n<\/ul>\n<p>\u201cEsse decreto representa o que vai ser a nossa vis\u00e3o de futuro sobre a agenda digital e tecnol\u00f3gica, com abertura, coopera\u00e7\u00e3o e soberania. Ali\u00e1s, a soberania hoje \u00e9 um grande tema que une todo o pa\u00eds. N\u00e3o s\u00f3 a soberania, mas soberania digital. Tudo tem a ver com a TV digital que est\u00e1 sendo implementada agora\u201d, disse o ministro.\n<\/p><\/blockquote>\n<p><strong>A expectativa do governo, segundo ele, \u00e9 de que a TV 3.0 entre no ar em junho de 2026, a tempo da pr\u00f3xima Copa do Mundo. <\/strong>Os representantes de associa\u00e7\u00f5es e entidades que representam o setor, destacaram em seus discursos que o atual modelo em vigor, o da TV Digital, tamb\u00e9m foi implantado pelo presidente Lula, no seu segundo governo. O\u00a0presidente da <strong>Empresa Brasil de Comunica\u00e7\u00e3o (EBC)<\/strong>, Andr\u00e9 Basbaum, participou da cerim\u00f4nia, representando a <strong>TV Brasil<\/strong> e o campo p\u00fablico neste novo modelo.\u00a0<\/p>\n<blockquote>\n<p>&#8220;Com o decreto, o presidente Lula garante a visibilidade da <strong>TV Brasil <\/strong>e de todo sistema p\u00fablico de comunica\u00e7\u00e3o dentro da nova TV digital 3.0. Tamb\u00e9m estar\u00e1 dispon\u00edvel para toda a sociedade o <strong>Canal Gov<\/strong> com informa\u00e7\u00f5es sobre servi\u00e7os p\u00fablicos para todos os cidad\u00e3os&#8221;, afirmou o presidente da EBC.\u00a0<\/p>\n<p><a href=\"https:\/\/www.whatsapp.com\/channel\/0029VaoRTgrInlqYLSk59B2M\" target=\"_blank\">>> Siga o canal da <strong>Ag\u00eancia Brasil <\/strong>no WhatsApp<\/a><\/p>\n<\/blockquote>\n<div class=\"dnd-widget-wrapper context-cheio_8colunas type-image\">\n<div class=\"dnd-atom-rendered\"><!-- scald=435098:cheio_8colunas --><br \/>\n            <img decoding=\"async\" src=\"https:\/\/agenciabrasil.ebc.com.br\/sites\/default\/files\/thumbnails\/image\/loading_v2.gif\" data-echo=\"https:\/\/imagens.ebc.com.br\/d9V43DeWQYJMuqOtz3na-zEoWos=\/754x0\/smart\/https:\/\/agenciabrasil.ebc.com.br\/sites\/default\/files\/thumbnails\/image\/2025\/08\/27\/0d9a0572.jpg?itok=HD0d8p_j\" alt=\"Bras\u00edlia (DF), 27\/08\/2025 - O presidente da EBC, Andr\u00e9 Basbaum, durante cerim\u00f4nia de assinatura do decreto que regulamenta a TV 3.0 no no Pal\u00e1cio do Planalto. Foto: Jos\u00e9 Cruz\/Ag\u00eancia Brasil\" title=\"Jos\u00e9 Cruz\/Ag\u00eancia Brasil\"><br \/>\n        <noscript><img decoding=\"async\" src=\"https:\/\/imagens.ebc.com.br\/d9V43DeWQYJMuqOtz3na-zEoWos=\/754x0\/smart\/https:\/\/agenciabrasil.ebc.com.br\/sites\/default\/files\/thumbnails\/image\/2025\/08\/27\/0d9a0572.jpg?itok=HD0d8p_j\" alt=\"Bras\u00edlia (DF), 27\/08\/2025 - O presidente da EBC, Andr\u00e9 Basbaum, durante cerim\u00f4nia de assinatura do decreto que regulamenta a TV 3.0 no no Pal\u00e1cio do Planalto. Foto: Jos\u00e9 Cruz\/Ag\u00eancia Brasil\" title=\"Jos\u00e9 Cruz\/Ag\u00eancia Brasil\"><\/noscript><br \/>\n    <!-- END scald=435098 --><\/div>\n<div class=\"dnd-caption-wrapper\">\n<div class=\"meta\"><!--copyright=435098-->Bras\u00edlia (DF), 27\/08\/2025 &#8211; O presidente da EBC, Andr\u00e9 Basbaum, durante cerim\u00f4nia de assinatura do decreto que regulamenta a TV 3.0 no no Pal\u00e1cio do Planalto. Foto: Jos\u00e9 Cruz\/Ag\u00eancia Brasil &#8211; <strong>Jos\u00e9 Cruz\/Ag\u00eancia Brasil<\/strong><!--END copyright=435098--><\/div>\n<\/div>\n<\/div>\n<h2>Televis\u00e3o do futuro<\/h2>\n<p>Considerada &#8220;a televis\u00e3o do futuro&#8221;, a TV 3.0 vai integrar os servi\u00e7os de internet (broadband) \u00e0 habitual transmiss\u00e3o de sons e imagens (broadcast), possibilitando o uso de aplicativos que permitir\u00e3o aos telespectadores interagir com parte da programa\u00e7\u00e3o e at\u00e9 mesmo fazer compras diretamente de seu televisor, abrindo novas possibilidades de gera\u00e7\u00e3o de receitas \u00e0s emissoras.<\/p>\n<p>Os novos aparelhos da TV 3.0 dever\u00e3o vir de f\u00e1brica com a primeira tela apresentando um cat\u00e1logo de canais de televis\u00e3o abertos, o que n\u00e3o vem ocorrendo na interface atual das SmartTVs. Esse modelos que se conectam com a internet d\u00e3o prioridade aos aplicativos de servi\u00e7os de m\u00eddia sob demanda (OTT, na sigla em ingl\u00eas). Com isso, os canais abertos acabam sem visibilidade, como destacou o ministro.\u00a0<\/p>\n<p>Uma das principais inova\u00e7\u00f5es da TV 3.0 \u00e9 justamente sua interface baseada em aplicativos, em que as emissoras ter\u00e3o condi\u00e7\u00f5es t\u00e9cnicas de passar a oferecer, al\u00e9m do sinal aberto j\u00e1 transmitido em tempo real, conte\u00fados adicionais sob demanda, como s\u00e9ries, jogos, programas e outras possibilidades.<\/p>\n<p>A migra\u00e7\u00e3o dever\u00e1 ser gradativa, come\u00e7ando pelas grandes cidades, como foi com a TV digital.<\/p>\n<h2>Padr\u00e3o t\u00e9cnico<\/h2>\n<p>No ano passado, os membros do conselho deliberativo do F\u00f3rum do Sistema Brasileiro de Televis\u00e3o Digital (SBTVD), entidade respons\u00e1vel pela nova gera\u00e7\u00e3o, recomendaram ao governo federal a ado\u00e7\u00e3o do sistema ATSC 3.0 (do ingl\u00eas, Comit\u00ea de Sistema Avan\u00e7ado de Televis\u00e3o) como padr\u00e3o t\u00e9cnico para a evolu\u00e7\u00e3o tecnol\u00f3gica da TV digital.<\/p>\n<p><em>*texto atualizado \u00e0s 14h50 para acr\u00e9scimo de informa\u00e7\u00f5es<\/em><\/p>\n<p>\u00a0<\/p>\n","protected":false},"excerpt":{"rendered":"<p>O presidente Luiz In\u00e1cio Lula da Silva assinou nesta quarta-feira (27), em cerim\u00f4nia no Pal\u00e1cio do Planalto, o decreto de implementa\u00e7\u00e3o da TV 3.0, considerada a nova gera\u00e7\u00e3o da tecnologia de televis\u00e3o aberta e gratuita brasileira. O evento contou com a presen\u00e7a e o apoio de representantes das principais emissoras de televis\u00e3o aberta do pa\u00eds. [&hellip;]<\/p>\n","protected":false},"author":1,"featured_media":3220,"comment_status":"open","ping_status":"open","sticky":false,"template":"","format":"standard","meta":{"site-sidebar-layout":"default","site-content-layout":"","ast-site-content-layout":"","site-content-style":"default","site-sidebar-style":"default","ast-global-header-display":"","ast-banner-title-visibility":"","ast-main-header-display":"","ast-hfb-above-header-display":"","ast-hfb-below-header-display":"","ast-hfb-mobile-header-display":"","site-post-title":"","ast-breadcrumbs-content":"","ast-featured-img":"","footer-sml-layout":"","theme-transparent-header-meta":"","adv-header-id-meta":"","stick-header-meta":"","header-above-stick-meta":"","header-main-stick-meta":"","header-below-stick-meta":"","astra-migrate-meta-layouts":"default","ast-page-background-enabled":"default","ast-page-background-meta":{"desktop":{"background-color":"var(--ast-global-color-4)","background-image":"","background-repeat":"repeat","background-position":"center center","background-size":"auto","background-attachment":"scroll","background-type":"","background-media":"","overlay-type":"","overlay-color":"","overlay-opacity":"","overlay-gradient":""},"tablet":{"background-color":"","background-image":"","background-repeat":"repeat","background-position":"center center","background-size":"auto","background-attachment":"scroll","background-type":"","background-media":"","overlay-type":"","overlay-color":"","overlay-opacity":"","overlay-gradient":""},"mobile":{"background-color":"","background-image":"","background-repeat":"repeat","background-position":"center center","background-size":"auto","background-attachment":"scroll","background-type":"","background-media":"","overlay-type":"","overlay-color":"","overlay-opacity":"","overlay-gradient":""}},"ast-content-background-meta":{"desktop":{"background-color":"var(--ast-global-color-5)","background-image":"","background-repeat":"repeat","background-position":"center center","background-size":"auto","background-attachment":"scroll","background-type":"","background-media":"","overlay-type":"","overlay-color":"","overlay-opacity":"","overlay-gradient":""},"tablet":{"background-color":"var(--ast-global-color-5)","background-image":"","background-repeat":"repeat","background-position":"center center","background-size":"auto","background-attachment":"scroll","background-type":"","background-media":"","overlay-type":"","overlay-color":"","overlay-opacity":"","overlay-gradient":""},"mobile":{"background-color":"var(--ast-global-color-5)","background-image":"","background-repeat":"repeat","background-position":"center center","background-size":"auto","background-attachment":"scroll","background-type":"","background-media":"","overlay-type":"","overlay-color":"","overlay-opacity":"","overlay-gradient":""}},"footnotes":""},"categories":[1],"tags":[],"class_list":["post-3219","post","type-post","status-publish","format-standard","has-post-thumbnail","hentry","category-sem-categoria"],"_links":{"self":[{"href":"https:\/\/jornalregionalms.com.br\/index.php?rest_route=\/wp\/v2\/posts\/3219","targetHints":{"allow":["GET"]}}],"collection":[{"href":"https:\/\/jornalregionalms.com.br\/index.php?rest_route=\/wp\/v2\/posts"}],"about":[{"href":"https:\/\/jornalregionalms.com.br\/index.php?rest_route=\/wp\/v2\/types\/post"}],"author":[{"embeddable":true,"href":"https:\/\/jornalregionalms.com.br\/index.php?rest_route=\/wp\/v2\/users\/1"}],"replies":[{"embeddable":true,"href":"https:\/\/jornalregionalms.com.br\/index.php?rest_route=%2Fwp%2Fv2%2Fcomments&post=3219"}],"version-history":[{"count":0,"href":"https:\/\/jornalregionalms.com.br\/index.php?rest_route=\/wp\/v2\/posts\/3219\/revisions"}],"wp:featuredmedia":[{"embeddable":true,"href":"https:\/\/jornalregionalms.com.br\/index.php?rest_route=\/wp\/v2\/media\/3220"}],"wp:attachment":[{"href":"https:\/\/jornalregionalms.com.br\/index.php?rest_route=%2Fwp%2Fv2%2Fmedia&parent=3219"}],"wp:term":[{"taxonomy":"category","embeddable":true,"href":"https:\/\/jornalregionalms.com.br\/index.php?rest_route=%2Fwp%2Fv2%2Fcategories&post=3219"},{"taxonomy":"post_tag","embeddable":true,"href":"https:\/\/jornalregionalms.com.br\/index.php?rest_route=%2Fwp%2Fv2%2Ftags&post=3219"}],"curies":[{"name":"wp","href":"https:\/\/api.w.org\/{rel}","templated":true}]}}