{"id":3215,"date":"2025-08-27T16:05:31","date_gmt":"2025-08-27T19:05:31","guid":{"rendered":"https:\/\/jornalregionalms.com.br\/?p=3215"},"modified":"2025-08-27T16:05:31","modified_gmt":"2025-08-27T19:05:31","slug":"lula-assina-reconducao-de-gonet-como-procurador-geral-da-republica","status":"publish","type":"post","link":"https:\/\/jornalregionalms.com.br\/?p=3215","title":{"rendered":"Lula assina recondu\u00e7\u00e3o de Gonet como procurador-geral da Rep\u00fablica"},"content":{"rendered":"<\/p>\n<p><a class=\"\" href=\"https:\/\/agenciabrasil.ebc.com.br\/justica\/noticia\/2025-08\/lula-assina-reconducao-de-gonet-como-procurador-geral-da-republica\"><br \/>\n                    <img decoding=\"async\" src=\"https:\/\/cdn.jsdelivr.net\/gh\/sergiosdlima\/assets-ebc@1.0.0\/abr\/assets\/images\/logo-agenciabrasil.svg\" alt=\"Logo Ag\u00eancia Brasil\"><br \/>\n\t\t\t\t<\/a><\/p>\n<p>O <strong>presidente Luiz In\u00e1cio Lula da Silva assinou nesta quarta-feira (27) a recondu\u00e7\u00e3o do procurador-geral da Rep\u00fablica, Paulo Gonet, para mais um mandato de dois anos no cargo.\u00a0<\/strong><img decoding=\"async\" src=\"https:\/\/agenciabrasil.ebc.com.br\/ebc.png?id=1656078&#038;o=rss\"><img decoding=\"async\" src=\"https:\/\/agenciabrasil.ebc.com.br\/ebc.gif?id=1656078&#038;o=rss\"><\/p>\n<p><strong>Gonet assumiu a Procuradoria-Geral da Rep\u00fablica (PGR) em dezembro de 2023.<\/strong> Seu atual mandato, portanto, duraria at\u00e9 dezembro deste ano. Lula, por\u00e9m, decidiu antecipar a recondu\u00e7\u00e3o em alguns meses.\u00a0<\/p>\n<\/p>\n<h3>Not\u00edcias relacionadas:<\/h3>\n<ul>\n<li><a href=\"https:\/\/agenciabrasil.ebc.com.br\/justica\/noticia\/2025-08\/pgr-tem-5-dias-para-analisar-indiciamento-de-bolsonaro-e-eduardo\">PGR tem 5 dias para analisar indiciamento de Bolsonaro e Eduardo.<\/a><\/li>\n<li><a href=\"https:\/\/agenciabrasil.ebc.com.br\/justica\/noticia\/2025-08\/moraes-pede-pgr-parecer-sobre-agentes-da-pf-na-casa-de-bolsonaro\">Moraes pede \u00e0 PGR parecer sobre agentes da PF na casa de Bolsonaro .<\/a><\/li>\n<li><a href=\"https:\/\/agenciabrasil.ebc.com.br\/justica\/noticia\/2025-08\/pgr-defende-reforco-de-policiamento-perto-da-casa-de-bolsonaro\">PGR defende refor\u00e7o de policiamento perto da casa de Bolsonaro.<\/a><\/li>\n<\/ul>\n<p>O ato foi assinado por Lula menos de uma semana antes do julgamento no Supremo Tribunal Federal (STF) do ex-presidente Jair Bolsonaro, que foi denunciado por Gonet como l\u00edder de uma trama golpista cujo objetivo seria manter-se no poder mesmo depois de perder para Lula na elei\u00e7\u00e3o de 2022.\u00a0<\/p>\n<p>A decis\u00e3o foi tomada ap\u00f3s Gonet ter se reunido nesta quarta com Lula no Pal\u00e1cio do Planalto. <strong>Mesmo reconduzido, o procurador precisar\u00e1 passar por nova sabatina na Comiss\u00e3o de Constitui\u00e7\u00e3o e Justi\u00e7a (CCJ) do Senado e ter o nome mais uma vez aprovado pelo plen\u00e1rio da Casa. S\u00e3o necess\u00e1rios 41 votos para a aprova\u00e7\u00e3o. Em 2023, ele recebeu 65 votos.<\/strong>\u00a0<\/p>\n<p><a href=\"http:\/\/https\/\/www.whatsapp.com\/channel\/0029VaoRTgrInlqYLSk59B2M\" target=\"_blank\">>> Siga o canal da <strong>Ag\u00eancia Brasil <\/strong>no WhatsApp<\/a><\/p>\n<p>Ao antecipar a recondu\u00e7\u00e3o, Lula evita, por exemplo, que a Associa\u00e7\u00e3o Nacional de Procuradores da Rep\u00fablica (ANPR) organize sua tradicional lista tr\u00edplice de indicados para o cargo. <strong>Na vis\u00e3o do Planalto, isso d\u00e1 mais tranquilidade interna ao Minist\u00e9rio P\u00fablico Federal ao evitar disputas internas pelas sucess\u00e3o da PGR.\u00a0<\/strong><\/p>\n<p>Embora tenha respeitado a lista tr\u00edplice em seus dois primeiros mandatos, Lula n\u00e3o \u00e9 obrigado a segui-la e j\u00e1 a tinha desconsiderado ao nomear Gonet pela primeira vez.\u00a0<\/p>\n<p>Com 64 anos, Gonet \u00e9 subprocurador-geral da Rep\u00fablica, com cerca de 40 anos de carreira no Minist\u00e9rio P\u00fablico. Junto com o ministro Gilmar Mendes, do STF, \u00e9 cofundador do Instituto Brasiliense de Direito P\u00fablico e foi diretor-geral da Escola Superior do Minist\u00e9rio P\u00fablico da Uni\u00e3o.<\/p>\n<p><strong>Gonet \u00e9 formado em direito pela Universidade de Bras\u00edlia (UnB), com mestrado na Universidade de Essex, no Reino Unido, e doutorado tamb\u00e9m pela UnB.<\/strong> Ingressou no Minist\u00e9rio P\u00fablico Federal (MPF) em 1987, ficando em primeiro lugar no concurso para procurador da Rep\u00fablica.\u00a0<\/p>\n<p>Ele foi vice-procurador-geral Eleitoral na gest\u00e3o de seu antecessor, Augusto Aras. Ao assumir a PGR, contudo, reverteu diversos entendimentos da institui\u00e7\u00e3o e retomou o foco sobre casos de corrup\u00e7\u00e3o, em especial relacionados a emendas parlamentares.\u00a0<\/p>\n<p>Em abril, Gonet denunciou, por exemplo, o ent\u00e3o ministro das Comunica\u00e7\u00f5es, Juscelino Filho, por suspeitas em desvios de emendas. Ap\u00f3s a den\u00fancia, Lula demitiu o auxiliar.\u00a0<\/p>\n<p>\u00a0<\/p>\n","protected":false},"excerpt":{"rendered":"<p>O presidente Luiz In\u00e1cio Lula da Silva assinou nesta quarta-feira (27) a recondu\u00e7\u00e3o do procurador-geral da Rep\u00fablica, Paulo Gonet, para mais um mandato de dois anos no cargo.\u00a0 Gonet assumiu a Procuradoria-Geral da Rep\u00fablica (PGR) em dezembro de 2023. Seu atual mandato, portanto, duraria at\u00e9 dezembro deste ano. Lula, por\u00e9m, decidiu antecipar a recondu\u00e7\u00e3o em [&hellip;]<\/p>\n","protected":false},"author":76,"featured_media":3216,"comment_status":"open","ping_status":"open","sticky":false,"template":"","format":"standard","meta":{"site-sidebar-layout":"default","site-content-layout":"","ast-site-content-layout":"","site-content-style":"default","site-sidebar-style":"default","ast-global-header-display":"","ast-banner-title-visibility":"","ast-main-header-display":"","ast-hfb-above-header-display":"","ast-hfb-below-header-display":"","ast-hfb-mobile-header-display":"","site-post-title":"","ast-breadcrumbs-content":"","ast-featured-img":"","footer-sml-layout":"","theme-transparent-header-meta":"","adv-header-id-meta":"","stick-header-meta":"","header-above-stick-meta":"","header-main-stick-meta":"","header-below-stick-meta":"","astra-migrate-meta-layouts":"default","ast-page-background-enabled":"default","ast-page-background-meta":{"desktop":{"background-color":"var(--ast-global-color-4)","background-image":"","background-repeat":"repeat","background-position":"center center","background-size":"auto","background-attachment":"scroll","background-type":"","background-media":"","overlay-type":"","overlay-color":"","overlay-opacity":"","overlay-gradient":""},"tablet":{"background-color":"","background-image":"","background-repeat":"repeat","background-position":"center center","background-size":"auto","background-attachment":"scroll","background-type":"","background-media":"","overlay-type":"","overlay-color":"","overlay-opacity":"","overlay-gradient":""},"mobile":{"background-color":"","background-image":"","background-repeat":"repeat","background-position":"center center","background-size":"auto","background-attachment":"scroll","background-type":"","background-media":"","overlay-type":"","overlay-color":"","overlay-opacity":"","overlay-gradient":""}},"ast-content-background-meta":{"desktop":{"background-color":"var(--ast-global-color-5)","background-image":"","background-repeat":"repeat","background-position":"center center","background-size":"auto","background-attachment":"scroll","background-type":"","background-media":"","overlay-type":"","overlay-color":"","overlay-opacity":"","overlay-gradient":""},"tablet":{"background-color":"var(--ast-global-color-5)","background-image":"","background-repeat":"repeat","background-position":"center center","background-size":"auto","background-attachment":"scroll","background-type":"","background-media":"","overlay-type":"","overlay-color":"","overlay-opacity":"","overlay-gradient":""},"mobile":{"background-color":"var(--ast-global-color-5)","background-image":"","background-repeat":"repeat","background-position":"center center","background-size":"auto","background-attachment":"scroll","background-type":"","background-media":"","overlay-type":"","overlay-color":"","overlay-opacity":"","overlay-gradient":""}},"footnotes":""},"categories":[1],"tags":[],"class_list":["post-3215","post","type-post","status-publish","format-standard","has-post-thumbnail","hentry","category-sem-categoria"],"_links":{"self":[{"href":"https:\/\/jornalregionalms.com.br\/index.php?rest_route=\/wp\/v2\/posts\/3215","targetHints":{"allow":["GET"]}}],"collection":[{"href":"https:\/\/jornalregionalms.com.br\/index.php?rest_route=\/wp\/v2\/posts"}],"about":[{"href":"https:\/\/jornalregionalms.com.br\/index.php?rest_route=\/wp\/v2\/types\/post"}],"author":[{"embeddable":true,"href":"https:\/\/jornalregionalms.com.br\/index.php?rest_route=\/wp\/v2\/users\/76"}],"replies":[{"embeddable":true,"href":"https:\/\/jornalregionalms.com.br\/index.php?rest_route=%2Fwp%2Fv2%2Fcomments&post=3215"}],"version-history":[{"count":0,"href":"https:\/\/jornalregionalms.com.br\/index.php?rest_route=\/wp\/v2\/posts\/3215\/revisions"}],"wp:featuredmedia":[{"embeddable":true,"href":"https:\/\/jornalregionalms.com.br\/index.php?rest_route=\/wp\/v2\/media\/3216"}],"wp:attachment":[{"href":"https:\/\/jornalregionalms.com.br\/index.php?rest_route=%2Fwp%2Fv2%2Fmedia&parent=3215"}],"wp:term":[{"taxonomy":"category","embeddable":true,"href":"https:\/\/jornalregionalms.com.br\/index.php?rest_route=%2Fwp%2Fv2%2Fcategories&post=3215"},{"taxonomy":"post_tag","embeddable":true,"href":"https:\/\/jornalregionalms.com.br\/index.php?rest_route=%2Fwp%2Fv2%2Ftags&post=3215"}],"curies":[{"name":"wp","href":"https:\/\/api.w.org\/{rel}","templated":true}]}}