{"id":2348,"date":"2025-08-11T15:48:39","date_gmt":"2025-08-11T18:48:39","guid":{"rendered":"https:\/\/jornalregionalms.com.br\/?p=2348"},"modified":"2025-08-11T15:48:39","modified_gmt":"2025-08-11T18:48:39","slug":"caminhos-da-reportagem-mostra-perigos-para-jovens-na-internet","status":"publish","type":"post","link":"https:\/\/jornalregionalms.com.br\/?p=2348","title":{"rendered":"Caminhos da Reportagem mostra perigos para jovens na internet"},"content":{"rendered":"<\/p>\n<p><a class=\"\" href=\"https:\/\/agenciabrasil.ebc.com.br\/geral\/noticia\/2025-08\/caminhos-da-reportagem-mostra-perigos-para-jovens-na-internet\"><br \/>\n                    <img decoding=\"async\" src=\"https:\/\/cdn.jsdelivr.net\/gh\/sergiosdlima\/assets-ebc@1.0.0\/abr\/assets\/images\/logo-agenciabrasil.svg\" alt=\"Logo Ag\u00eancia Brasil\"><br \/>\n\t\t\t\t<\/a><\/p>\n<p>Nesta segunda-feira (11), a\u00a0<strong>TV Brasil<\/strong> exibe, \u00e0s 23h, um novo epis\u00f3dio do programa\u00a0<em>Caminhos da Reportagem<\/em>\u00a0que tem como tema a <em>Adolesc\u00eancia conectada ao perigo<\/em>. <strong>A atra\u00e7\u00e3o analisa a rela\u00e7\u00e3o que grupos na internet mant\u00eam com o aumento de casos de crian\u00e7as e adolescentes envolvidos com crimes.<\/strong><img decoding=\"async\" src=\"https:\/\/agenciabrasil.ebc.com.br\/ebc.png?id=1653991&#038;o=rss\"><img decoding=\"async\" src=\"https:\/\/agenciabrasil.ebc.com.br\/ebc.gif?id=1653991&#038;o=rss\"><\/p>\n<p><strong>No Brasil,<\/strong> 95% das crian\u00e7as e adolescentes entre 9 e 17 anos est\u00e3o conectados, cerca de 25 milh\u00f5es de jovens<strong>. <\/strong>Apesar de plataformas digitais como <strong>Discord (13+), TikTok (14+), Instagram\/Facebook (16+) e X\/Twitter (18+)<\/strong> tenham faixas et\u00e1rias indicadas, o acesso ainda \u00e9 livre e sem fiscaliza\u00e7\u00e3o.<\/p>\n<\/p>\n<h3>Not\u00edcias relacionadas:<\/h3>\n<ul>\n<li><a href=\"https:\/\/agenciabrasil.ebc.com.br\/cultura\/noticia\/2025-08\/caminhos-da-reportagem-mostra-como-cop30-mobiliza-negocios\">Caminhos da Reportagem mostra como a COP30 mobiliza neg\u00f3cios.<\/a><\/li>\n<li><a href=\"https:\/\/agenciabrasil.ebc.com.br\/geral\/noticia\/2025-08\/governo-federal-recebe-sugestoes-para%20levar-internet-rodovias\">Governo federal recebe sugest\u00f5es para levar internet a rodovias.<\/a><\/li>\n<\/ul>\n<p>Para Thiago Tavares, presidente da SaferNet Brasil, ONG que atua na defesa e promo\u00e7\u00e3o dos direitos humanos na internet, os <strong>problemas come\u00e7am desde desafios virtuais at\u00e9 comportamentos de risco.<\/strong><\/p>\n<blockquote>\n<p>\u201cPor meio de um celular, eles podem acessar conte\u00fados de extrema viol\u00eancia, se conectar com criminosos e at\u00e9 serem recrutados para o cometimento de crimes b\u00e1rbaros\u201d, alerta.<\/p>\n<\/blockquote>\n<p>Ao\u00a0<strong>Caminhos da Reportagem<\/strong>, a psiquiatra Gianna Guiotti explica que h\u00e1 um desejo de pertencimento. \u201co adolescente se submete a atitudes prejudiciais porque quer ser aceito\u201d. J\u00e1 a m\u00e9dica Evelyn Eisenstein, da Sociedade Brasileira de Pediatria, acrescenta que as redes sociais s\u00e3o como uma esp\u00e9cie de \u201cdroga digital\u201d.<\/p>\n<p>O programa traz casos reais que ilustram essa situa\u00e7\u00e3o. <strong>Por exemplo, em 2022, um jovem de 18 anos, ex-aluno de uma escola de Vit\u00f3ria (ES), planejou um ataque articulado em grupos online. \u201cCome\u00e7ou a se vestir de preto, se trancava no quarto conectado \u00e0 internet e ficou mais irritado\u201d, lembra a m\u00e3e.<\/strong><\/p>\n<p>Timpa, jovem negro de origem humilde, foi cooptado por grupos extremistas. \u201cMe pegaram no discurso de \u2018homem beta\u2019. Culpavam as mulheres por tudo. S\u00f3 depois percebi que havia racismo, neonazismo e amea\u00e7as. Quando tentei sair, recebi amea\u00e7as graves e tive problemas de sa\u00fade\u201d, relata.<\/p>\n<h2>Aten\u00e7\u00e3o aos sinais<\/h2>\n<p>O procurador de Justi\u00e7a do Minist\u00e9rio P\u00fablico do Rio Grande do Sul, F\u00e1bio Costa Pereira, defende que os <strong>pais precisam observar os sinais<\/strong>.<\/p>\n<blockquote>\n<p>\u201cAcham que o filho \u00e9 quieto, que s\u00f3 joga no quarto, mas n\u00e3o estranham ele passar seis ou sete horas seguidas isolado\u201d, diz.\u00a0<\/p>\n<\/blockquote>\n<p><strong>No Minist\u00e9rio da Justi\u00e7a, o Ciberlab, um <em>hub<\/em> de seguran\u00e7a cibern\u00e9tica, monitora crimes virtuais 24 horas por dia<\/strong>. \u201cJ\u00e1 vimos meninos obrigarem meninas a se mutilarem com estiletes e marcarem o nome deles nas partes \u00edntimas. \u00c9 perverso\u201d, afirma Alessandro Barreto, coordenador do laborat\u00f3rio.<\/p>\n<p>Em S\u00e3o Paulo, a delegada Lisandrea Colabuono ressalta que \u201co <em>cyberbullying<\/em>, que muitos minimizam, \u00e9 o gatilho para automutila\u00e7\u00f5es\u201d.<\/p>\n<p><strong>Nos \u00faltimos seis meses, o n\u00facleo paulista monitorou 300 alvos e salvou mais de 120 v\u00edtimas.<\/strong> Luiza Teixeira, especialista da Unicef, evidencia que existem ferramentas eficazes para detectar e remover conte\u00fados de abuso, \u201cmas falta uma legisla\u00e7\u00e3o que obrigue o uso\u201d.<strong> Para ela, \u201cas big techs t\u00eam responsabilidade nisso.<\/strong><\/p>\n<h2>Capacita\u00e7\u00e3o e di\u00e1logo<\/h2>\n<p>Ap\u00f3s <strong>ataques a escolas no Rio Grande do Su<\/strong>l, o Minist\u00e9rio P\u00fablico passou a capacitar educadores para identificar sinais de risco.<\/p>\n<blockquote>\n<p>\u201cHouve um caso em que a diretora agiu ap\u00f3s uma capacita\u00e7\u00e3o. O aluno, que sofria bullying e apresentava comportamento estranho, foi atendido a tempo\u201d, relata F\u00e1bio Costa.<\/p>\n<\/blockquote>\n<p><strong>Isolamento repentino e interesse por viol\u00eancia s\u00e3o sinais que merecem aten\u00e7\u00e3o<\/strong>. \u201cMudan\u00e7as de comportamento, transtornos do sono, da alimenta\u00e7\u00e3o, vida sedent\u00e1ria, problemas de sa\u00fade mental, irritabilidade e agressividade. Iisso tudo acende uma luz de alerta\u201d, enfatiza a pediatra Evelyn Eisenstein.<\/p>\n","protected":false},"excerpt":{"rendered":"<p>Nesta segunda-feira (11), a\u00a0TV Brasil exibe, \u00e0s 23h, um novo epis\u00f3dio do programa\u00a0Caminhos da Reportagem\u00a0que tem como tema a Adolesc\u00eancia conectada ao perigo. A atra\u00e7\u00e3o analisa a rela\u00e7\u00e3o que grupos na internet mant\u00eam com o aumento de casos de crian\u00e7as e adolescentes envolvidos com crimes. No Brasil, 95% das crian\u00e7as e adolescentes entre 9 e [&hellip;]<\/p>\n","protected":false},"author":72,"featured_media":2349,"comment_status":"open","ping_status":"open","sticky":false,"template":"","format":"standard","meta":{"site-sidebar-layout":"default","site-content-layout":"","ast-site-content-layout":"","site-content-style":"default","site-sidebar-style":"default","ast-global-header-display":"","ast-banner-title-visibility":"","ast-main-header-display":"","ast-hfb-above-header-display":"","ast-hfb-below-header-display":"","ast-hfb-mobile-header-display":"","site-post-title":"","ast-breadcrumbs-content":"","ast-featured-img":"","footer-sml-layout":"","theme-transparent-header-meta":"","adv-header-id-meta":"","stick-header-meta":"","header-above-stick-meta":"","header-main-stick-meta":"","header-below-stick-meta":"","astra-migrate-meta-layouts":"default","ast-page-background-enabled":"default","ast-page-background-meta":{"desktop":{"background-color":"var(--ast-global-color-4)","background-image":"","background-repeat":"repeat","background-position":"center center","background-size":"auto","background-attachment":"scroll","background-type":"","background-media":"","overlay-type":"","overlay-color":"","overlay-opacity":"","overlay-gradient":""},"tablet":{"background-color":"","background-image":"","background-repeat":"repeat","background-position":"center center","background-size":"auto","background-attachment":"scroll","background-type":"","background-media":"","overlay-type":"","overlay-color":"","overlay-opacity":"","overlay-gradient":""},"mobile":{"background-color":"","background-image":"","background-repeat":"repeat","background-position":"center center","background-size":"auto","background-attachment":"scroll","background-type":"","background-media":"","overlay-type":"","overlay-color":"","overlay-opacity":"","overlay-gradient":""}},"ast-content-background-meta":{"desktop":{"background-color":"var(--ast-global-color-5)","background-image":"","background-repeat":"repeat","background-position":"center center","background-size":"auto","background-attachment":"scroll","background-type":"","background-media":"","overlay-type":"","overlay-color":"","overlay-opacity":"","overlay-gradient":""},"tablet":{"background-color":"var(--ast-global-color-5)","background-image":"","background-repeat":"repeat","background-position":"center center","background-size":"auto","background-attachment":"scroll","background-type":"","background-media":"","overlay-type":"","overlay-color":"","overlay-opacity":"","overlay-gradient":""},"mobile":{"background-color":"var(--ast-global-color-5)","background-image":"","background-repeat":"repeat","background-position":"center center","background-size":"auto","background-attachment":"scroll","background-type":"","background-media":"","overlay-type":"","overlay-color":"","overlay-opacity":"","overlay-gradient":""}},"footnotes":""},"categories":[1],"tags":[],"class_list":["post-2348","post","type-post","status-publish","format-standard","has-post-thumbnail","hentry","category-sem-categoria"],"_links":{"self":[{"href":"https:\/\/jornalregionalms.com.br\/index.php?rest_route=\/wp\/v2\/posts\/2348","targetHints":{"allow":["GET"]}}],"collection":[{"href":"https:\/\/jornalregionalms.com.br\/index.php?rest_route=\/wp\/v2\/posts"}],"about":[{"href":"https:\/\/jornalregionalms.com.br\/index.php?rest_route=\/wp\/v2\/types\/post"}],"author":[{"embeddable":true,"href":"https:\/\/jornalregionalms.com.br\/index.php?rest_route=\/wp\/v2\/users\/72"}],"replies":[{"embeddable":true,"href":"https:\/\/jornalregionalms.com.br\/index.php?rest_route=%2Fwp%2Fv2%2Fcomments&post=2348"}],"version-history":[{"count":0,"href":"https:\/\/jornalregionalms.com.br\/index.php?rest_route=\/wp\/v2\/posts\/2348\/revisions"}],"wp:featuredmedia":[{"embeddable":true,"href":"https:\/\/jornalregionalms.com.br\/index.php?rest_route=\/wp\/v2\/media\/2349"}],"wp:attachment":[{"href":"https:\/\/jornalregionalms.com.br\/index.php?rest_route=%2Fwp%2Fv2%2Fmedia&parent=2348"}],"wp:term":[{"taxonomy":"category","embeddable":true,"href":"https:\/\/jornalregionalms.com.br\/index.php?rest_route=%2Fwp%2Fv2%2Fcategories&post=2348"},{"taxonomy":"post_tag","embeddable":true,"href":"https:\/\/jornalregionalms.com.br\/index.php?rest_route=%2Fwp%2Fv2%2Ftags&post=2348"}],"curies":[{"name":"wp","href":"https:\/\/api.w.org\/{rel}","templated":true}]}}