{"id":21687,"date":"2026-09-04T14:28:35","date_gmt":"2026-09-04T18:28:35","guid":{"rendered":"https:\/\/jornalregionalms.com.br\/?p=21687"},"modified":"2026-09-04T14:28:35","modified_gmt":"2026-09-04T18:28:35","slug":"trens-e-metro-terao-operacao-especial-durante-o-rock-in-rio","status":"publish","type":"post","link":"https:\/\/jornalregionalms.com.br\/?p=21687","title":{"rendered":"Trens e metr\u00f4 ter\u00e3o opera\u00e7\u00e3o especial durante o Rock in Rio"},"content":{"rendered":"<\/p>\n<p><a class=\"\" href=\"https:\/\/agenciabrasil.ebc.com.br\/geral\/noticia\/2026-09\/trens-e-metro-terao-operacao-especial-durante-o-rock-rio\"><br \/>\n                    <img decoding=\"async\" src=\"https:\/\/cdn.jsdelivr.net\/gh\/sergiosdlima\/assets-ebc@1.0.0\/abr\/assets\/images\/logo-agenciabrasil.svg\" alt=\"Logo Ag\u00eancia Brasil\"><br \/>\n\t\t\t\t<\/a><\/p>\n<p>Os trens urbanos do Rio e a concession\u00e1ria Metr\u00f4Rio v\u00e3o funcionar 24 horas, com programa\u00e7\u00e3o especial para facilitar a ida e o retorno para casa dos passageiros que v\u00e3o participar da abertura do Rock in Rio, que tem in\u00edcio nesta sexta-feira (4).<img decoding=\"async\" src=\"https:\/\/agenciabrasil.ebc.com.br\/ebc.png?id=1701511&#038;o=rss\"><img decoding=\"async\" src=\"https:\/\/agenciabrasil.ebc.com.br\/ebc.gif?id=1701511&#038;o=rss\"><\/p>\n<p><strong>A Secretaria de Transporte e Mobilidade Urbana (Setram) orienta os passageiros que v\u00e3o ao Rock in Rio a planejarem com anteced\u00eancia seus deslocamentos. Durante os dias do festival, que ser\u00e1 realizado, entre os dias 4 e 7 de setembro e, na segunda fase, de 11 a 13 deste m\u00eas<\/strong><\/p>\n<h2>Trens<\/h2>\n<\/p>\n<h3>Not\u00edcias relacionadas:<\/h3>\n<ul>\n<li><a href=\"https:\/\/agenciabrasil.ebc.com.br\/cultura\/noticia\/2026-08\/rock-rio-seguranca-tera-mais-de-7-mil-agentes-alem-de-drones\">Rock in Rio: seguran\u00e7a ter\u00e1 mais de 7 mil agentes, al\u00e9m de drones.<\/a><\/li>\n<li><a href=\"https:\/\/agenciabrasil.ebc.com.br\/cultura\/noticia\/2026-08\/rock-rio-e-organizacao-acao-da-cidadania-se-unem-no-combate-fome\">Rock in Rio e organiza\u00e7\u00e3o A\u00e7\u00e3o da Cidadania se unem no combate \u00e0 fome.<\/a><\/li>\n<\/ul>\n<p><strong>Pela primeira vez, as esta\u00e7\u00f5es Central do Brasil, Madureira e Deodoro ficar\u00e3o abertas durante toda a madrugada, com viagens extras de hora em hora. A finalidade \u00e9 facilitar a integra\u00e7\u00e3o com o sistema do metr\u00f4 (Central do Brasil) e BRT (Deodoro e Madureira) que atendem aos moradores e visitantes da cidade.<\/strong><\/p>\n<p>Haver\u00e1 oferta de trens extras para o retorno do evento, com partidas de Deodoro com destino \u00e0 Central\u00a0e da Central do Brasil com destino a Santa Cruz, Japeri, Saracuruna e Belford Roxo. As viagens ser\u00e3o realizadas de hora em hora durante a madrugada.<\/p>\n<h2>Justi\u00e7a<\/h2>\n<p><strong>O Tribunal de Justi\u00e7a do Rio estar\u00e1 presente em todos os dias do Rock in Rio para garantir o acesso \u00e0 Justi\u00e7a e assegurar os direitos do p\u00fablico. A expectativa \u00e9 de que cerca de 100 mil pessoas passem pela Cidade do Rock diariamente.<\/strong><\/p>\n<p>O Juizado Especial do Torcedor e dos Grandes Eventos funcionar\u00e1 durante todo o festival, oferecendo atendimento ao p\u00fablico para situa\u00e7\u00f5es como furto de celular, problemas relacionados a ingressos, conflitos com a organiza\u00e7\u00e3o do evento, quest\u00f5es de consumo e casos de viol\u00eancia.<\/p>\n<p><strong>O posto de atendimento ficar\u00e1 instalado na Arena Carioca 1, junto aos demais \u00f3rg\u00e3os p\u00fablicos, e funcionar\u00e1 das 14h at\u00e9 o encerramento das atividades do dia. O espa\u00e7o contar\u00e1 ainda com \u00e1rea de acolhimento destinada a v\u00edtimas de viol\u00eancia de g\u00eanero.<\/strong><\/p>\n<p>Nos casos de pris\u00e3o em flagrante, as audi\u00eancias de cust\u00f3dia ser\u00e3o realizadas no pr\u00f3prio posto do juizado. A equipe contar\u00e1 diariamente com dois magistrados, um em cada turno, al\u00e9m de um juiz coordenador.<\/p>\n","protected":false},"excerpt":{"rendered":"<p>Os trens urbanos do Rio e a concession\u00e1ria Metr\u00f4Rio v\u00e3o funcionar 24 horas, com programa\u00e7\u00e3o especial para facilitar a ida e o retorno para casa dos passageiros que v\u00e3o participar da abertura do Rock in Rio, que tem in\u00edcio nesta sexta-feira (4). A Secretaria de Transporte e Mobilidade Urbana (Setram) orienta os passageiros que v\u00e3o [&hellip;]<\/p>\n","protected":false},"author":32,"featured_media":21688,"comment_status":"open","ping_status":"open","sticky":false,"template":"","format":"standard","meta":{"site-sidebar-layout":"default","site-content-layout":"","ast-site-content-layout":"","site-content-style":"default","site-sidebar-style":"default","ast-global-header-display":"","ast-banner-title-visibility":"","ast-main-header-display":"","ast-hfb-above-header-display":"","ast-hfb-below-header-display":"","ast-hfb-mobile-header-display":"","site-post-title":"","ast-breadcrumbs-content":"","ast-featured-img":"","footer-sml-layout":"","theme-transparent-header-meta":"","adv-header-id-meta":"","stick-header-meta":"","header-above-stick-meta":"","header-main-stick-meta":"","header-below-stick-meta":"","astra-migrate-meta-layouts":"default","ast-page-background-enabled":"default","ast-page-background-meta":{"desktop":{"background-color":"var(--ast-global-color-4)","background-image":"","background-repeat":"repeat","background-position":"center center","background-size":"auto","background-attachment":"scroll","background-type":"","background-media":"","overlay-type":"","overlay-color":"","overlay-opacity":"","overlay-gradient":""},"tablet":{"background-color":"","background-image":"","background-repeat":"repeat","background-position":"center center","background-size":"auto","background-attachment":"scroll","background-type":"","background-media":"","overlay-type":"","overlay-color":"","overlay-opacity":"","overlay-gradient":""},"mobile":{"background-color":"","background-image":"","background-repeat":"repeat","background-position":"center center","background-size":"auto","background-attachment":"scroll","background-type":"","background-media":"","overlay-type":"","overlay-color":"","overlay-opacity":"","overlay-gradient":""}},"ast-content-background-meta":{"desktop":{"background-color":"var(--ast-global-color-5)","background-image":"","background-repeat":"repeat","background-position":"center center","background-size":"auto","background-attachment":"scroll","background-type":"","background-media":"","overlay-type":"","overlay-color":"","overlay-opacity":"","overlay-gradient":""},"tablet":{"background-color":"var(--ast-global-color-5)","background-image":"","background-repeat":"repeat","background-position":"center center","background-size":"auto","background-attachment":"scroll","background-type":"","background-media":"","overlay-type":"","overlay-color":"","overlay-opacity":"","overlay-gradient":""},"mobile":{"background-color":"var(--ast-global-color-5)","background-image":"","background-repeat":"repeat","background-position":"center center","background-size":"auto","background-attachment":"scroll","background-type":"","background-media":"","overlay-type":"","overlay-color":"","overlay-opacity":"","overlay-gradient":""}},"footnotes":""},"categories":[1],"tags":[],"class_list":["post-21687","post","type-post","status-publish","format-standard","has-post-thumbnail","hentry","category-sem-categoria"],"_links":{"self":[{"href":"https:\/\/jornalregionalms.com.br\/index.php?rest_route=\/wp\/v2\/posts\/21687","targetHints":{"allow":["GET"]}}],"collection":[{"href":"https:\/\/jornalregionalms.com.br\/index.php?rest_route=\/wp\/v2\/posts"}],"about":[{"href":"https:\/\/jornalregionalms.com.br\/index.php?rest_route=\/wp\/v2\/types\/post"}],"author":[{"embeddable":true,"href":"https:\/\/jornalregionalms.com.br\/index.php?rest_route=\/wp\/v2\/users\/32"}],"replies":[{"embeddable":true,"href":"https:\/\/jornalregionalms.com.br\/index.php?rest_route=%2Fwp%2Fv2%2Fcomments&post=21687"}],"version-history":[{"count":0,"href":"https:\/\/jornalregionalms.com.br\/index.php?rest_route=\/wp\/v2\/posts\/21687\/revisions"}],"wp:featuredmedia":[{"embeddable":true,"href":"https:\/\/jornalregionalms.com.br\/index.php?rest_route=\/wp\/v2\/media\/21688"}],"wp:attachment":[{"href":"https:\/\/jornalregionalms.com.br\/index.php?rest_route=%2Fwp%2Fv2%2Fmedia&parent=21687"}],"wp:term":[{"taxonomy":"category","embeddable":true,"href":"https:\/\/jornalregionalms.com.br\/index.php?rest_route=%2Fwp%2Fv2%2Fcategories&post=21687"},{"taxonomy":"post_tag","embeddable":true,"href":"https:\/\/jornalregionalms.com.br\/index.php?rest_route=%2Fwp%2Fv2%2Ftags&post=21687"}],"curies":[{"name":"wp","href":"https:\/\/api.w.org\/{rel}","templated":true}]}}