{"id":21681,"date":"2026-09-04T14:28:32","date_gmt":"2026-09-04T18:28:32","guid":{"rendered":"https:\/\/jornalregionalms.com.br\/?p=21681"},"modified":"2026-09-04T14:28:32","modified_gmt":"2026-09-04T18:28:32","slug":"dia-da-amazonia-e-celebrado-com-el-nino-e-alerta-de-seca-intensa","status":"publish","type":"post","link":"https:\/\/jornalregionalms.com.br\/?p=21681","title":{"rendered":"Dia da Amaz\u00f4nia \u00e9 celebrado com El Ni\u00f1o e alerta de seca intensa"},"content":{"rendered":"<p>O <strong>Dia da Amaz\u00f4nia<\/strong> \u00e9 celebrado neste dia <strong>5 de setembro<\/strong>. Bioma que est\u00e1 entre os mais ricos e essenciais para <strong>a vida no mundo<\/strong>.<img decoding=\"async\" src=\"https:\/\/agenciabrasil.ebc.com.br\/ebc.png?id=1701546&#038;o=rss\"><img decoding=\"async\" src=\"https:\/\/agenciabrasil.ebc.com.br\/ebc.gif?id=1701546&#038;o=rss\"><\/p>\n<p>A data comemorativa foi institu\u00edda pela Lei 11.621 de 2007 e a escolha do dia n\u00e3o foi aleat\u00f3ria. Trata-se de uma refer\u00eancia a cria\u00e7\u00e3o da prov\u00edncia do Amazonas em 5 de setembro de 1850, na \u00e9poca em que o Brasil era governado pelo imperador Dom Pedro II.<\/p>\n<p>O bi\u00f3logo e\u00a0mestrando em ecologia aqu\u00e1tica na Universidade Federal do Par\u00e1, Vin\u00edcius Borges, chama a aten\u00e7\u00e3o para os cuidados com a nossa floresta.<\/p>\n<blockquote>\n<p>&#8220;A Amaz\u00f4nia abriga\u00a0uma das maiores diversidades de esp\u00e9cies do planeta, tanto de animais como de plantas. Uma enorme rede de rios e milh\u00f5es de pessoas, como ind\u00edgenas, ribeirinhos, extrativistas e moradores das cidades amaz\u00f4nicas (&#8230;) Mas a sua import\u00e2ncia vai muito al\u00e9m dos nativos. A floresta libera grande quantidade de umidade para a atmosfera, ajudando a formar chuvas que, atrav\u00e9s dos rios voadores, chegam em outras partes do Brasil.&#8221;<\/p>\n<\/blockquote>\n<p>A Amaz\u00f4nia possui cerca de <strong>5 milh\u00f5es de quil\u00f4metros quadrados de floresta<\/strong> e se estende ao longo de outros oito pa\u00edses al\u00e9m do Brasil. De acordo com dados do site do Minist\u00e9rio do Meio Ambiente e Mudan\u00e7a do Clima, a import\u00e2ncia da Amaz\u00f4nia para o equil\u00edbrio clim\u00e1tico e a sobreviv\u00eancia de diversas esp\u00e9cies \u00e9 ineg\u00e1vel e comprovada cientificamente.<\/p>\n<p>A Bacia Hidrogr\u00e1fica Amaz\u00f4nica possui cerca de 20% de toda a \u00e1gua doce do planeta e 80% das \u00e1guas superficiais do Brasil.<\/p>\n<p>E a preocupa\u00e7\u00e3o atual \u00e9 com os efeitos do fen\u00f4meno El Nin\u00f1o, estabelecido em 2026 e que devem perdurar at\u00e9 o primeiro trimestre de 2027, contribuindo para um pico de seca mais intenso nos rios da regi\u00e3o no pr\u00f3ximo ano.<\/p>\n<p>  <span class=\"hms hms-format-m-ss\">1:51<\/span><\/p>\n","protected":false},"excerpt":{"rendered":"<p>O Dia da Amaz\u00f4nia \u00e9 celebrado neste dia 5 de setembro. Bioma que est\u00e1 entre os mais ricos e essenciais para a vida no mundo. A data comemorativa foi institu\u00edda pela Lei 11.621 de 2007 e a escolha do dia n\u00e3o foi aleat\u00f3ria. Trata-se de uma refer\u00eancia a cria\u00e7\u00e3o da prov\u00edncia do Amazonas em 5 [&hellip;]<\/p>\n","protected":false},"author":1,"featured_media":21682,"comment_status":"open","ping_status":"open","sticky":false,"template":"","format":"standard","meta":{"site-sidebar-layout":"default","site-content-layout":"","ast-site-content-layout":"","site-content-style":"default","site-sidebar-style":"default","ast-global-header-display":"","ast-banner-title-visibility":"","ast-main-header-display":"","ast-hfb-above-header-display":"","ast-hfb-below-header-display":"","ast-hfb-mobile-header-display":"","site-post-title":"","ast-breadcrumbs-content":"","ast-featured-img":"","footer-sml-layout":"","theme-transparent-header-meta":"","adv-header-id-meta":"","stick-header-meta":"","header-above-stick-meta":"","header-main-stick-meta":"","header-below-stick-meta":"","astra-migrate-meta-layouts":"default","ast-page-background-enabled":"default","ast-page-background-meta":{"desktop":{"background-color":"var(--ast-global-color-4)","background-image":"","background-repeat":"repeat","background-position":"center center","background-size":"auto","background-attachment":"scroll","background-type":"","background-media":"","overlay-type":"","overlay-color":"","overlay-opacity":"","overlay-gradient":""},"tablet":{"background-color":"","background-image":"","background-repeat":"repeat","background-position":"center center","background-size":"auto","background-attachment":"scroll","background-type":"","background-media":"","overlay-type":"","overlay-color":"","overlay-opacity":"","overlay-gradient":""},"mobile":{"background-color":"","background-image":"","background-repeat":"repeat","background-position":"center center","background-size":"auto","background-attachment":"scroll","background-type":"","background-media":"","overlay-type":"","overlay-color":"","overlay-opacity":"","overlay-gradient":""}},"ast-content-background-meta":{"desktop":{"background-color":"var(--ast-global-color-5)","background-image":"","background-repeat":"repeat","background-position":"center center","background-size":"auto","background-attachment":"scroll","background-type":"","background-media":"","overlay-type":"","overlay-color":"","overlay-opacity":"","overlay-gradient":""},"tablet":{"background-color":"var(--ast-global-color-5)","background-image":"","background-repeat":"repeat","background-position":"center center","background-size":"auto","background-attachment":"scroll","background-type":"","background-media":"","overlay-type":"","overlay-color":"","overlay-opacity":"","overlay-gradient":""},"mobile":{"background-color":"var(--ast-global-color-5)","background-image":"","background-repeat":"repeat","background-position":"center center","background-size":"auto","background-attachment":"scroll","background-type":"","background-media":"","overlay-type":"","overlay-color":"","overlay-opacity":"","overlay-gradient":""}},"footnotes":""},"categories":[1],"tags":[],"class_list":["post-21681","post","type-post","status-publish","format-standard","has-post-thumbnail","hentry","category-sem-categoria"],"_links":{"self":[{"href":"https:\/\/jornalregionalms.com.br\/index.php?rest_route=\/wp\/v2\/posts\/21681","targetHints":{"allow":["GET"]}}],"collection":[{"href":"https:\/\/jornalregionalms.com.br\/index.php?rest_route=\/wp\/v2\/posts"}],"about":[{"href":"https:\/\/jornalregionalms.com.br\/index.php?rest_route=\/wp\/v2\/types\/post"}],"author":[{"embeddable":true,"href":"https:\/\/jornalregionalms.com.br\/index.php?rest_route=\/wp\/v2\/users\/1"}],"replies":[{"embeddable":true,"href":"https:\/\/jornalregionalms.com.br\/index.php?rest_route=%2Fwp%2Fv2%2Fcomments&post=21681"}],"version-history":[{"count":0,"href":"https:\/\/jornalregionalms.com.br\/index.php?rest_route=\/wp\/v2\/posts\/21681\/revisions"}],"wp:featuredmedia":[{"embeddable":true,"href":"https:\/\/jornalregionalms.com.br\/index.php?rest_route=\/wp\/v2\/media\/21682"}],"wp:attachment":[{"href":"https:\/\/jornalregionalms.com.br\/index.php?rest_route=%2Fwp%2Fv2%2Fmedia&parent=21681"}],"wp:term":[{"taxonomy":"category","embeddable":true,"href":"https:\/\/jornalregionalms.com.br\/index.php?rest_route=%2Fwp%2Fv2%2Fcategories&post=21681"},{"taxonomy":"post_tag","embeddable":true,"href":"https:\/\/jornalregionalms.com.br\/index.php?rest_route=%2Fwp%2Fv2%2Ftags&post=21681"}],"curies":[{"name":"wp","href":"https:\/\/api.w.org\/{rel}","templated":true}]}}