{"id":21673,"date":"2026-09-04T14:28:04","date_gmt":"2026-09-04T18:28:04","guid":{"rendered":"https:\/\/jornalregionalms.com.br\/?p=21673"},"modified":"2026-09-04T14:28:04","modified_gmt":"2026-09-04T18:28:04","slug":"inep-divulga-gabarito-oficial-do-encceja-2026-saiba-como-conferir","status":"publish","type":"post","link":"https:\/\/jornalregionalms.com.br\/?p=21673","title":{"rendered":"Inep divulga gabarito oficial do Encceja 2026; saiba como conferir"},"content":{"rendered":"<\/p>\n<p><a class=\"\" href=\"https:\/\/agenciabrasil.ebc.com.br\/educacao\/noticia\/2026-09\/inep-divulga-gabarito-oficial-do-encceja-2026-saiba-como-conferir\"><br \/>\n                    <img decoding=\"async\" src=\"https:\/\/cdn.jsdelivr.net\/gh\/sergiosdlima\/assets-ebc@1.0.0\/abr\/assets\/images\/logo-agenciabrasil.svg\" alt=\"Logo Ag\u00eancia Brasil\"><br \/>\n\t\t\t\t<\/a><\/p>\n<p>Os participantes do Exame Nacional para Certifica\u00e7\u00e3o de Compet\u00eancias de Jovens e Adultos (Encceja) 2026 j\u00e1 podem consultar os gabaritos oficiais das provas objetivas, divulgados nesta quarta-feira (3) pelo Instituto Nacional de Estudos e Pesquisas Educacionais An\u00edsio Teixeira (Inep).<img decoding=\"async\" src=\"https:\/\/agenciabrasil.ebc.com.br\/ebc.png?id=1701475&#038;o=rss\"><img decoding=\"async\" src=\"https:\/\/agenciabrasil.ebc.com.br\/ebc.gif?id=1701475&#038;o=rss\"><\/p>\n<p><strong>Os inscritos podem acess\u00e1-los no portal do Inep, na parte de <a href=\"https:\/\/www.gov.br\/inep\/pt-br\/areas-de-atuacao\/avaliacao-e-exames-educacionais\/encceja\/provas-e-gabaritos\" target=\"_blank\">\u201cProvas e Gabaritos\u201d<\/a><\/strong>. As listas de respostas certas das provas aplicadas em 23 de agosto est\u00e3o organizadas por \u00e1rea de conhecimento.<\/p>\n<\/p>\n<h3>Not\u00edcias relacionadas:<\/h3>\n<ul>\n<li><a href=\"https:\/\/agenciabrasil.ebc.com.br\/educacao\/noticia\/2026-09\/enem-ppl-abre-inscricoes-em-5-de-outubro\">Enem PPL abre inscri\u00e7\u00f5es em 5 de outubro .<\/a><\/li>\n<li><a href=\"https:\/\/agenciabrasil.ebc.com.br\/educacao\/noticia\/2026-08\/mec-lanca-diretrizes-para-ensino-de-arte-na-educacao-basica\">MEC lan\u00e7a diretrizes para ensino de arte na educa\u00e7\u00e3o b\u00e1sica.<\/a><\/li>\n<li><a href=\"https:\/\/agenciabrasil.ebc.com.br\/educacao\/noticia\/2026-09\/censo-escolar-2026-gestor-checa-informacoes-da-1a-etapa-ate-dia-11\">Censo Escolar 2026: dados da 1\u00aa etapa podem ser conferidos at\u00e9 dia 11.<\/a><\/li>\n<\/ul>\n<p>Em busca do certificado de conclus\u00e3o do\u00a0ensino fundamental, os participantes\u00a0realizaram provas das seguintes \u00e1reas: ci\u00eancias naturais; matem\u00e1tica; l\u00edngua portuguesa; l\u00edngua estrangeira moderna; artes; educa\u00e7\u00e3o f\u00edsica; hist\u00f3ria e geografia.<\/p>\n<p>J\u00e1 no caso do ensino m\u00e9dio, as \u00e1reas avaliadas foram: ci\u00eancias da natureza e suas tecnologias; matem\u00e1tica e suas tecnologias; e linguagens, c\u00f3digos e suas tecnologias; bem como ci\u00eancias humanas e suas tecnologias.<\/p>\n<p>Al\u00e9m das quest\u00f5es objetivas, os participantes tiveram de escrever uma reda\u00e7\u00e3o.<\/p>\n<p><strong>O Inep divulgar\u00e1 os resultados individuais em 14 de dezembro.<\/strong><\/p>\n<h2>Encceja<\/h2>\n<p>As provas do Encceja Nacional avaliam compet\u00eancias, habilidades e saberes desenvolvidos no processo escolar ou extraescolar.<\/p>\n<p>Os resultados do exame podem ser utilizados pelas secretarias de Educa\u00e7\u00e3o e pelos institutos federais que aderem ao Encceja como refer\u00eancia nos processos de certifica\u00e7\u00e3o de conclus\u00e3o do ensino fundamental e do ensino m\u00e9dio, conforme os crit\u00e9rios estabelecidos pela institui\u00e7\u00e3o certificadora.<\/p>\n<p>O exame tamb\u00e9m produz informa\u00e7\u00f5es que podem ser utilizadas em estudos e an\u00e1lises sobre a educa\u00e7\u00e3o de jovens e adultos.<\/p>\n","protected":false},"excerpt":{"rendered":"<p>Os participantes do Exame Nacional para Certifica\u00e7\u00e3o de Compet\u00eancias de Jovens e Adultos (Encceja) 2026 j\u00e1 podem consultar os gabaritos oficiais das provas objetivas, divulgados nesta quarta-feira (3) pelo Instituto Nacional de Estudos e Pesquisas Educacionais An\u00edsio Teixeira (Inep). Os inscritos podem acess\u00e1-los no portal do Inep, na parte de \u201cProvas e Gabaritos\u201d. As listas [&hellip;]<\/p>\n","protected":false},"author":6,"featured_media":21674,"comment_status":"open","ping_status":"open","sticky":false,"template":"","format":"standard","meta":{"site-sidebar-layout":"default","site-content-layout":"","ast-site-content-layout":"","site-content-style":"default","site-sidebar-style":"default","ast-global-header-display":"","ast-banner-title-visibility":"","ast-main-header-display":"","ast-hfb-above-header-display":"","ast-hfb-below-header-display":"","ast-hfb-mobile-header-display":"","site-post-title":"","ast-breadcrumbs-content":"","ast-featured-img":"","footer-sml-layout":"","theme-transparent-header-meta":"","adv-header-id-meta":"","stick-header-meta":"","header-above-stick-meta":"","header-main-stick-meta":"","header-below-stick-meta":"","astra-migrate-meta-layouts":"default","ast-page-background-enabled":"default","ast-page-background-meta":{"desktop":{"background-color":"var(--ast-global-color-4)","background-image":"","background-repeat":"repeat","background-position":"center center","background-size":"auto","background-attachment":"scroll","background-type":"","background-media":"","overlay-type":"","overlay-color":"","overlay-opacity":"","overlay-gradient":""},"tablet":{"background-color":"","background-image":"","background-repeat":"repeat","background-position":"center center","background-size":"auto","background-attachment":"scroll","background-type":"","background-media":"","overlay-type":"","overlay-color":"","overlay-opacity":"","overlay-gradient":""},"mobile":{"background-color":"","background-image":"","background-repeat":"repeat","background-position":"center center","background-size":"auto","background-attachment":"scroll","background-type":"","background-media":"","overlay-type":"","overlay-color":"","overlay-opacity":"","overlay-gradient":""}},"ast-content-background-meta":{"desktop":{"background-color":"var(--ast-global-color-5)","background-image":"","background-repeat":"repeat","background-position":"center center","background-size":"auto","background-attachment":"scroll","background-type":"","background-media":"","overlay-type":"","overlay-color":"","overlay-opacity":"","overlay-gradient":""},"tablet":{"background-color":"var(--ast-global-color-5)","background-image":"","background-repeat":"repeat","background-position":"center center","background-size":"auto","background-attachment":"scroll","background-type":"","background-media":"","overlay-type":"","overlay-color":"","overlay-opacity":"","overlay-gradient":""},"mobile":{"background-color":"var(--ast-global-color-5)","background-image":"","background-repeat":"repeat","background-position":"center center","background-size":"auto","background-attachment":"scroll","background-type":"","background-media":"","overlay-type":"","overlay-color":"","overlay-opacity":"","overlay-gradient":""}},"footnotes":""},"categories":[123],"tags":[],"class_list":["post-21673","post","type-post","status-publish","format-standard","has-post-thumbnail","hentry","category-politica"],"_links":{"self":[{"href":"https:\/\/jornalregionalms.com.br\/index.php?rest_route=\/wp\/v2\/posts\/21673","targetHints":{"allow":["GET"]}}],"collection":[{"href":"https:\/\/jornalregionalms.com.br\/index.php?rest_route=\/wp\/v2\/posts"}],"about":[{"href":"https:\/\/jornalregionalms.com.br\/index.php?rest_route=\/wp\/v2\/types\/post"}],"author":[{"embeddable":true,"href":"https:\/\/jornalregionalms.com.br\/index.php?rest_route=\/wp\/v2\/users\/6"}],"replies":[{"embeddable":true,"href":"https:\/\/jornalregionalms.com.br\/index.php?rest_route=%2Fwp%2Fv2%2Fcomments&post=21673"}],"version-history":[{"count":0,"href":"https:\/\/jornalregionalms.com.br\/index.php?rest_route=\/wp\/v2\/posts\/21673\/revisions"}],"wp:featuredmedia":[{"embeddable":true,"href":"https:\/\/jornalregionalms.com.br\/index.php?rest_route=\/wp\/v2\/media\/21674"}],"wp:attachment":[{"href":"https:\/\/jornalregionalms.com.br\/index.php?rest_route=%2Fwp%2Fv2%2Fmedia&parent=21673"}],"wp:term":[{"taxonomy":"category","embeddable":true,"href":"https:\/\/jornalregionalms.com.br\/index.php?rest_route=%2Fwp%2Fv2%2Fcategories&post=21673"},{"taxonomy":"post_tag","embeddable":true,"href":"https:\/\/jornalregionalms.com.br\/index.php?rest_route=%2Fwp%2Fv2%2Ftags&post=21673"}],"curies":[{"name":"wp","href":"https:\/\/api.w.org\/{rel}","templated":true}]}}