{"id":21669,"date":"2026-09-04T14:28:00","date_gmt":"2026-09-04T18:28:00","guid":{"rendered":"https:\/\/jornalregionalms.com.br\/?p=21669"},"modified":"2026-09-04T14:28:00","modified_gmt":"2026-09-04T18:28:00","slug":"fazenda-autoriza-credito-de-us-1-bilhao-do-bid-para-eco-invest-brasil","status":"publish","type":"post","link":"https:\/\/jornalregionalms.com.br\/?p=21669","title":{"rendered":"Fazenda autoriza cr\u00e9dito de US$ 1 bilh\u00e3o do BID para Eco Invest Brasil"},"content":{"rendered":"<\/p>\n<p><a class=\"\" href=\"https:\/\/agenciabrasil.ebc.com.br\/economia\/noticia\/2026-09\/fazenda-autoriza-credito-de-us-1-bilhao-do-bid-para-eco-invest-brasil\"><br \/>\n                    <img decoding=\"async\" src=\"https:\/\/cdn.jsdelivr.net\/gh\/sergiosdlima\/assets-ebc@1.0.0\/abr\/assets\/images\/logo-agenciabrasil.svg\" alt=\"Logo Ag\u00eancia Brasil\"><br \/>\n\t\t\t\t<\/a><\/p>\n<p><strong>O Brasil est\u00e1 autorizado a contratar cr\u00e9dito externo de at\u00e9 US$ 1 bilh\u00e3o com o <a href=\"https:\/\/www.iadb.org\/pt-br\" target=\"_blank\">Banco Interamericano de Desenvolvimento (BID) <\/a>para\u00a0investir em uma das principais iniciativas de acelera\u00e7\u00e3o e transi\u00e7\u00e3o ecol\u00f3gica sustent\u00e1vel nos pr\u00f3ximos anos, o <a href=\"https:\/\/agenciabrasil.ebc.com.br\/tags\/eco-invest-brasil\" target=\"_blank\">Eco Invest Brasil<\/a>.<\/strong><img decoding=\"async\" src=\"https:\/\/agenciabrasil.ebc.com.br\/ebc.png?id=1701524&#038;o=rss\"><img decoding=\"async\" src=\"https:\/\/agenciabrasil.ebc.com.br\/ebc.gif?id=1701524&#038;o=rss\"><\/p>\n<p>De acordo com despacho do <a href=\"https:\/\/www.gov.br\/fazenda\/pt-br\" target=\"_blank\">Minist\u00e9rio da Fazenda<\/a> publicado nesta sexta-feira (4),\u00a0a contrata\u00e7\u00e3o foi aprovada ap\u00f3s manifesta\u00e7\u00f5es favor\u00e1veis da Secretaria do Tesouro Nacional e da Procuradoria-Geral da Fazenda Nacional (PGFN).\u00a0<\/p>\n<\/p>\n<h3>Not\u00edcias relacionadas:<\/h3>\n<ul>\n<li><a href=\"https:\/\/agenciabrasil.ebc.com.br\/economia\/noticia\/2026-08\/conselho-eleva-limite-de-remuneracao-do-eco-invest-brasil\">Conselho eleva limite de remunera\u00e7\u00e3o do Eco Invest Brasil.<\/a><\/li>\n<li><a href=\"https:\/\/agenciabrasil.ebc.com.br\/economia\/noticia\/2026-07\/cmn-institui-regime-especial-para-fundos-de-inovacao-no-eco-invest\">CMN institui regime especial para fundos de inova\u00e7\u00e3o no Eco Invest.<\/a><\/li>\n<li><a href=\"https:\/\/agenciabrasil.ebc.com.br\/economia\/noticia\/2026-07\/eco-invest-brasil-promove-quinto-leilao-para-financiar-inovacao\">Eco Invest Brasil promove quinto leil\u00e3o para financiar inova\u00e7\u00e3o.<\/a><\/li>\n<\/ul>\n<p>A autoriza\u00e7\u00e3o tem como base o Artigo 40 da Lei de Responsabilidade Fiscal (Lei Complementar n\u00ba 101\/2000), al\u00e9m de resolu\u00e7\u00f5es anteriores do <a href=\"https:\/\/www12.senado.leg.br\/hpsenado\" target=\"_blank\">Senado<\/a>.\u00a0<\/p>\n<h2>Programa<\/h2>\n<p>O <a href=\"https:\/\/www.gov.br\/tesouronacional\/pt-br\/fomento-ao-investimento\/eco-invest-brasil\" target=\"_blank\">Eco Invest Brasil<\/a> integra a estrat\u00e9gia do governo federal para ampliar a atra\u00e7\u00e3o de investimentos privados estrangeiros, com foco em mecanismos de prote\u00e7\u00e3o cambial e no aperfei\u00e7oamento de condi\u00e7\u00f5es institucionais e regulat\u00f3rias voltadas ao ambiente de neg\u00f3cios brasileiro.<\/p>\n<p>Com a autoriza\u00e7\u00e3o, a Uni\u00e3o poder\u00e1 formalizar a opera\u00e7\u00e3o de cr\u00e9dito com o BID, institui\u00e7\u00e3o financeira multilateral que atua no financiamento de projetos de desenvolvimento econ\u00f4mico e social na Am\u00e9rica Latina e no Caribe.<\/p>\n<p>Coordenado pelos Minist\u00e9rios da Fazenda e do Meio Ambiente e Mudan\u00e7a do Clima, o programa integra o Plano de Transforma\u00e7\u00e3o Ecol\u00f3gica \u2013 Novo Brasil. <strong>Um dos principais mecanismos foi a introdu\u00e7\u00e3o do hedge (prote\u00e7\u00e3o) cambial, que reduziu riscos para investidores e ampliou a participa\u00e7\u00e3o de capital estrangeiro.<\/strong><\/p>\n<h2>Capital misto<\/h2>\n<p><strong>O principal instrumento do Eco Invest Brasil \u00e9 a combina\u00e7\u00e3o de recursos p\u00fablicos e privados num modelo de financiamento misto (<em>blended finance<\/em>).\u00a0<\/strong><\/p>\n<p>Por meio do capital catal\u00edtico, o governo e institui\u00e7\u00f5es financeiras privadas aportam recursos de forma filantr\u00f3pica, com maior toler\u00e2ncia a riscos de mercado.<\/p>\n<p>Nesse sistema, o capital catal\u00edtico considera n\u00e3o s\u00f3\u00a0o retorno de mercado, mas tamb\u00e9m o retorno social dos projetos. Esse dinheiro consegue alavancar recursos para investimentos convencionais.<\/p>\n<h2>Saneamento e energia limpa<\/h2>\n<p>Na \u00e1rea de economia circular, as iniciativas previstas no Eco Invest Brasil t\u00eam potencial de impactar positivamente mais de 2 milh\u00f5es de pessoas nas Regi\u00f5es Nordeste, Sudeste e Sul.<\/p>\n<p>No eixo de transi\u00e7\u00e3o energ\u00e9tica, entre os projetos est\u00e1 a constru\u00e7\u00e3o de uma biorrefinaria no interior da Bahia, com capacidade para produzir mais de 20 mil barris de \u00f3leo vegetal destinados \u00e0 produ\u00e7\u00e3o de SAF e diesel renov\u00e1vel, compat\u00edveis com a frota a\u00e9rea atual.<\/p>\n<p>O programa tamb\u00e9m passou a financiar projetos de adapta\u00e7\u00e3o clim\u00e1tica, incluindo a moderniza\u00e7\u00e3o da infraestrutura el\u00e9trica em estados como Bahia, S\u00e3o Paulo e Mato Grosso do Sul. A iniciativa prev\u00ea o aterramento de linhas vulner\u00e1veis a eventos extremos, como chuvas intensas e ventos fortes, para reduzir interrup\u00e7\u00f5es no fornecimento de energia, por exemplo.<\/p>\n","protected":false},"excerpt":{"rendered":"<p>O Brasil est\u00e1 autorizado a contratar cr\u00e9dito externo de at\u00e9 US$ 1 bilh\u00e3o com o Banco Interamericano de Desenvolvimento (BID) para\u00a0investir em uma das principais iniciativas de acelera\u00e7\u00e3o e transi\u00e7\u00e3o ecol\u00f3gica sustent\u00e1vel nos pr\u00f3ximos anos, o Eco Invest Brasil. De acordo com despacho do Minist\u00e9rio da Fazenda publicado nesta sexta-feira (4),\u00a0a contrata\u00e7\u00e3o foi aprovada ap\u00f3s [&hellip;]<\/p>\n","protected":false},"author":15,"featured_media":21670,"comment_status":"open","ping_status":"open","sticky":false,"template":"","format":"standard","meta":{"site-sidebar-layout":"default","site-content-layout":"","ast-site-content-layout":"","site-content-style":"default","site-sidebar-style":"default","ast-global-header-display":"","ast-banner-title-visibility":"","ast-main-header-display":"","ast-hfb-above-header-display":"","ast-hfb-below-header-display":"","ast-hfb-mobile-header-display":"","site-post-title":"","ast-breadcrumbs-content":"","ast-featured-img":"","footer-sml-layout":"","theme-transparent-header-meta":"","adv-header-id-meta":"","stick-header-meta":"","header-above-stick-meta":"","header-main-stick-meta":"","header-below-stick-meta":"","astra-migrate-meta-layouts":"default","ast-page-background-enabled":"default","ast-page-background-meta":{"desktop":{"background-color":"var(--ast-global-color-4)","background-image":"","background-repeat":"repeat","background-position":"center center","background-size":"auto","background-attachment":"scroll","background-type":"","background-media":"","overlay-type":"","overlay-color":"","overlay-opacity":"","overlay-gradient":""},"tablet":{"background-color":"","background-image":"","background-repeat":"repeat","background-position":"center center","background-size":"auto","background-attachment":"scroll","background-type":"","background-media":"","overlay-type":"","overlay-color":"","overlay-opacity":"","overlay-gradient":""},"mobile":{"background-color":"","background-image":"","background-repeat":"repeat","background-position":"center center","background-size":"auto","background-attachment":"scroll","background-type":"","background-media":"","overlay-type":"","overlay-color":"","overlay-opacity":"","overlay-gradient":""}},"ast-content-background-meta":{"desktop":{"background-color":"var(--ast-global-color-5)","background-image":"","background-repeat":"repeat","background-position":"center center","background-size":"auto","background-attachment":"scroll","background-type":"","background-media":"","overlay-type":"","overlay-color":"","overlay-opacity":"","overlay-gradient":""},"tablet":{"background-color":"var(--ast-global-color-5)","background-image":"","background-repeat":"repeat","background-position":"center center","background-size":"auto","background-attachment":"scroll","background-type":"","background-media":"","overlay-type":"","overlay-color":"","overlay-opacity":"","overlay-gradient":""},"mobile":{"background-color":"var(--ast-global-color-5)","background-image":"","background-repeat":"repeat","background-position":"center center","background-size":"auto","background-attachment":"scroll","background-type":"","background-media":"","overlay-type":"","overlay-color":"","overlay-opacity":"","overlay-gradient":""}},"footnotes":""},"categories":[126],"tags":[],"class_list":["post-21669","post","type-post","status-publish","format-standard","has-post-thumbnail","hentry","category-policial"],"_links":{"self":[{"href":"https:\/\/jornalregionalms.com.br\/index.php?rest_route=\/wp\/v2\/posts\/21669","targetHints":{"allow":["GET"]}}],"collection":[{"href":"https:\/\/jornalregionalms.com.br\/index.php?rest_route=\/wp\/v2\/posts"}],"about":[{"href":"https:\/\/jornalregionalms.com.br\/index.php?rest_route=\/wp\/v2\/types\/post"}],"author":[{"embeddable":true,"href":"https:\/\/jornalregionalms.com.br\/index.php?rest_route=\/wp\/v2\/users\/15"}],"replies":[{"embeddable":true,"href":"https:\/\/jornalregionalms.com.br\/index.php?rest_route=%2Fwp%2Fv2%2Fcomments&post=21669"}],"version-history":[{"count":0,"href":"https:\/\/jornalregionalms.com.br\/index.php?rest_route=\/wp\/v2\/posts\/21669\/revisions"}],"wp:featuredmedia":[{"embeddable":true,"href":"https:\/\/jornalregionalms.com.br\/index.php?rest_route=\/wp\/v2\/media\/21670"}],"wp:attachment":[{"href":"https:\/\/jornalregionalms.com.br\/index.php?rest_route=%2Fwp%2Fv2%2Fmedia&parent=21669"}],"wp:term":[{"taxonomy":"category","embeddable":true,"href":"https:\/\/jornalregionalms.com.br\/index.php?rest_route=%2Fwp%2Fv2%2Fcategories&post=21669"},{"taxonomy":"post_tag","embeddable":true,"href":"https:\/\/jornalregionalms.com.br\/index.php?rest_route=%2Fwp%2Fv2%2Ftags&post=21669"}],"curies":[{"name":"wp","href":"https:\/\/api.w.org\/{rel}","templated":true}]}}